{"id":27843,"date":"2018-08-16T15:11:36","date_gmt":"2018-08-16T18:11:36","guid":{"rendered":"http:\/\/www.riogrande.rs.gov.br\/smed\/?p=27843"},"modified":"2018-08-16T15:12:52","modified_gmt":"2018-08-16T18:12:52","slug":"projeto-prefeito-na-escola-chega-ao-bairro-parque-marinha","status":"publish","type":"post","link":"https:\/\/www.riogrande.rs.gov.br\/smed\/?p=27843","title":{"rendered":"PROJETO PREFEITO NA ESCOLA CHEGA AO BAIRRO PARQUE MARINHA"},"content":{"rendered":"\n\t\t<style type=\"text\/css\">\n\t\t\t#gallery-1 {\n\t\t\t\tmargin: auto;\n\t\t\t}\n\t\t\t#gallery-1 .gallery-item {\n\t\t\t\tfloat: left;\n\t\t\t\tmargin-top: 10px;\n\t\t\t\ttext-align: center;\n\t\t\t\twidth: 50%;\n\t\t\t}\n\t\t\t#gallery-1 img {\n\t\t\t\tborder: 2px solid #cfcfcf;\n\t\t\t}\n\t\t\t#gallery-1 .gallery-caption {\n\t\t\t\tmargin-left: 0;\n\t\t\t}\n\t\t\t\/* see gallery_shortcode() in wp-includes\/media.php *\/\n\t\t<\/style>\n\t\t<div id='gallery-1' class='gallery galleryid-27843 gallery-columns-2 gallery-size-thumbnail'><dl class='gallery-item'>\n\t\t\t<dt class='gallery-icon landscape'>\n\t\t\t\t<a href='https:\/\/www.riogrande.rs.gov.br\/smed\/wp-content\/uploads\/2018\/08\/20180816-pmrg1.jpg' rel=\"lightbox[27843]\"><img loading=\"lazy\" decoding=\"async\" width=\"150\" height=\"150\" src=\"https:\/\/www.riogrande.rs.gov.br\/smed\/wp-content\/uploads\/2018\/08\/20180816-pmrg1-150x150.jpg\" class=\"attachment-thumbnail size-thumbnail\" alt=\"\" aria-describedby=\"gallery-1-27844\" \/><\/a>\n\t\t\t<\/dt>\n\t\t\t\t<dd class='wp-caption-text gallery-caption' id='gallery-1-27844'>\n\t\t\t\tDivulga\u00e7\u00e3o\n\t\t\t\t<\/dd><\/dl><dl class='gallery-item'>\n\t\t\t<dt class='gallery-icon landscape'>\n\t\t\t\t<a href='https:\/\/www.riogrande.rs.gov.br\/smed\/wp-content\/uploads\/2018\/08\/20180816-pmrg2.jpg' rel=\"lightbox[27843]\"><img loading=\"lazy\" decoding=\"async\" width=\"150\" height=\"150\" src=\"https:\/\/www.riogrande.rs.gov.br\/smed\/wp-content\/uploads\/2018\/08\/20180816-pmrg2-150x150.jpg\" class=\"attachment-thumbnail size-thumbnail\" alt=\"\" aria-describedby=\"gallery-1-27845\" \/><\/a>\n\t\t\t<\/dt>\n\t\t\t\t<dd class='wp-caption-text gallery-caption' id='gallery-1-27845'>\n\t\t\t\tDivulga\u00e7\u00e3o\n\t\t\t\t<\/dd><\/dl><br style=\"clear: both\" \/><dl class='gallery-item'>\n\t\t\t<dt class='gallery-icon landscape'>\n\t\t\t\t<a href='https:\/\/www.riogrande.rs.gov.br\/smed\/wp-content\/uploads\/2018\/08\/20180816-pmrg3.jpg' rel=\"lightbox[27843]\"><img loading=\"lazy\" decoding=\"async\" width=\"150\" height=\"150\" src=\"https:\/\/www.riogrande.rs.gov.br\/smed\/wp-content\/uploads\/2018\/08\/20180816-pmrg3-150x150.jpg\" class=\"attachment-thumbnail size-thumbnail\" alt=\"\" aria-describedby=\"gallery-1-27846\" \/><\/a>\n\t\t\t<\/dt>\n\t\t\t\t<dd class='wp-caption-text gallery-caption' id='gallery-1-27846'>\n\t\t\t\tDivulga\u00e7\u00e3o\n\t\t\t\t<\/dd><\/dl><dl class='gallery-item'>\n\t\t\t<dt class='gallery-icon landscape'>\n\t\t\t\t<a href='https:\/\/www.riogrande.rs.gov.br\/smed\/wp-content\/uploads\/2018\/08\/20180816-pmrg4.jpg' rel=\"lightbox[27843]\"><img loading=\"lazy\" decoding=\"async\" width=\"150\" height=\"150\" src=\"https:\/\/www.riogrande.rs.gov.br\/smed\/wp-content\/uploads\/2018\/08\/20180816-pmrg4-150x150.jpg\" class=\"attachment-thumbnail size-thumbnail\" alt=\"\" aria-describedby=\"gallery-1-27847\" \/><\/a>\n\t\t\t<\/dt>\n\t\t\t\t<dd class='wp-caption-text gallery-caption' id='gallery-1-27847'>\n\t\t\t\tDivulga\u00e7\u00e3o\n\t\t\t\t<\/dd><\/dl><br style=\"clear: both\" \/><dl class='gallery-item'>\n\t\t\t<dt class='gallery-icon landscape'>\n\t\t\t\t<a href='https:\/\/www.riogrande.rs.gov.br\/smed\/wp-content\/uploads\/2018\/08\/20180816-pmrg5.jpg' rel=\"lightbox[27843]\"><img loading=\"lazy\" decoding=\"async\" width=\"150\" height=\"150\" src=\"https:\/\/www.riogrande.rs.gov.br\/smed\/wp-content\/uploads\/2018\/08\/20180816-pmrg5-150x150.jpg\" class=\"attachment-thumbnail size-thumbnail\" alt=\"\" aria-describedby=\"gallery-1-27848\" \/><\/a>\n\t\t\t<\/dt>\n\t\t\t\t<dd class='wp-caption-text gallery-caption' id='gallery-1-27848'>\n\t\t\t\tDivulga\u00e7\u00e3o\n\t\t\t\t<\/dd><\/dl><dl class='gallery-item'>\n\t\t\t<dt class='gallery-icon landscape'>\n\t\t\t\t<a href='https:\/\/www.riogrande.rs.gov.br\/smed\/wp-content\/uploads\/2018\/08\/20180816-pmrg6.jpg' rel=\"lightbox[27843]\"><img loading=\"lazy\" decoding=\"async\" width=\"150\" height=\"150\" src=\"https:\/\/www.riogrande.rs.gov.br\/smed\/wp-content\/uploads\/2018\/08\/20180816-pmrg6-150x150.jpg\" class=\"attachment-thumbnail size-thumbnail\" alt=\"\" aria-describedby=\"gallery-1-27849\" \/><\/a>\n\t\t\t<\/dt>\n\t\t\t\t<dd class='wp-caption-text gallery-caption' id='gallery-1-27849'>\n\t\t\t\tDivulga\u00e7\u00e3o\n\t\t\t\t<\/dd><\/dl><br style=\"clear: both\" \/><dl class='gallery-item'>\n\t\t\t<dt class='gallery-icon landscape'>\n\t\t\t\t<a href='https:\/\/www.riogrande.rs.gov.br\/smed\/wp-content\/uploads\/2018\/08\/20180816-pmrg7.jpg' rel=\"lightbox[27843]\"><img loading=\"lazy\" decoding=\"async\" width=\"150\" height=\"150\" src=\"https:\/\/www.riogrande.rs.gov.br\/smed\/wp-content\/uploads\/2018\/08\/20180816-pmrg7-150x150.jpg\" class=\"attachment-thumbnail size-thumbnail\" alt=\"\" aria-describedby=\"gallery-1-27850\" \/><\/a>\n\t\t\t<\/dt>\n\t\t\t\t<dd class='wp-caption-text gallery-caption' id='gallery-1-27850'>\n\t\t\t\tDivulga\u00e7\u00e3o\n\t\t\t\t<\/dd><\/dl><dl class='gallery-item'>\n\t\t\t<dt class='gallery-icon landscape'>\n\t\t\t\t<a href='https:\/\/www.riogrande.rs.gov.br\/smed\/wp-content\/uploads\/2018\/08\/20180816-pmrg8.jpg' rel=\"lightbox[27843]\"><img loading=\"lazy\" decoding=\"async\" width=\"150\" height=\"150\" src=\"https:\/\/www.riogrande.rs.gov.br\/smed\/wp-content\/uploads\/2018\/08\/20180816-pmrg8-150x150.jpg\" class=\"attachment-thumbnail size-thumbnail\" alt=\"\" aria-describedby=\"gallery-1-27851\" \/><\/a>\n\t\t\t<\/dt>\n\t\t\t\t<dd class='wp-caption-text gallery-caption' id='gallery-1-27851'>\n\t\t\t\tDivulga\u00e7\u00e3o\n\t\t\t\t<\/dd><\/dl><br style=\"clear: both\" \/>\n\t\t<\/div>\n\n<p>Fonte: <a href=\"http:\/\/www.riogrande.rs.gov.br\/pagina\/index.php\/noticias\/detalhes+4119f0,,projeto-prefeito-na-escola-chega-ao-bairro-parque-marinha.html#.W3W9pvpv9xB\" target=\"_blank\" rel=\"noopener\"><strong>www.riogrande.rs.gov.br<\/strong><\/a><\/p>\n<p class=\"sizeable\" style=\"text-align: justify;\">O projeto Prefeito na Escola chegou ao bairro Parque Marinha. Na tarde ensolarada da \u00faltima quarta-feira (15), Alexandre e a primeira-dama, Eunice Lindenmeyer, estiveram na Escola Municipal de Educa\u00e7\u00e3o Infantil Eva Mann, onde foram recepcionados pela dire\u00e7\u00e3o, professoras e estudantes da institui\u00e7\u00e3o de ensino.<\/p>\n<p><!--more--><\/p>\n<p class=\"sizeable\" style=\"text-align: justify;\">Ap\u00f3s conhecer as instala\u00e7\u00f5es da escola, o prefeito visitou sala por sala e dialogou com funcion\u00e1rios e crian\u00e7as. Nas salas de aula, explicou as diretrizes do programa Rio Grande ComVida para os pequenos, destacando valores como o respeito ao pr\u00f3ximo, \u00e0 diversidade, a import\u00e2ncia do estudo, do cuidado com a escola, no\u00e7\u00f5es sobre a separa\u00e7\u00e3o do lixo, dentre outros temas.<\/p>\n<p class=\"sizeable\" style=\"text-align: justify;\">Na companhia da Chefe de Gabinete e da Superintendente de Gest\u00e3o da Educa\u00e7\u00e3o da Secretaria de Munic\u00edpio da Educa\u00e7\u00e3o (SMEd), Adriana Carvalho e Vanessa Pimentel, respectivamente, o Chefe do Executivo tamb\u00e9m conheceu os projetos desenvolvidos pela institui\u00e7\u00e3o de ensino, como a manuten\u00e7\u00e3o de uma pequena horta escolar e o trabalho de incentivo \u00e0 alimenta\u00e7\u00e3o saud\u00e1vel com as crian\u00e7as.<\/p>\n<p class=\"sizeable\" style=\"text-align: justify;\">De acordo com a diretora Cl\u00e1udia Silva, a EMEI atende 247 crian\u00e7as de 3 a 5 anos. Silva trabalha h\u00e1 duas d\u00e9cadas na escola, 13 como diretora. A dedica\u00e7\u00e3o, o trabalho realizado junto \u00e0 comunidade e o esfor\u00e7o di\u00e1rio pela educa\u00e7\u00e3o dos pequenos estudantes \u00e9 recompensada dia a dia e possui o reconhecimento de todos no bairro. \u201c<strong>Para n\u00f3s \u00e9 maravilhoso trabalhar aqui. A comunidade apoia o nosso trabalho e possui um v\u00ednculo muito forte conosco<\/strong>\u201d, destacou.<\/p>\n<p class=\"sizeable\" style=\"text-align: justify;\">Na sua manifesta\u00e7\u00e3o a \u00a0diretora salientou, ainda, os avan\u00e7os na \u00e1rea da educa\u00e7\u00e3o infantil no munic\u00edpio e a qualidade da merenda escolar distribu\u00edda na Rede Municipal. \u201c\u00c9 uma merenda de qualidade. As crian\u00e7as adoram\u201d, refor\u00e7ou.<\/p>\n<p class=\"sizeable\" style=\"text-align: justify;\">Ao final da visita o prefeito e a primeira-dama fizeram a entrega simb\u00f3lica de novos uniformes escolares para as crian\u00e7as. O projeto Prefeito na Escola integra o cronograma de visitas de divulga\u00e7\u00e3o do programa municipal Rio Grande ComVida, que tem como objetivo valorizar as pessoas, fortalecer o sentimento de pertencimento e convidar as pessoas para o cuidado com a cidade.<\/p>\n<p>&nbsp;<\/p>\n","protected":false},"excerpt":{"rendered":"<p>Fonte: www.riogrande.rs.gov.br O projeto Prefeito na Escola chegou ao bairro Parque Marinha. Na tarde ensolarada da \u00faltima quarta-feira (15), Alexandre e a primeira-dama, Eunice Lindenmeyer, estiveram na Escola Municipal de Educa\u00e7\u00e3o Infantil Eva Mann, onde foram recepcionados pela dire\u00e7\u00e3o, professoras e estudantes da institui\u00e7\u00e3o de ensino.<\/p>\n","protected":false},"author":7,"featured_media":0,"comment_status":"closed","ping_status":"closed","sticky":false,"template":"","format":"standard","meta":{"footnotes":""},"categories":[1],"tags":[],"class_list":["post-27843","post","type-post","status-publish","format-standard","hentry","category-noticias"],"_links":{"self":[{"href":"https:\/\/www.riogrande.rs.gov.br\/smed\/index.php?rest_route=\/wp\/v2\/posts\/27843"}],"collection":[{"href":"https:\/\/www.riogrande.rs.gov.br\/smed\/index.php?rest_route=\/wp\/v2\/posts"}],"about":[{"href":"https:\/\/www.riogrande.rs.gov.br\/smed\/index.php?rest_route=\/wp\/v2\/types\/post"}],"author":[{"embeddable":true,"href":"https:\/\/www.riogrande.rs.gov.br\/smed\/index.php?rest_route=\/wp\/v2\/users\/7"}],"replies":[{"embeddable":true,"href":"https:\/\/www.riogrande.rs.gov.br\/smed\/index.php?rest_route=%2Fwp%2Fv2%2Fcomments&post=27843"}],"version-history":[{"count":3,"href":"https:\/\/www.riogrande.rs.gov.br\/smed\/index.php?rest_route=\/wp\/v2\/posts\/27843\/revisions"}],"predecessor-version":[{"id":27854,"href":"https:\/\/www.riogrande.rs.gov.br\/smed\/index.php?rest_route=\/wp\/v2\/posts\/27843\/revisions\/27854"}],"wp:attachment":[{"href":"https:\/\/www.riogrande.rs.gov.br\/smed\/index.php?rest_route=%2Fwp%2Fv2%2Fmedia&parent=27843"}],"wp:term":[{"taxonomy":"category","embeddable":true,"href":"https:\/\/www.riogrande.rs.gov.br\/smed\/index.php?rest_route=%2Fwp%2Fv2%2Fcategories&post=27843"},{"taxonomy":"post_tag","embeddable":true,"href":"https:\/\/www.riogrande.rs.gov.br\/smed\/index.php?rest_route=%2Fwp%2Fv2%2Ftags&post=27843"}],"curies":[{"name":"wp","href":"https:\/\/api.w.org\/{rel}","templated":true}]}}