{"id":27835,"date":"2018-08-16T14:56:36","date_gmt":"2018-08-16T17:56:36","guid":{"rendered":"http:\/\/www.riogrande.rs.gov.br\/smed\/?p=27835"},"modified":"2018-08-16T23:19:03","modified_gmt":"2018-08-17T02:19:03","slug":"smed-promovera-curso-de-violao-e-musicalizacao-para-professores-da-educacao-infantil","status":"publish","type":"post","link":"https:\/\/www.riogrande.rs.gov.br\/smed\/?p=27835","title":{"rendered":"SMEd promover\u00e1 &#8220;Curso de Viol\u00e3o e Musicaliza\u00e7\u00e3o para Professores da Educa\u00e7\u00e3o Infantil&#8221;"},"content":{"rendered":"<p style=\"text-align: justify;\">A Secretaria de Munic\u00edpio da Educa\u00e7\u00e3o de Rio Grande (SMEd), atrav\u00e9s do N\u00facleo de Educa\u00e7\u00e3o Infantil e em parceria com a Faculdade de Educa\u00e7\u00e3o e o Centro de Artes da Universidade Federal de Pelotas, promover\u00e1 \u201c<b>Curso de Viol\u00e3o e Musicaliza\u00e7\u00e3o<\/b>\u201d para Professores da Educa\u00e7\u00e3o Infantil que atuam nas escolas da rede p\u00fablica municipal de ensino.<\/p>\n<p style=\"text-align: justify;\"><!--more--><\/p>\n<p style=\"text-align: justify;\">O Curso tem por objetivo a realiza\u00e7\u00e3o de aulas coletivas b\u00e1sicas de teoria e pr\u00e1tica de viol\u00e3o como instrumento acompanhador de can\u00e7\u00f5es folcl\u00f3ricas e infantis, al\u00e9m de no\u00e7\u00f5es b\u00e1sicas de musicaliza\u00e7\u00e3o e educa\u00e7\u00e3o musical. Ser\u00e3o realizados 8 encontros, com dura\u00e7\u00e3o de 2 horas cada, uma vez por semana, totalizando 16 horas de forma\u00e7\u00e3o, envolvendo atividades de percep\u00e7\u00e3o, aprecia\u00e7\u00e3o, composi\u00e7\u00e3o e desempenho musical. Tamb\u00e9m fazem parte do Curso, 4 horas de atividades complementares. O in\u00edcio do Curso acontecer\u00e1 no dia <b>22 de agosto<\/b>, <b>\u00e0s 19h<\/b>, na <strong>EMEF<\/strong> <b>Helena Small<\/b>, rua Bar\u00e3o de Cotegipe, 155.<\/p>\n<p style=\"text-align: justify;\">Ser\u00e3o disponibilizadas <b>30 vagas<\/b>, exclusivamente para os professores que atuam na Educa\u00e7\u00e3o Infantil. As inscri\u00e7\u00f5es dever\u00e3o ser realizadas atrav\u00e9s do endere\u00e7o eletr\u00f4nico<strong><a href=\"http:\/\/www.riogrande.rs.gov.br\/smed\" target=\"_blank\" rel=\"noopener\"> www.riogrande.rs.gov.br\/smed<\/a><\/strong>, no per\u00edodo de <b>16 a 21 de agosto<\/b>, atrav\u00e9s do <strong><a href=\"https:\/\/docs.google.com\/forms\/d\/e\/1FAIpQLSfLOkzgWGSMlSwUZvIdVlVm3Pfd_qkQ3NCBgAqxwbhj8eyFMw\/viewform\" target=\"_blank\" rel=\"noopener\">link<\/a><br \/>\n<\/strong><\/p>\n<p>&nbsp;<\/p>\n<p style=\"text-align: right;\"><em>SMEd<\/em><br \/>\n<em>Roberton Reis<\/em><br \/>\n<em>Com informa\u00e7\u00f5es do N\u00facleo de Educa\u00e7\u00e3o Infantil<\/em><\/p>\n","protected":false},"excerpt":{"rendered":"<p>A Secretaria de Munic\u00edpio da Educa\u00e7\u00e3o de Rio Grande (SMEd), atrav\u00e9s do N\u00facleo de Educa\u00e7\u00e3o Infantil e em parceria com a Faculdade de Educa\u00e7\u00e3o e o Centro de Artes da Universidade Federal de Pelotas, promover\u00e1 \u201cCurso de Viol\u00e3o e Musicaliza\u00e7\u00e3o\u201d para Professores da Educa\u00e7\u00e3o Infantil que atuam nas escolas da rede p\u00fablica municipal de ensino.<\/p>\n","protected":false},"author":7,"featured_media":0,"comment_status":"closed","ping_status":"closed","sticky":false,"template":"","format":"standard","meta":{"footnotes":""},"categories":[1,13],"tags":[],"class_list":["post-27835","post","type-post","status-publish","format-standard","hentry","category-noticias","category-pedagogico"],"_links":{"self":[{"href":"https:\/\/www.riogrande.rs.gov.br\/smed\/index.php?rest_route=\/wp\/v2\/posts\/27835"}],"collection":[{"href":"https:\/\/www.riogrande.rs.gov.br\/smed\/index.php?rest_route=\/wp\/v2\/posts"}],"about":[{"href":"https:\/\/www.riogrande.rs.gov.br\/smed\/index.php?rest_route=\/wp\/v2\/types\/post"}],"author":[{"embeddable":true,"href":"https:\/\/www.riogrande.rs.gov.br\/smed\/index.php?rest_route=\/wp\/v2\/users\/7"}],"replies":[{"embeddable":true,"href":"https:\/\/www.riogrande.rs.gov.br\/smed\/index.php?rest_route=%2Fwp%2Fv2%2Fcomments&post=27835"}],"version-history":[{"count":5,"href":"https:\/\/www.riogrande.rs.gov.br\/smed\/index.php?rest_route=\/wp\/v2\/posts\/27835\/revisions"}],"predecessor-version":[{"id":27876,"href":"https:\/\/www.riogrande.rs.gov.br\/smed\/index.php?rest_route=\/wp\/v2\/posts\/27835\/revisions\/27876"}],"wp:attachment":[{"href":"https:\/\/www.riogrande.rs.gov.br\/smed\/index.php?rest_route=%2Fwp%2Fv2%2Fmedia&parent=27835"}],"wp:term":[{"taxonomy":"category","embeddable":true,"href":"https:\/\/www.riogrande.rs.gov.br\/smed\/index.php?rest_route=%2Fwp%2Fv2%2Fcategories&post=27835"},{"taxonomy":"post_tag","embeddable":true,"href":"https:\/\/www.riogrande.rs.gov.br\/smed\/index.php?rest_route=%2Fwp%2Fv2%2Ftags&post=27835"}],"curies":[{"name":"wp","href":"https:\/\/api.w.org\/{rel}","templated":true}]}}