{"id":27829,"date":"2018-08-15T17:09:27","date_gmt":"2018-08-15T20:09:27","guid":{"rendered":"http:\/\/www.riogrande.rs.gov.br\/smed\/?p=27829"},"modified":"2018-08-15T17:09:27","modified_gmt":"2018-08-15T20:09:27","slug":"executivo-municipal-promove-5o-festival-de-esporte-educacional-especial-no-dia-31","status":"publish","type":"post","link":"https:\/\/www.riogrande.rs.gov.br\/smed\/?p=27829","title":{"rendered":"Executivo Municipal promove \u201c5\u00ba Festival de Esporte Educacional Especial\u201d no dia 31"},"content":{"rendered":"<div id=\"attachment_27830\" style=\"width: 495px\" class=\"wp-caption aligncenter\"><a href=\"http:\/\/www.riogrande.rs.gov.br\/smed\/wp-content\/uploads\/2018\/08\/20180815-educacional-image1.jpg\" rel=\"lightbox[27829]\"><img loading=\"lazy\" decoding=\"async\" aria-describedby=\"caption-attachment-27830\" class=\"size-medium wp-image-27830\" src=\"http:\/\/www.riogrande.rs.gov.br\/smed\/wp-content\/uploads\/2018\/08\/20180815-educacional-image1-485x687.jpg\" alt=\"\" width=\"485\" height=\"687\" srcset=\"https:\/\/www.riogrande.rs.gov.br\/smed\/wp-content\/uploads\/2018\/08\/20180815-educacional-image1-485x687.jpg 485w, https:\/\/www.riogrande.rs.gov.br\/smed\/wp-content\/uploads\/2018\/08\/20180815-educacional-image1-146x207.jpg 146w, https:\/\/www.riogrande.rs.gov.br\/smed\/wp-content\/uploads\/2018\/08\/20180815-educacional-image1.jpg 565w\" sizes=\"(max-width: 485px) 100vw, 485px\" \/><\/a><p id=\"caption-attachment-27830\" class=\"wp-caption-text\">Divulga\u00e7\u00e3o<\/p><\/div>\n<p style=\"text-align: justify;\"><span style=\"font-weight: 400;\">A Prefeitura Municipal do Rio Grande, atrav\u00e9s da Secretaria de Munic\u00edpio da Educa\u00e7\u00e3o (SMEd), promover\u00e1, no dia <\/span><b>31 de agosto<\/b><span style=\"font-weight: 400;\">, o \u201c<\/span><b>5\u00ba Festival de Esporte Educacional Especial<\/b><span style=\"font-weight: 400;\">\u201d, que tem por objetivo ofertar um circuito de atividades esportivas educacionais aos estudantes inclu\u00eddos das Redes Municipal e Estadual de Ensino e das Escolas Especiais da cidade do Rio Grande.<\/span><\/p>\n<p><!--more--><\/p>\n<p style=\"text-align: justify;\"><span style=\"font-weight: 400;\">O 5\u00ba Festival de Esporte Educacional Especial ser\u00e1 realizado no <\/span><b>Centro Esportivo do SESI<\/b><span style=\"font-weight: 400;\">, localizado na Rua Senador Salgado Filho, 125, das <\/span><b>9h \u00e0s 11h e das 14h30min \u00e0s 16h30min<\/b><span style=\"font-weight: 400;\">.<\/span><\/p>\n<p style=\"text-align: justify;\"><span style=\"font-weight: 400;\">A confirma\u00e7\u00e3o da participa\u00e7\u00e3o da Escola se dar\u00e1 atrav\u00e9s do envio da <\/span><a href=\"http:\/\/www.riogrande.rs.gov.br\/smed\/wp-content\/uploads\/2018\/08\/20180815-listagem_esporte_educacional.pdf\" target=\"_blank\" rel=\"noopener\"><b>Listagem dos Participantes do 5\u00ba Festival de Esporte Educacional Especial<\/b><\/a><span style=\"font-weight: 400;\">, at\u00e9 o dia 24 de agosto, contendo o nome completo dos alunos, a idade e o turno em que participar\u00e3o, para o \u00a0e-mail <\/span><a href=\"mailto:assessoriaeducacaofisica@gmail.com\" target=\"_blank\" rel=\"noopener\"><b>assessoriaeducacaofisica@gmail.com<\/b><\/a><\/p>\n<p style=\"text-align: justify;\"><span style=\"font-weight: 400;\">Para maiores informa\u00e7\u00f5es e esclarecimentos, entrar em contato com a assessora Pedag\u00f3gica de Educa\u00e7\u00e3o F\u00edsica do N\u00facleo dos Anos Finais, Leontine Santos, atrav\u00e9s do telefone (53) 98128-7026.<\/span><\/p>\n<p>&nbsp;<\/p>\n<p style=\"text-align: right;\"><em>SMEd<\/em><br \/>\n<em>Roberton Reis<\/em><br \/>\n<em>Com informa\u00e7\u00f5es da Assessoria de Educa\u00e7\u00e3o F\u00edsica<\/em><\/p>\n","protected":false},"excerpt":{"rendered":"<p>A Prefeitura Municipal do Rio Grande, atrav\u00e9s da Secretaria de Munic\u00edpio da Educa\u00e7\u00e3o (SMEd), promover\u00e1, no dia 31 de agosto, o \u201c5\u00ba Festival de Esporte Educacional Especial\u201d, que tem por objetivo ofertar um circuito de atividades esportivas educacionais aos estudantes inclu\u00eddos das Redes Municipal e Estadual de Ensino e das Escolas Especiais da cidade do [&hellip;]<\/p>\n","protected":false},"author":7,"featured_media":0,"comment_status":"closed","ping_status":"closed","sticky":false,"template":"","format":"standard","meta":{"footnotes":""},"categories":[1,13],"tags":[],"class_list":["post-27829","post","type-post","status-publish","format-standard","hentry","category-noticias","category-pedagogico"],"_links":{"self":[{"href":"https:\/\/www.riogrande.rs.gov.br\/smed\/index.php?rest_route=\/wp\/v2\/posts\/27829"}],"collection":[{"href":"https:\/\/www.riogrande.rs.gov.br\/smed\/index.php?rest_route=\/wp\/v2\/posts"}],"about":[{"href":"https:\/\/www.riogrande.rs.gov.br\/smed\/index.php?rest_route=\/wp\/v2\/types\/post"}],"author":[{"embeddable":true,"href":"https:\/\/www.riogrande.rs.gov.br\/smed\/index.php?rest_route=\/wp\/v2\/users\/7"}],"replies":[{"embeddable":true,"href":"https:\/\/www.riogrande.rs.gov.br\/smed\/index.php?rest_route=%2Fwp%2Fv2%2Fcomments&post=27829"}],"version-history":[{"count":1,"href":"https:\/\/www.riogrande.rs.gov.br\/smed\/index.php?rest_route=\/wp\/v2\/posts\/27829\/revisions"}],"predecessor-version":[{"id":27832,"href":"https:\/\/www.riogrande.rs.gov.br\/smed\/index.php?rest_route=\/wp\/v2\/posts\/27829\/revisions\/27832"}],"wp:attachment":[{"href":"https:\/\/www.riogrande.rs.gov.br\/smed\/index.php?rest_route=%2Fwp%2Fv2%2Fmedia&parent=27829"}],"wp:term":[{"taxonomy":"category","embeddable":true,"href":"https:\/\/www.riogrande.rs.gov.br\/smed\/index.php?rest_route=%2Fwp%2Fv2%2Fcategories&post=27829"},{"taxonomy":"post_tag","embeddable":true,"href":"https:\/\/www.riogrande.rs.gov.br\/smed\/index.php?rest_route=%2Fwp%2Fv2%2Ftags&post=27829"}],"curies":[{"name":"wp","href":"https:\/\/api.w.org\/{rel}","templated":true}]}}