{"id":27825,"date":"2018-08-15T15:30:21","date_gmt":"2018-08-15T18:30:21","guid":{"rendered":"http:\/\/www.riogrande.rs.gov.br\/smed\/?p=27825"},"modified":"2018-08-15T15:30:21","modified_gmt":"2018-08-15T18:30:21","slug":"festa-da-familia-da-emef-pedro-carlos-peixoto-primo-acontece-nesta-sexta-feira-17","status":"publish","type":"post","link":"https:\/\/www.riogrande.rs.gov.br\/smed\/?p=27825","title":{"rendered":"\u201cFesta da Fam\u00edlia\u201d da EMEF Pedro Carlos Peixoto Primo acontece nesta sexta-feira, 17"},"content":{"rendered":"<div id=\"attachment_27826\" style=\"width: 495px\" class=\"wp-caption aligncenter\"><a href=\"http:\/\/www.riogrande.rs.gov.br\/smed\/wp-content\/uploads\/2018\/08\/20180815-primo.jpg\" rel=\"lightbox[27825]\"><img loading=\"lazy\" decoding=\"async\" aria-describedby=\"caption-attachment-27826\" class=\"size-medium wp-image-27826\" src=\"http:\/\/www.riogrande.rs.gov.br\/smed\/wp-content\/uploads\/2018\/08\/20180815-primo-485x525.jpg\" alt=\"\" width=\"485\" height=\"525\" srcset=\"https:\/\/www.riogrande.rs.gov.br\/smed\/wp-content\/uploads\/2018\/08\/20180815-primo-485x525.jpg 485w, https:\/\/www.riogrande.rs.gov.br\/smed\/wp-content\/uploads\/2018\/08\/20180815-primo-191x207.jpg 191w, https:\/\/www.riogrande.rs.gov.br\/smed\/wp-content\/uploads\/2018\/08\/20180815-primo.jpg 720w\" sizes=\"(max-width: 485px) 100vw, 485px\" \/><\/a><p id=\"caption-attachment-27826\" class=\"wp-caption-text\">Divulga\u00e7\u00e3o<\/p><\/div>\n<p style=\"text-align: justify;\"><span style=\"font-weight: 400;\">A Escola Municipal de Ensino Fundamental <\/span><b>Pedro Carlos Peixoto Primo<\/b><span style=\"font-weight: 400;\">, que est\u00e1 localizada no bairro Quer\u00eancia, realizar\u00e1, na pr\u00f3xima sexta-feira, dia <\/span><b>17 de agosto<\/b><span style=\"font-weight: 400;\">, das <\/span><b>14h \u00e0s 17h<\/b><span style=\"font-weight: 400;\">, a \u201c<\/span><b>Festa da Fam\u00edlia<\/b><span style=\"font-weight: 400;\">\u201d, em homenagem ao dia de <\/span><span style=\"font-weight: 400;\">\u201c<\/span><b>quem cuida de mim<\/b><span style=\"font-weight: 400;\">\u201d.<\/span><span style=\"font-weight: 400;\"><!--more--><\/span><span style=\"font-weight: 400;\"><br \/>\n<\/span><span style=\"font-weight: 400;\">Confira a Programa\u00e7\u00e3o da \u201cFesta da Fam\u00edlia Peixoto Primo\u201d:<\/span><\/p>\n<ul>\n<li style=\"text-align: justify;\">Abertura: \u201cShow Musical \u2013 Voz e viol\u00e3o com Lucas Muniz;<\/li>\n<li style=\"text-align: justify;\">Coral com os alunos da Escola;<\/li>\n<li style=\"text-align: justify;\">Brech\u00f3;<\/li>\n<li style=\"text-align: justify;\">\u00a0Sorteio de brindes;<\/li>\n<li style=\"text-align: justify;\">Bolo, ch\u00e1 e coquetel;<\/li>\n<li style=\"text-align: justify;\">Confec\u00e7\u00e3o de cart\u00e3o do SUS (documentos necess\u00e1rios: carteira de identidade, CPF, certid\u00e3o de nascimento com DNV e comprovante de resid\u00eancia);<\/li>\n<li style=\"text-align: justify;\">Feira de Produtos e Servi\u00e7os da comunidade da Quer\u00eancia.<\/li>\n<\/ul>\n<p>&nbsp;<\/p>\n<p style=\"text-align: right;\"><em>SMEd<\/em><br \/>\n<em>Roberton Reis<\/em><br \/>\n<em>Com informa\u00e7\u00f5es da EMEF EMEF Pedro Carlos Peixoto Primo<\/em><\/p>\n","protected":false},"excerpt":{"rendered":"<p>A Escola Municipal de Ensino Fundamental Pedro Carlos Peixoto Primo, que est\u00e1 localizada no bairro Quer\u00eancia, realizar\u00e1, na pr\u00f3xima sexta-feira, dia 17 de agosto, das 14h \u00e0s 17h, a \u201cFesta da Fam\u00edlia\u201d, em homenagem ao dia de \u201cquem cuida de mim\u201d.<\/p>\n","protected":false},"author":7,"featured_media":0,"comment_status":"closed","ping_status":"closed","sticky":false,"template":"","format":"standard","meta":{"footnotes":""},"categories":[1,13],"tags":[],"class_list":["post-27825","post","type-post","status-publish","format-standard","hentry","category-noticias","category-pedagogico"],"_links":{"self":[{"href":"https:\/\/www.riogrande.rs.gov.br\/smed\/index.php?rest_route=\/wp\/v2\/posts\/27825"}],"collection":[{"href":"https:\/\/www.riogrande.rs.gov.br\/smed\/index.php?rest_route=\/wp\/v2\/posts"}],"about":[{"href":"https:\/\/www.riogrande.rs.gov.br\/smed\/index.php?rest_route=\/wp\/v2\/types\/post"}],"author":[{"embeddable":true,"href":"https:\/\/www.riogrande.rs.gov.br\/smed\/index.php?rest_route=\/wp\/v2\/users\/7"}],"replies":[{"embeddable":true,"href":"https:\/\/www.riogrande.rs.gov.br\/smed\/index.php?rest_route=%2Fwp%2Fv2%2Fcomments&post=27825"}],"version-history":[{"count":1,"href":"https:\/\/www.riogrande.rs.gov.br\/smed\/index.php?rest_route=\/wp\/v2\/posts\/27825\/revisions"}],"predecessor-version":[{"id":27827,"href":"https:\/\/www.riogrande.rs.gov.br\/smed\/index.php?rest_route=\/wp\/v2\/posts\/27825\/revisions\/27827"}],"wp:attachment":[{"href":"https:\/\/www.riogrande.rs.gov.br\/smed\/index.php?rest_route=%2Fwp%2Fv2%2Fmedia&parent=27825"}],"wp:term":[{"taxonomy":"category","embeddable":true,"href":"https:\/\/www.riogrande.rs.gov.br\/smed\/index.php?rest_route=%2Fwp%2Fv2%2Fcategories&post=27825"},{"taxonomy":"post_tag","embeddable":true,"href":"https:\/\/www.riogrande.rs.gov.br\/smed\/index.php?rest_route=%2Fwp%2Fv2%2Ftags&post=27825"}],"curies":[{"name":"wp","href":"https:\/\/api.w.org\/{rel}","templated":true}]}}