{"id":27823,"date":"2018-08-15T15:15:05","date_gmt":"2018-08-15T18:15:05","guid":{"rendered":"http:\/\/www.riogrande.rs.gov.br\/smed\/?p=27823"},"modified":"2018-08-15T15:15:05","modified_gmt":"2018-08-15T18:15:05","slug":"periodo-de-inscricoes-para-solicitacao-das-oficinas-do-projeto-escritas-pelo-rio-grande-iniciam-nesta-quarta-feira-15","status":"publish","type":"post","link":"https:\/\/www.riogrande.rs.gov.br\/smed\/?p=27823","title":{"rendered":"Per\u00edodo de inscri\u00e7\u00f5es para solicita\u00e7\u00e3o das Oficinas do Projeto \u201cEscritas pelo Rio Grande\u201d iniciam nesta quarta-feira, 15"},"content":{"rendered":"<p style=\"text-align: justify;\"><span style=\"font-weight: 400;\">A Secretaria de Munic\u00edpio da Educa\u00e7\u00e3o de Rio Grande (SMEd), atrav\u00e9s da Superintend\u00eancia de Gest\u00e3o Pedag\u00f3gica, informa que o per\u00edodo de inscri\u00e7\u00f5es para a solicita\u00e7\u00e3o de oficinas que comp\u00f5em o Projeto \u201c<\/span><b>Escritas pelo Rio Grande: uma cidade para se amar, cuidar e sentir<\/b><span style=\"font-weight: 400;\">\u201d, inicia nesta quarta-feira, dia 15 de agosto.<\/span><\/p>\n<p style=\"text-align: justify;\"><!--more--><\/p>\n<p style=\"text-align: justify;\"><span style=\"font-weight: 400;\">As oficinas do referido Projeto, que \u00e9 fruto <\/span><span style=\"font-weight: 400;\">da parceria entre os N\u00facleos dos Anos Iniciais, dos Anos Finais, da Educa\u00e7\u00e3o Integral, da Educa\u00e7\u00e3o de Jovens e Adultos, de Tecnologia Municipal, de Bibliotecas e de Educa\u00e7\u00e3o Ambiental e Patrimonial, ter\u00e3o como tem\u00e1tica dos encontros as quest\u00f5es referentes aos \u201c<strong>G\u00eaneros Textuais<\/strong>\u201d e ao \u201c<strong>Pertencimento<\/strong>\u201d.<\/span><\/p>\n<p style=\"text-align: justify;\"><span style=\"font-weight: 400;\">Para realizar as inscri\u00e7\u00f5es, qie ir\u00e3o at\u00e9 o dia <\/span><b>18 de agosto<\/b><span style=\"font-weight: 400;\">, basta acessar o <a href=\"https:\/\/docs.google.com\/forms\/u\/0\/d\/1YKLp_Va8GtwMHvbYLHRuWvv_5aTVK3KTogBkfX9SvPI\/edit?usp=forms_home&amp;ths=true\" target=\"_blank\" rel=\"noopener\"><strong>link<\/strong><\/a>\u00a0<\/span><span style=\"font-weight: 400;\">dispon\u00edvel na p\u00e1gina da SMEd.<\/span><\/p>\n<p>&nbsp;<\/p>\n<p style=\"text-align: right;\"><em>SMEd<\/em><br \/>\n<em>Roberton Reis<\/em><\/p>\n","protected":false},"excerpt":{"rendered":"<p>A Secretaria de Munic\u00edpio da Educa\u00e7\u00e3o de Rio Grande (SMEd), atrav\u00e9s da Superintend\u00eancia de Gest\u00e3o Pedag\u00f3gica, informa que o per\u00edodo de inscri\u00e7\u00f5es para a solicita\u00e7\u00e3o de oficinas que comp\u00f5em o Projeto \u201cEscritas pelo Rio Grande: uma cidade para se amar, cuidar e sentir\u201d, inicia nesta quarta-feira, dia 15 de agosto.<\/p>\n","protected":false},"author":7,"featured_media":0,"comment_status":"closed","ping_status":"closed","sticky":false,"template":"","format":"standard","meta":{"footnotes":""},"categories":[1,13],"tags":[],"class_list":["post-27823","post","type-post","status-publish","format-standard","hentry","category-noticias","category-pedagogico"],"_links":{"self":[{"href":"https:\/\/www.riogrande.rs.gov.br\/smed\/index.php?rest_route=\/wp\/v2\/posts\/27823"}],"collection":[{"href":"https:\/\/www.riogrande.rs.gov.br\/smed\/index.php?rest_route=\/wp\/v2\/posts"}],"about":[{"href":"https:\/\/www.riogrande.rs.gov.br\/smed\/index.php?rest_route=\/wp\/v2\/types\/post"}],"author":[{"embeddable":true,"href":"https:\/\/www.riogrande.rs.gov.br\/smed\/index.php?rest_route=\/wp\/v2\/users\/7"}],"replies":[{"embeddable":true,"href":"https:\/\/www.riogrande.rs.gov.br\/smed\/index.php?rest_route=%2Fwp%2Fv2%2Fcomments&post=27823"}],"version-history":[{"count":1,"href":"https:\/\/www.riogrande.rs.gov.br\/smed\/index.php?rest_route=\/wp\/v2\/posts\/27823\/revisions"}],"predecessor-version":[{"id":27824,"href":"https:\/\/www.riogrande.rs.gov.br\/smed\/index.php?rest_route=\/wp\/v2\/posts\/27823\/revisions\/27824"}],"wp:attachment":[{"href":"https:\/\/www.riogrande.rs.gov.br\/smed\/index.php?rest_route=%2Fwp%2Fv2%2Fmedia&parent=27823"}],"wp:term":[{"taxonomy":"category","embeddable":true,"href":"https:\/\/www.riogrande.rs.gov.br\/smed\/index.php?rest_route=%2Fwp%2Fv2%2Fcategories&post=27823"},{"taxonomy":"post_tag","embeddable":true,"href":"https:\/\/www.riogrande.rs.gov.br\/smed\/index.php?rest_route=%2Fwp%2Fv2%2Ftags&post=27823"}],"curies":[{"name":"wp","href":"https:\/\/api.w.org\/{rel}","templated":true}]}}