{"id":27820,"date":"2018-08-15T15:08:43","date_gmt":"2018-08-15T18:08:43","guid":{"rendered":"http:\/\/www.riogrande.rs.gov.br\/smed\/?p=27820"},"modified":"2018-08-15T15:08:43","modified_gmt":"2018-08-15T18:08:43","slug":"escola-de-belas-artes-heitor-de-lemos-promove-vernissage-da-artista-elis-regina-gentil-nesta-quinta-feira-16","status":"publish","type":"post","link":"https:\/\/www.riogrande.rs.gov.br\/smed\/?p=27820","title":{"rendered":"Escola de Belas Artes \u201cHeitor de Lemos\u201d promove Vernissage da Artista Elis Regina Gentil, nesta quinta-feira, 16"},"content":{"rendered":"<div id=\"attachment_27821\" style=\"width: 495px\" class=\"wp-caption aligncenter\"><a href=\"http:\/\/www.riogrande.rs.gov.br\/smed\/wp-content\/uploads\/2018\/08\/20180815-ped-ebahl.jpg\" rel=\"lightbox[27820]\"><img loading=\"lazy\" decoding=\"async\" aria-describedby=\"caption-attachment-27821\" class=\"size-medium wp-image-27821\" src=\"http:\/\/www.riogrande.rs.gov.br\/smed\/wp-content\/uploads\/2018\/08\/20180815-ped-ebahl-485x245.jpg\" alt=\"\" width=\"485\" height=\"245\" srcset=\"https:\/\/www.riogrande.rs.gov.br\/smed\/wp-content\/uploads\/2018\/08\/20180815-ped-ebahl-485x245.jpg 485w, https:\/\/www.riogrande.rs.gov.br\/smed\/wp-content\/uploads\/2018\/08\/20180815-ped-ebahl-768x389.jpg 768w, https:\/\/www.riogrande.rs.gov.br\/smed\/wp-content\/uploads\/2018\/08\/20180815-ped-ebahl-409x207.jpg 409w, https:\/\/www.riogrande.rs.gov.br\/smed\/wp-content\/uploads\/2018\/08\/20180815-ped-ebahl.jpg 1186w\" sizes=\"(max-width: 485px) 100vw, 485px\" \/><\/a><p id=\"caption-attachment-27821\" class=\"wp-caption-text\">Divulga\u00e7\u00e3o<\/p><\/div>\n<p style=\"text-align: justify;\"><span style=\"font-weight: 400;\">Nesta quinta-feira, dia <\/span><b>16 de agosto<\/b><span style=\"font-weight: 400;\">, \u00e0s <\/span><b>18h<\/b><span style=\"font-weight: 400;\">, a Galeria Breche da Escola de Belas Artes Heitor de Lemos (EBAHL) estar\u00e1 realizando <\/span><i><span style=\"font-weight: 400;\">vernissage<\/span><\/i><span style=\"font-weight: 400;\"> da escultora rio-grandina Elis Regina Gentil, que \u00e9 formada no Curso de Educa\u00e7\u00e3o Art\u00edstica da FURG. Elis Atuou como professora durante 16 anos na cidade de Porto Alegre. J\u00e1 h\u00e1 quatro anos de volta a Rio Grande, deu in\u00edcio a um projeto que procurava mostrar que \u201c<\/span><b>as \u00e1rvores que nos beneficiam com suas sombras, ainda nos proporcionam beleza mesmo depois de mortas<\/b><span style=\"font-weight: 400;\">\u201d.<\/span><\/p>\n<p style=\"text-align: justify;\"><!--more--><\/p>\n<p style=\"text-align: justify;\"><span style=\"font-weight: 400;\">A primeira exposi\u00e7\u00e3o de Elis aconteceu no ano de 2001, quando defendeu a semelhan\u00e7a do corpo humano com os troncos de \u00e1rvores. A exposi\u00e7\u00e3o que ser\u00e1 apresentada na Galeria Breche busca justamente mostrar que um tronco morto pode se transformar em arte atrav\u00e9s do olhar e do trabalho do artista. Elis faz nascer as esculturas nos troncos compondo suas pe\u00e7as atrav\u00e9s do que eles lhe sugerem, utilizando a motosserra como material e tendo como fonte de inspira\u00e7\u00e3o os escultores Jordan, Steve Blanchard, Rafael Milano, Ramsey Griffon e Hugo Fran\u00e7a.<\/span><\/p>\n<p style=\"text-align: justify;\"><span style=\"font-weight: 400;\">A Exposi\u00e7\u00e3o estar\u00e1 aberta \u00e0 visita\u00e7\u00e3o de <\/span><b>17 de agosto <\/b><span style=\"font-weight: 400;\">a<\/span><b> 05 de setembro<\/b><span style=\"font-weight: 400;\">, <\/span><b>das 8h \u00e0s 20h<\/b><span style=\"font-weight: 400;\">, na Galeria da EBAHL, que est\u00e1 localizada na rua Jockey Club,194.<\/span><\/p>\n<p style=\"text-align: right;\"><em>SMEd<\/em><br \/>\n<em>Roberton Reis<\/em><br \/>\n<em>Com informa\u00e7\u00f5es da EBAHL<\/em><\/p>\n","protected":false},"excerpt":{"rendered":"<p>Nesta quinta-feira, dia 16 de agosto, \u00e0s 18h, a Galeria Breche da Escola de Belas Artes Heitor de Lemos (EBAHL) estar\u00e1 realizando vernissage da escultora rio-grandina Elis Regina Gentil, que \u00e9 formada no Curso de Educa\u00e7\u00e3o Art\u00edstica da FURG. Elis Atuou como professora durante 16 anos na cidade de Porto Alegre. J\u00e1 h\u00e1 quatro anos [&hellip;]<\/p>\n","protected":false},"author":7,"featured_media":0,"comment_status":"closed","ping_status":"closed","sticky":false,"template":"","format":"standard","meta":{"footnotes":""},"categories":[1,13],"tags":[],"class_list":["post-27820","post","type-post","status-publish","format-standard","hentry","category-noticias","category-pedagogico"],"_links":{"self":[{"href":"https:\/\/www.riogrande.rs.gov.br\/smed\/index.php?rest_route=\/wp\/v2\/posts\/27820"}],"collection":[{"href":"https:\/\/www.riogrande.rs.gov.br\/smed\/index.php?rest_route=\/wp\/v2\/posts"}],"about":[{"href":"https:\/\/www.riogrande.rs.gov.br\/smed\/index.php?rest_route=\/wp\/v2\/types\/post"}],"author":[{"embeddable":true,"href":"https:\/\/www.riogrande.rs.gov.br\/smed\/index.php?rest_route=\/wp\/v2\/users\/7"}],"replies":[{"embeddable":true,"href":"https:\/\/www.riogrande.rs.gov.br\/smed\/index.php?rest_route=%2Fwp%2Fv2%2Fcomments&post=27820"}],"version-history":[{"count":1,"href":"https:\/\/www.riogrande.rs.gov.br\/smed\/index.php?rest_route=\/wp\/v2\/posts\/27820\/revisions"}],"predecessor-version":[{"id":27822,"href":"https:\/\/www.riogrande.rs.gov.br\/smed\/index.php?rest_route=\/wp\/v2\/posts\/27820\/revisions\/27822"}],"wp:attachment":[{"href":"https:\/\/www.riogrande.rs.gov.br\/smed\/index.php?rest_route=%2Fwp%2Fv2%2Fmedia&parent=27820"}],"wp:term":[{"taxonomy":"category","embeddable":true,"href":"https:\/\/www.riogrande.rs.gov.br\/smed\/index.php?rest_route=%2Fwp%2Fv2%2Fcategories&post=27820"},{"taxonomy":"post_tag","embeddable":true,"href":"https:\/\/www.riogrande.rs.gov.br\/smed\/index.php?rest_route=%2Fwp%2Fv2%2Ftags&post=27820"}],"curies":[{"name":"wp","href":"https:\/\/api.w.org\/{rel}","templated":true}]}}