{"id":27805,"date":"2018-08-14T14:24:07","date_gmt":"2018-08-14T17:24:07","guid":{"rendered":"http:\/\/www.riogrande.rs.gov.br\/smed\/?p=27805"},"modified":"2018-08-14T14:24:07","modified_gmt":"2018-08-14T17:24:07","slug":"ebahl-inverno-cultural-2018-acontece-de-20-a-24-de-agosto","status":"publish","type":"post","link":"https:\/\/www.riogrande.rs.gov.br\/smed\/?p=27805","title":{"rendered":"EBAHL: \u201cInverno Cultural 2018\u201d acontece de 20 a 24 de agosto"},"content":{"rendered":"<p style=\"text-align: justify;\">A Secretaria de Munic\u00edpio da Educa\u00e7\u00e3o de Rio Grande (SMEd), atrav\u00e9s da parceria entre a Escola de Belas Artes Heitor de Lemos (EBAHL) e o Partage Shopping Rio Grande, divulga a <a href=\"http:\/\/www.riogrande.rs.gov.br\/smed\/wp-content\/uploads\/2018\/08\/20180814-ped-ebahl.pdf\" target=\"_blank\" rel=\"noopener\"><b>programa\u00e7\u00e3o <\/b><\/a>completa do \u201c<b>Inverno Cultural 2018<\/b>\u201d, que acontecer\u00e1 de <b>20 a 24 de agosto<\/b>, com a \u201c<b>Mostra Coletiva dos Alunos de Artes Pl\u00e1sticas<\/b>\u201d da Escola. As apresenta\u00e7\u00f5es iniciar\u00e3o sempre \u00e0s <b>20h<\/b>.<\/p>\n<p style=\"text-align: right;\">\n<p style=\"text-align: right;\"><em>SMEd<\/em><br \/>\n<em>Roberton Reis<\/em><br \/>\n<em>Com informa\u00e7\u00f5es da EBAHL<\/em><\/p>\n","protected":false},"excerpt":{"rendered":"<p>A Secretaria de Munic\u00edpio da Educa\u00e7\u00e3o de Rio Grande (SMEd), atrav\u00e9s da parceria entre a Escola de Belas Artes Heitor de Lemos (EBAHL) e o Partage Shopping Rio Grande, divulga a programa\u00e7\u00e3o completa do \u201cInverno Cultural 2018\u201d, que acontecer\u00e1 de 20 a 24 de agosto, com a \u201cMostra Coletiva dos Alunos de Artes Pl\u00e1sticas\u201d da [&hellip;]<\/p>\n","protected":false},"author":7,"featured_media":0,"comment_status":"closed","ping_status":"closed","sticky":false,"template":"","format":"standard","meta":{"footnotes":""},"categories":[1,13],"tags":[],"class_list":["post-27805","post","type-post","status-publish","format-standard","hentry","category-noticias","category-pedagogico"],"_links":{"self":[{"href":"https:\/\/www.riogrande.rs.gov.br\/smed\/index.php?rest_route=\/wp\/v2\/posts\/27805"}],"collection":[{"href":"https:\/\/www.riogrande.rs.gov.br\/smed\/index.php?rest_route=\/wp\/v2\/posts"}],"about":[{"href":"https:\/\/www.riogrande.rs.gov.br\/smed\/index.php?rest_route=\/wp\/v2\/types\/post"}],"author":[{"embeddable":true,"href":"https:\/\/www.riogrande.rs.gov.br\/smed\/index.php?rest_route=\/wp\/v2\/users\/7"}],"replies":[{"embeddable":true,"href":"https:\/\/www.riogrande.rs.gov.br\/smed\/index.php?rest_route=%2Fwp%2Fv2%2Fcomments&post=27805"}],"version-history":[{"count":1,"href":"https:\/\/www.riogrande.rs.gov.br\/smed\/index.php?rest_route=\/wp\/v2\/posts\/27805\/revisions"}],"predecessor-version":[{"id":27807,"href":"https:\/\/www.riogrande.rs.gov.br\/smed\/index.php?rest_route=\/wp\/v2\/posts\/27805\/revisions\/27807"}],"wp:attachment":[{"href":"https:\/\/www.riogrande.rs.gov.br\/smed\/index.php?rest_route=%2Fwp%2Fv2%2Fmedia&parent=27805"}],"wp:term":[{"taxonomy":"category","embeddable":true,"href":"https:\/\/www.riogrande.rs.gov.br\/smed\/index.php?rest_route=%2Fwp%2Fv2%2Fcategories&post=27805"},{"taxonomy":"post_tag","embeddable":true,"href":"https:\/\/www.riogrande.rs.gov.br\/smed\/index.php?rest_route=%2Fwp%2Fv2%2Ftags&post=27805"}],"curies":[{"name":"wp","href":"https:\/\/api.w.org\/{rel}","templated":true}]}}