{"id":27762,"date":"2018-08-10T14:07:19","date_gmt":"2018-08-10T17:07:19","guid":{"rendered":"http:\/\/www.riogrande.rs.gov.br\/smed\/?p=27762"},"modified":"2018-08-10T14:10:00","modified_gmt":"2018-08-10T17:10:00","slug":"emef-clemente-pinto-promove-feira-do-livro-neste-sabado-dia-11","status":"publish","type":"post","link":"https:\/\/www.riogrande.rs.gov.br\/smed\/?p=27762","title":{"rendered":"EMEF Clemente Pinto promove \u201cFeira do Livro\u201d neste s\u00e1bado, dia 11"},"content":{"rendered":"<div id=\"attachment_27763\" style=\"width: 495px\" class=\"wp-caption aligncenter\"><a href=\"http:\/\/www.riogrande.rs.gov.br\/smed\/wp-content\/uploads\/2018\/08\/20180810-clemente.jpg\" rel=\"lightbox[27762]\"><img loading=\"lazy\" decoding=\"async\" aria-describedby=\"caption-attachment-27763\" class=\"size-medium wp-image-27763\" src=\"http:\/\/www.riogrande.rs.gov.br\/smed\/wp-content\/uploads\/2018\/08\/20180810-clemente-485x701.jpg\" alt=\"\" width=\"485\" height=\"701\" srcset=\"https:\/\/www.riogrande.rs.gov.br\/smed\/wp-content\/uploads\/2018\/08\/20180810-clemente.jpg 485w, https:\/\/www.riogrande.rs.gov.br\/smed\/wp-content\/uploads\/2018\/08\/20180810-clemente-143x207.jpg 143w\" sizes=\"(max-width: 485px) 100vw, 485px\" \/><\/a><p id=\"caption-attachment-27763\" class=\"wp-caption-text\">Divulga\u00e7\u00e3o<\/p><\/div>\n<p style=\"text-align: justify;\">A Escola Municipal de Ensino Fundamental <strong>Clemente Pinto<\/strong>, que est\u00e1 localizada no bairro Cidade Nova, realizar\u00e1, neste s\u00e1bado, dia <strong>11 de agosto<\/strong>, a partir das <strong>10h<\/strong>, a sua \u201c<strong>I Feira do Livro<\/strong>\u201d, a qual ter\u00e1 o poeta Vinicius de Moraes como patrono.<\/p>\n<p style=\"text-align: right;\"><em>SMEd<\/em><br \/>\n<em>Roberton Reis<\/em><br \/>\n<em>Com informa\u00e7\u00f5es da EMEF Clemente Pinto<\/em><\/p>\n","protected":false},"excerpt":{"rendered":"<p>A Escola Municipal de Ensino Fundamental Clemente Pinto, que est\u00e1 localizada no bairro Cidade Nova, realizar\u00e1, neste s\u00e1bado, dia 11 de agosto, a partir das 10h, a sua \u201cI Feira do Livro\u201d, a qual ter\u00e1 o poeta Vinicius de Moraes como patrono. SMEd Roberton Reis Com informa\u00e7\u00f5es da EMEF Clemente Pinto<\/p>\n","protected":false},"author":7,"featured_media":0,"comment_status":"closed","ping_status":"closed","sticky":false,"template":"","format":"standard","meta":{"footnotes":""},"categories":[1,13],"tags":[],"class_list":["post-27762","post","type-post","status-publish","format-standard","hentry","category-noticias","category-pedagogico"],"_links":{"self":[{"href":"https:\/\/www.riogrande.rs.gov.br\/smed\/index.php?rest_route=\/wp\/v2\/posts\/27762"}],"collection":[{"href":"https:\/\/www.riogrande.rs.gov.br\/smed\/index.php?rest_route=\/wp\/v2\/posts"}],"about":[{"href":"https:\/\/www.riogrande.rs.gov.br\/smed\/index.php?rest_route=\/wp\/v2\/types\/post"}],"author":[{"embeddable":true,"href":"https:\/\/www.riogrande.rs.gov.br\/smed\/index.php?rest_route=\/wp\/v2\/users\/7"}],"replies":[{"embeddable":true,"href":"https:\/\/www.riogrande.rs.gov.br\/smed\/index.php?rest_route=%2Fwp%2Fv2%2Fcomments&post=27762"}],"version-history":[{"count":1,"href":"https:\/\/www.riogrande.rs.gov.br\/smed\/index.php?rest_route=\/wp\/v2\/posts\/27762\/revisions"}],"predecessor-version":[{"id":27764,"href":"https:\/\/www.riogrande.rs.gov.br\/smed\/index.php?rest_route=\/wp\/v2\/posts\/27762\/revisions\/27764"}],"wp:attachment":[{"href":"https:\/\/www.riogrande.rs.gov.br\/smed\/index.php?rest_route=%2Fwp%2Fv2%2Fmedia&parent=27762"}],"wp:term":[{"taxonomy":"category","embeddable":true,"href":"https:\/\/www.riogrande.rs.gov.br\/smed\/index.php?rest_route=%2Fwp%2Fv2%2Fcategories&post=27762"},{"taxonomy":"post_tag","embeddable":true,"href":"https:\/\/www.riogrande.rs.gov.br\/smed\/index.php?rest_route=%2Fwp%2Fv2%2Ftags&post=27762"}],"curies":[{"name":"wp","href":"https:\/\/api.w.org\/{rel}","templated":true}]}}