{"id":27750,"date":"2018-08-09T19:40:36","date_gmt":"2018-08-09T22:40:36","guid":{"rendered":"http:\/\/www.riogrande.rs.gov.br\/smed\/?p=27750"},"modified":"2018-08-09T19:40:36","modified_gmt":"2018-08-09T22:40:36","slug":"emef-admar-correa-e-parceira-em-evento-alusivo-ao-mes-da-familia","status":"publish","type":"post","link":"https:\/\/www.riogrande.rs.gov.br\/smed\/?p=27750","title":{"rendered":"EMEF Admar Corr\u00eaa \u00e9 parceira em evento alusivo ao \u201cM\u00eas da Fam\u00edlia\u201d"},"content":{"rendered":"<p style=\"text-align: justify;\">Na pr\u00f3xima sexta-feira, dia <b>10 de agosto<\/b>, das <b>14h \u00e0s 16h<\/b>, a EMEF Admar Corr\u00eaa, a UBSF Santa Tereza, o NASF Portu\u00e1rio, a Par\u00f3quia Santa Tereza, \u00a0a EEEF Ernesto Pedroso e o Grupo de Artesanato promover\u00e3o evento alusivo ao \u201cM\u00eas da Fam\u00edlia\u201d,<\/p>\n<p style=\"text-align: justify;\"><!--more--><\/p>\n<p style=\"text-align: justify;\">Neste evento, que ser\u00e1 realizado no campo de futebol do bairro Santa Tereza, ocorrer\u00e1 a divulga\u00e7\u00e3o do \u201cGrupo de Adolescentes\u201d, al\u00e9m de \u00a0diversas atividades, como jogos, sorteio de brindes, capoeira e apresenta\u00e7\u00f5es culturais. Tamb\u00e9m ser\u00e1 fornecida \u00e1gua quente para o chimarr\u00e3o.<\/p>\n<p style=\"text-align: right;\"><em>SMEd<\/em><br \/>\n<em>Roberton Reis<\/em><br \/>\n<em>Com informa\u00e7\u00f5es da EMEF Admar Corr\u00eaa<\/em><\/p>\n","protected":false},"excerpt":{"rendered":"<p>Na pr\u00f3xima sexta-feira, dia 10 de agosto, das 14h \u00e0s 16h, a EMEF Admar Corr\u00eaa, a UBSF Santa Tereza, o NASF Portu\u00e1rio, a Par\u00f3quia Santa Tereza, \u00a0a EEEF Ernesto Pedroso e o Grupo de Artesanato promover\u00e3o evento alusivo ao \u201cM\u00eas da Fam\u00edlia\u201d,<\/p>\n","protected":false},"author":7,"featured_media":0,"comment_status":"closed","ping_status":"closed","sticky":false,"template":"","format":"standard","meta":{"footnotes":""},"categories":[1,13],"tags":[],"class_list":["post-27750","post","type-post","status-publish","format-standard","hentry","category-noticias","category-pedagogico"],"_links":{"self":[{"href":"https:\/\/www.riogrande.rs.gov.br\/smed\/index.php?rest_route=\/wp\/v2\/posts\/27750"}],"collection":[{"href":"https:\/\/www.riogrande.rs.gov.br\/smed\/index.php?rest_route=\/wp\/v2\/posts"}],"about":[{"href":"https:\/\/www.riogrande.rs.gov.br\/smed\/index.php?rest_route=\/wp\/v2\/types\/post"}],"author":[{"embeddable":true,"href":"https:\/\/www.riogrande.rs.gov.br\/smed\/index.php?rest_route=\/wp\/v2\/users\/7"}],"replies":[{"embeddable":true,"href":"https:\/\/www.riogrande.rs.gov.br\/smed\/index.php?rest_route=%2Fwp%2Fv2%2Fcomments&post=27750"}],"version-history":[{"count":1,"href":"https:\/\/www.riogrande.rs.gov.br\/smed\/index.php?rest_route=\/wp\/v2\/posts\/27750\/revisions"}],"predecessor-version":[{"id":27751,"href":"https:\/\/www.riogrande.rs.gov.br\/smed\/index.php?rest_route=\/wp\/v2\/posts\/27750\/revisions\/27751"}],"wp:attachment":[{"href":"https:\/\/www.riogrande.rs.gov.br\/smed\/index.php?rest_route=%2Fwp%2Fv2%2Fmedia&parent=27750"}],"wp:term":[{"taxonomy":"category","embeddable":true,"href":"https:\/\/www.riogrande.rs.gov.br\/smed\/index.php?rest_route=%2Fwp%2Fv2%2Fcategories&post=27750"},{"taxonomy":"post_tag","embeddable":true,"href":"https:\/\/www.riogrande.rs.gov.br\/smed\/index.php?rest_route=%2Fwp%2Fv2%2Ftags&post=27750"}],"curies":[{"name":"wp","href":"https:\/\/api.w.org\/{rel}","templated":true}]}}