{"id":27738,"date":"2018-08-08T16:29:22","date_gmt":"2018-08-08T19:29:22","guid":{"rendered":"http:\/\/www.riogrande.rs.gov.br\/smed\/?p=27738"},"modified":"2018-08-08T16:30:11","modified_gmt":"2018-08-08T19:30:11","slug":"27738","status":"publish","type":"post","link":"https:\/\/www.riogrande.rs.gov.br\/smed\/?p=27738","title":{"rendered":"ABERTURA OFICIAL DO 8\u00ba COMED RE\u00daNE MAIS DE 500 PESSOAS"},"content":{"rendered":"\n\t\t<style type=\"text\/css\">\n\t\t\t#gallery-1 {\n\t\t\t\tmargin: auto;\n\t\t\t}\n\t\t\t#gallery-1 .gallery-item {\n\t\t\t\tfloat: left;\n\t\t\t\tmargin-top: 10px;\n\t\t\t\ttext-align: center;\n\t\t\t\twidth: 33%;\n\t\t\t}\n\t\t\t#gallery-1 img {\n\t\t\t\tborder: 2px solid #cfcfcf;\n\t\t\t}\n\t\t\t#gallery-1 .gallery-caption {\n\t\t\t\tmargin-left: 0;\n\t\t\t}\n\t\t\t\/* see gallery_shortcode() in wp-includes\/media.php *\/\n\t\t<\/style>\n\t\t<div id='gallery-1' class='gallery galleryid-27738 gallery-columns-3 gallery-size-thumbnail'><dl class='gallery-item'>\n\t\t\t<dt class='gallery-icon landscape'>\n\t\t\t\t<a href='https:\/\/www.riogrande.rs.gov.br\/smed\/wp-content\/uploads\/2018\/08\/20180808-pmrg3.jpg' rel=\"lightbox[27738]\"><img loading=\"lazy\" decoding=\"async\" width=\"150\" height=\"150\" src=\"https:\/\/www.riogrande.rs.gov.br\/smed\/wp-content\/uploads\/2018\/08\/20180808-pmrg3-150x150.jpg\" class=\"attachment-thumbnail size-thumbnail\" alt=\"\" aria-describedby=\"gallery-1-27741\" \/><\/a>\n\t\t\t<\/dt>\n\t\t\t\t<dd class='wp-caption-text gallery-caption' id='gallery-1-27741'>\n\t\t\t\tCr\u00e9dito: Joanna Vaz\n\t\t\t\t<\/dd><\/dl><dl class='gallery-item'>\n\t\t\t<dt class='gallery-icon landscape'>\n\t\t\t\t<a href='https:\/\/www.riogrande.rs.gov.br\/smed\/wp-content\/uploads\/2018\/08\/20180808-pmrg2.jpg' rel=\"lightbox[27738]\"><img loading=\"lazy\" decoding=\"async\" width=\"150\" height=\"150\" src=\"https:\/\/www.riogrande.rs.gov.br\/smed\/wp-content\/uploads\/2018\/08\/20180808-pmrg2-150x150.jpg\" class=\"attachment-thumbnail size-thumbnail\" alt=\"\" aria-describedby=\"gallery-1-27740\" \/><\/a>\n\t\t\t<\/dt>\n\t\t\t\t<dd class='wp-caption-text gallery-caption' id='gallery-1-27740'>\n\t\t\t\tCr\u00e9dito: Joanna Vaz\n\t\t\t\t<\/dd><\/dl><dl class='gallery-item'>\n\t\t\t<dt class='gallery-icon landscape'>\n\t\t\t\t<a href='https:\/\/www.riogrande.rs.gov.br\/smed\/wp-content\/uploads\/2018\/08\/20180808-pmrg1.jpg' rel=\"lightbox[27738]\"><img loading=\"lazy\" decoding=\"async\" width=\"150\" height=\"150\" src=\"https:\/\/www.riogrande.rs.gov.br\/smed\/wp-content\/uploads\/2018\/08\/20180808-pmrg1-150x150.jpg\" class=\"attachment-thumbnail size-thumbnail\" alt=\"\" aria-describedby=\"gallery-1-27739\" \/><\/a>\n\t\t\t<\/dt>\n\t\t\t\t<dd class='wp-caption-text gallery-caption' id='gallery-1-27739'>\n\t\t\t\tCr\u00e9dito: Joanna Vaz\n\t\t\t\t<\/dd><\/dl><br style=\"clear: both\" \/><dl class='gallery-item'>\n\t\t\t<dt class='gallery-icon landscape'>\n\t\t\t\t<a href='https:\/\/www.riogrande.rs.gov.br\/smed\/wp-content\/uploads\/2018\/08\/20180808-pmrg4.jpg' rel=\"lightbox[27738]\"><img loading=\"lazy\" decoding=\"async\" width=\"150\" height=\"150\" src=\"https:\/\/www.riogrande.rs.gov.br\/smed\/wp-content\/uploads\/2018\/08\/20180808-pmrg4-150x150.jpg\" class=\"attachment-thumbnail size-thumbnail\" alt=\"\" aria-describedby=\"gallery-1-27742\" \/><\/a>\n\t\t\t<\/dt>\n\t\t\t\t<dd class='wp-caption-text gallery-caption' id='gallery-1-27742'>\n\t\t\t\tCr\u00e9dito: Joanna Vaz\n\t\t\t\t<\/dd><\/dl><dl class='gallery-item'>\n\t\t\t<dt class='gallery-icon landscape'>\n\t\t\t\t<a href='https:\/\/www.riogrande.rs.gov.br\/smed\/wp-content\/uploads\/2018\/08\/20180808-pmrg5.jpg' rel=\"lightbox[27738]\"><img loading=\"lazy\" decoding=\"async\" width=\"150\" height=\"150\" src=\"https:\/\/www.riogrande.rs.gov.br\/smed\/wp-content\/uploads\/2018\/08\/20180808-pmrg5-150x150.jpg\" class=\"attachment-thumbnail size-thumbnail\" alt=\"\" aria-describedby=\"gallery-1-27743\" \/><\/a>\n\t\t\t<\/dt>\n\t\t\t\t<dd class='wp-caption-text gallery-caption' id='gallery-1-27743'>\n\t\t\t\tCr\u00e9dito: Joanna Vaz\n\t\t\t\t<\/dd><\/dl><dl class='gallery-item'>\n\t\t\t<dt class='gallery-icon landscape'>\n\t\t\t\t<a href='https:\/\/www.riogrande.rs.gov.br\/smed\/wp-content\/uploads\/2018\/08\/20180808-pmrg6.jpg' rel=\"lightbox[27738]\"><img loading=\"lazy\" decoding=\"async\" width=\"150\" height=\"150\" src=\"https:\/\/www.riogrande.rs.gov.br\/smed\/wp-content\/uploads\/2018\/08\/20180808-pmrg6-150x150.jpg\" class=\"attachment-thumbnail size-thumbnail\" alt=\"\" aria-describedby=\"gallery-1-27744\" \/><\/a>\n\t\t\t<\/dt>\n\t\t\t\t<dd class='wp-caption-text gallery-caption' id='gallery-1-27744'>\n\t\t\t\tCr\u00e9dito: Joanna Vaz\n\t\t\t\t<\/dd><\/dl><br style=\"clear: both\" \/><dl class='gallery-item'>\n\t\t\t<dt class='gallery-icon landscape'>\n\t\t\t\t<a href='https:\/\/www.riogrande.rs.gov.br\/smed\/wp-content\/uploads\/2018\/08\/20180808-pmrg7.jpg' rel=\"lightbox[27738]\"><img loading=\"lazy\" decoding=\"async\" width=\"150\" height=\"150\" src=\"https:\/\/www.riogrande.rs.gov.br\/smed\/wp-content\/uploads\/2018\/08\/20180808-pmrg7-150x150.jpg\" class=\"attachment-thumbnail size-thumbnail\" alt=\"\" aria-describedby=\"gallery-1-27745\" \/><\/a>\n\t\t\t<\/dt>\n\t\t\t\t<dd class='wp-caption-text gallery-caption' id='gallery-1-27745'>\n\t\t\t\tCr\u00e9dito: Joanna Vaz\n\t\t\t\t<\/dd><\/dl><dl class='gallery-item'>\n\t\t\t<dt class='gallery-icon landscape'>\n\t\t\t\t<a href='https:\/\/www.riogrande.rs.gov.br\/smed\/wp-content\/uploads\/2018\/08\/20180808-pmrg8.jpg' rel=\"lightbox[27738]\"><img loading=\"lazy\" decoding=\"async\" width=\"150\" height=\"150\" src=\"https:\/\/www.riogrande.rs.gov.br\/smed\/wp-content\/uploads\/2018\/08\/20180808-pmrg8-150x150.jpg\" class=\"attachment-thumbnail size-thumbnail\" alt=\"\" aria-describedby=\"gallery-1-27746\" \/><\/a>\n\t\t\t<\/dt>\n\t\t\t\t<dd class='wp-caption-text gallery-caption' id='gallery-1-27746'>\n\t\t\t\tCr\u00e9dito: Joanna Vaz\n\t\t\t\t<\/dd><\/dl><dl class='gallery-item'>\n\t\t\t<dt class='gallery-icon landscape'>\n\t\t\t\t<a href='https:\/\/www.riogrande.rs.gov.br\/smed\/wp-content\/uploads\/2018\/08\/20180808-pmrg9.jpg' rel=\"lightbox[27738]\"><img loading=\"lazy\" decoding=\"async\" width=\"150\" height=\"150\" src=\"https:\/\/www.riogrande.rs.gov.br\/smed\/wp-content\/uploads\/2018\/08\/20180808-pmrg9-150x150.jpg\" class=\"attachment-thumbnail size-thumbnail\" alt=\"\" aria-describedby=\"gallery-1-27747\" \/><\/a>\n\t\t\t<\/dt>\n\t\t\t\t<dd class='wp-caption-text gallery-caption' id='gallery-1-27747'>\n\t\t\t\tCr\u00e9dito: Joanna Vaz\n\t\t\t\t<\/dd><\/dl><br style=\"clear: both\" \/>\n\t\t<\/div>\n\n<p style=\"text-align: justify;\">Fonte: <a href=\"http:\/\/www.riogrande.rs.gov.br\/pagina\/index.php\/noticias\/detalhes+40ca4d,,abertura-oficial-do-8-comed-reune-mais-de-500-pessoas.html#.W2tCvK0lHGJ\" target=\"_blank\" rel=\"noopener\"><strong>www.riogrande.rs.gov.br<\/strong><\/a><\/p>\n<p class=\"sizeable\" style=\"text-align: justify;\">Uma oportunidade de encontro para reflex\u00f5es, di\u00e1logos, avalia\u00e7\u00f5es e proposi\u00e7\u00f5es em torno de um tema fundamental: a educa\u00e7\u00e3o. Este \u00e9 o objetivo principal do <strong>8\u00ba\u00a0Congresso Municipal de Educa\u00e7\u00e3o<\/strong> (COMED), promovido pela Prefeitura Municipal do Rio Grande, atrav\u00e9s da Secretaria de Munic\u00edpio da Educa\u00e7\u00e3o, que ocorreu na manh\u00e3 desta quarta-feira (8), no Cidec-sul da Universidade Federal do Rio Grande (FURG). A abertura oficial contou com a presen\u00e7a de mais de 500 pessoas, entre professores, professoras, estudantes e familiares.<\/p>\n<p><!--more--><\/p>\n<p class=\"sizeable\" style=\"text-align: justify;\">Neste ano, com o tema \u201c<strong>Escola ComVida: Entrela\u00e7ando Saberes na Constru\u00e7\u00e3o do Curr\u00edculo<\/strong>\u201d, a edi\u00e7\u00e3o representa um marco importante na Rede Municipal de Ensino, pois pretende aprofundar,ao longo do evento, a discuss\u00e3o sobre como os curr\u00edculos das escolas municipais v\u00eam sendo constru\u00eddos, a formula\u00e7\u00e3o das Diretrizes Curriculares Municipais e sobre o papel democr\u00e1tico e aut\u00f4nomo das escolas na elabora\u00e7\u00e3o e implementa\u00e7\u00e3o de seus curr\u00edculos e projetos pedag\u00f3gicos.<\/p>\n<p class=\"sizeable\" style=\"text-align: justify;\">O Congresso Municipal de Educa\u00e7\u00e3o est\u00e1 previsto na Lei Municipal n\u00b0 5.332\/1999, como um f\u00f3rum de fomento e discuss\u00e3o dos princ\u00edpios norteadores das a\u00e7\u00f5es das escolas do munic\u00edpio, com edi\u00e7\u00e3o bianual.<\/p>\n<p class=\"sizeable\" style=\"text-align: justify;\">O curr\u00edculo escolar configura-se como o eixo central que engaja todo o processo educacional de uma escola. O movimento entre ensinar e aprender est\u00e1 necessariamente atrelado ao curr\u00edculo, sendo imprescind\u00edvel a aten\u00e7\u00e3o da escola em organizar esses processos, no intuito de orientar as a\u00e7\u00f5es dos professores e professoras nos diferentes n\u00edveis de ensino.<\/p>\n<p class=\"sizeable\" style=\"text-align: justify;\">O Prefeito Alexandre Lindenmeyer destacou aos presentes que, desde 2013, uma das prioridades do governo tem sido a educa\u00e7\u00e3o. <strong>\u201cEu acho que ao longo desses anos, com a participa\u00e7\u00e3o de todos os trabalhadores e trabalhadoras em educa\u00e7\u00e3o, com a participa\u00e7\u00e3o das fam\u00edlias acompanhando todo o processo de discuss\u00e3o, atrav\u00e9s dos congressos e das nossas escolas, eu n\u00e3o tenho d\u00favida nenhuma de que n\u00f3s avan\u00e7amos em rela\u00e7\u00e3o a v\u00e1rias pautas, n\u00e3o s\u00f3 dos trabalhadores e trabalhadoras mas, especialmente na qualidade do ensino que \u00e9 oportunizado pela escola p\u00fablica municipal<\/strong>\u201d, destacou.<\/p>\n<p class=\"sizeable\" style=\"text-align: justify;\">O Secret\u00e1rio de Munic\u00edpio da Educa\u00e7\u00e3o, Andr\u00e9 Lemes, cumprimentou todos os presentes e parabenizou a organiza\u00e7\u00e3o do evento por mais uma edi\u00e7\u00e3o de sucesso. \u201c<strong>Desde os \u00faltimos tr\u00eas congressos, que aconteceram na gest\u00e3o do prefeito Alexandre e da nossa gest\u00e3o a frente da Secretaria de Munic\u00edpio da Educa\u00e7\u00e3o, n\u00f3s buscamos imprimir um car\u00e1ter de congresso, n\u00e3o somente onde as pessoas sentam para ouvir um grupo de palestrantes, mas como um espa\u00e7o interativo e que as pessoas se fazem ouvir neste processo<\/strong>\u201d. O secretario destacou ainda a etapa preparat\u00f3ria para o encontro, realizada nas escolas, muito importante, onde se debate e se faz os encaminhamentos pr\u00e9vios para que os representantes de cada institui\u00e7\u00e3o de ensino traga os anseios e a voz desses espa\u00e7os.<\/p>\n<p class=\"sizeable\" style=\"text-align: justify;\">Estiveram presentes na abertura do evento, al\u00e9m dos j\u00e1 citados, o Pr\u00f3-reitor de Gradua\u00e7\u00e3o da FURG, Renato Duro Dias, a representante da C\u00e2mara Municipal, Andreia\u00a0Westphal, a presidente do Conselho Municipal de Educa\u00e7\u00e3o, Maria aparecida Reis, a coordenadora da 18\u00ba Coordenadoria Regional de Educa\u00e7\u00e3o, Janete Cardoso Pinto, o representante dos pais, Sr. Ol\u00edmpio Oliveira, o representante dos estudantes, Gabriel Botelho, o Diretor Municipal representante da organiza\u00e7\u00e3o do evento, Jorge Satt e a coordenadora do Sindicato dos Trabalhadores em Educa\u00e7\u00e3o (Sinterg), D\u00f3ris Nogueira.<\/p>\n<p class=\"sizeable\" style=\"text-align: justify;\">A programa\u00e7\u00e3o do 8\u00ba COMED estende-se at\u00e9 quinta-feira (9) e conta com palestras, mesas redondas e momento cultural. Confira a programa\u00e7\u00e3o completa:<\/p>\n<p class=\"sizeable\"><strong>PROGRAMA\u00c7\u00c3O DO 8\u00ba COMED:<\/strong><\/p>\n<p class=\"sizeable\"><strong>08 de agosto<\/strong><\/p>\n<p class=\"sizeable\"><strong>Manh\u00e3:<\/strong><\/p>\n<ul>\n<li class=\"sizeable\">8h \u2013 Credenciamento;<\/li>\n<li class=\"sizeable\">8h30min \u2013 Mesa de Abertura;<\/li>\n<li class=\"sizeable\">9h \u2013 Momento Cultural;<\/li>\n<li class=\"sizeable\">9h15min \u2013 Palestra \u201cPresen\u00e7as e Aus\u00eancias no Curr\u00edculo e seus Desdobramentos Epistemol\u00f3gicos na Pr\u00e1tica Escolar\u201d.<\/li>\n<\/ul>\n<p class=\"sizeable\"><strong>Tarde:<\/strong><\/p>\n<ul>\n<li class=\"sizeable\">13h30min \u2013 Mesa Redonda &#8211; Curr\u00edculo e Metodologias;<\/li>\n<li class=\"sizeable\">15h30min \u2013 Mesa Redonda \u2013 Curr\u00edculo e Avalia\u00e7\u00e3o<\/li>\n<\/ul>\n<p class=\"sizeable\"><strong>09 de agosto<\/strong><\/p>\n<p class=\"sizeable\"><strong>Manh\u00e3:<\/strong><\/p>\n<ul>\n<li class=\"sizeable\">8h30min \u2013 Eixos Tem\u00e1ticos \u2013 Proposta Curricular: seus desafios e compromissos:<\/li>\n<li class=\"sizeable\">EIXO 1 \u2013 Educa\u00e7\u00e3o Infantil (Campos de Experi\u00eancias);<\/li>\n<li class=\"sizeable\">EIXO 2 \u2013 Anos Iniciais\/Bloco I (\u00c1reas de Conhecimento);<\/li>\n<li class=\"sizeable\">EIXO 3 \u2013 Anos Finais\/BLOCO II (\u00c1reas de Conhecimento);<\/li>\n<li class=\"sizeable\">EIXO 4 \u2013 Pais e Respons\u00e1veis (Curr\u00edculo Escolar e os desafios contempor\u00e2neos na forma\u00e7\u00e3o da cidadania);<\/li>\n<li class=\"sizeable\">EIXO 5 \u2013 Estudantes (Saberes Significativos \u2013 Aus\u00eancias e Presen\u00e7as no Curr\u00edculo Escolar).<\/li>\n<\/ul>\n<p class=\"sizeable\"><strong>Tarde:<\/strong><\/p>\n<ul>\n<li class=\"sizeable\">13h30min \u2013 Momento Cultural;<\/li>\n<li class=\"sizeable\">14h \u2013 Apresenta\u00e7\u00e3o das discuss\u00f5es realizadas nos Eixos Tem\u00e1ticos;<\/li>\n<li class=\"sizeable\">17h30min \u2013 Encerramento<\/li>\n<\/ul>\n","protected":false},"excerpt":{"rendered":"<p>Fonte: www.riogrande.rs.gov.br Uma oportunidade de encontro para reflex\u00f5es, di\u00e1logos, avalia\u00e7\u00f5es e proposi\u00e7\u00f5es em torno de um tema fundamental: a educa\u00e7\u00e3o. Este \u00e9 o objetivo principal do 8\u00ba\u00a0Congresso Municipal de Educa\u00e7\u00e3o (COMED), promovido pela Prefeitura Municipal do Rio Grande, atrav\u00e9s da Secretaria de Munic\u00edpio da Educa\u00e7\u00e3o, que ocorreu na manh\u00e3 desta quarta-feira (8), no Cidec-sul da [&hellip;]<\/p>\n","protected":false},"author":7,"featured_media":0,"comment_status":"closed","ping_status":"closed","sticky":false,"template":"","format":"standard","meta":{"footnotes":""},"categories":[1],"tags":[],"class_list":["post-27738","post","type-post","status-publish","format-standard","hentry","category-noticias"],"_links":{"self":[{"href":"https:\/\/www.riogrande.rs.gov.br\/smed\/index.php?rest_route=\/wp\/v2\/posts\/27738"}],"collection":[{"href":"https:\/\/www.riogrande.rs.gov.br\/smed\/index.php?rest_route=\/wp\/v2\/posts"}],"about":[{"href":"https:\/\/www.riogrande.rs.gov.br\/smed\/index.php?rest_route=\/wp\/v2\/types\/post"}],"author":[{"embeddable":true,"href":"https:\/\/www.riogrande.rs.gov.br\/smed\/index.php?rest_route=\/wp\/v2\/users\/7"}],"replies":[{"embeddable":true,"href":"https:\/\/www.riogrande.rs.gov.br\/smed\/index.php?rest_route=%2Fwp%2Fv2%2Fcomments&post=27738"}],"version-history":[{"count":2,"href":"https:\/\/www.riogrande.rs.gov.br\/smed\/index.php?rest_route=\/wp\/v2\/posts\/27738\/revisions"}],"predecessor-version":[{"id":27749,"href":"https:\/\/www.riogrande.rs.gov.br\/smed\/index.php?rest_route=\/wp\/v2\/posts\/27738\/revisions\/27749"}],"wp:attachment":[{"href":"https:\/\/www.riogrande.rs.gov.br\/smed\/index.php?rest_route=%2Fwp%2Fv2%2Fmedia&parent=27738"}],"wp:term":[{"taxonomy":"category","embeddable":true,"href":"https:\/\/www.riogrande.rs.gov.br\/smed\/index.php?rest_route=%2Fwp%2Fv2%2Fcategories&post=27738"},{"taxonomy":"post_tag","embeddable":true,"href":"https:\/\/www.riogrande.rs.gov.br\/smed\/index.php?rest_route=%2Fwp%2Fv2%2Ftags&post=27738"}],"curies":[{"name":"wp","href":"https:\/\/api.w.org\/{rel}","templated":true}]}}