{"id":27700,"date":"2018-08-07T16:11:30","date_gmt":"2018-08-07T19:11:30","guid":{"rendered":"http:\/\/www.riogrande.rs.gov.br\/smed\/?p=27700"},"modified":"2018-08-07T16:11:30","modified_gmt":"2018-08-07T19:11:30","slug":"smed-realizou-2o-encontro-de-formacao-do-5o-festival-de-video-estudantil-do-rio-grande-rs","status":"publish","type":"post","link":"https:\/\/www.riogrande.rs.gov.br\/smed\/?p=27700","title":{"rendered":"SMEd realizou 2\u00ba Encontro de Forma\u00e7\u00e3o do \u201c5\u00ba Festival de V\u00eddeo Estudantil do Rio Grande\/RS\u201d"},"content":{"rendered":"\n\t\t<style type=\"text\/css\">\n\t\t\t#gallery-1 {\n\t\t\t\tmargin: auto;\n\t\t\t}\n\t\t\t#gallery-1 .gallery-item {\n\t\t\t\tfloat: left;\n\t\t\t\tmargin-top: 10px;\n\t\t\t\ttext-align: center;\n\t\t\t\twidth: 33%;\n\t\t\t}\n\t\t\t#gallery-1 img {\n\t\t\t\tborder: 2px solid #cfcfcf;\n\t\t\t}\n\t\t\t#gallery-1 .gallery-caption {\n\t\t\t\tmargin-left: 0;\n\t\t\t}\n\t\t\t\/* see gallery_shortcode() in wp-includes\/media.php *\/\n\t\t<\/style>\n\t\t<div id='gallery-1' class='gallery galleryid-27700 gallery-columns-3 gallery-size-thumbnail'><dl class='gallery-item'>\n\t\t\t<dt class='gallery-icon portrait'>\n\t\t\t\t<a href='https:\/\/www.riogrande.rs.gov.br\/smed\/wp-content\/uploads\/2018\/08\/20180807-ped-festival-image1.jpg' rel=\"lightbox[27700]\"><img loading=\"lazy\" decoding=\"async\" width=\"150\" height=\"150\" src=\"https:\/\/www.riogrande.rs.gov.br\/smed\/wp-content\/uploads\/2018\/08\/20180807-ped-festival-image1-150x150.jpg\" class=\"attachment-thumbnail size-thumbnail\" alt=\"\" aria-describedby=\"gallery-1-27701\" \/><\/a>\n\t\t\t<\/dt>\n\t\t\t\t<dd class='wp-caption-text gallery-caption' id='gallery-1-27701'>\n\t\t\t\tDivulga\u00e7\u00e3o\n\t\t\t\t<\/dd><\/dl><dl class='gallery-item'>\n\t\t\t<dt class='gallery-icon landscape'>\n\t\t\t\t<a href='https:\/\/www.riogrande.rs.gov.br\/smed\/wp-content\/uploads\/2018\/08\/20180807-ped-festival-image2.jpg' rel=\"lightbox[27700]\"><img loading=\"lazy\" decoding=\"async\" width=\"150\" height=\"150\" src=\"https:\/\/www.riogrande.rs.gov.br\/smed\/wp-content\/uploads\/2018\/08\/20180807-ped-festival-image2-150x150.jpg\" class=\"attachment-thumbnail size-thumbnail\" alt=\"\" aria-describedby=\"gallery-1-27702\" \/><\/a>\n\t\t\t<\/dt>\n\t\t\t\t<dd class='wp-caption-text gallery-caption' id='gallery-1-27702'>\n\t\t\t\tDivulga\u00e7\u00e3o\n\t\t\t\t<\/dd><\/dl><dl class='gallery-item'>\n\t\t\t<dt class='gallery-icon portrait'>\n\t\t\t\t<a href='https:\/\/www.riogrande.rs.gov.br\/smed\/wp-content\/uploads\/2018\/08\/20180807-ped-festival-image3.jpg' rel=\"lightbox[27700]\"><img loading=\"lazy\" decoding=\"async\" width=\"150\" height=\"150\" src=\"https:\/\/www.riogrande.rs.gov.br\/smed\/wp-content\/uploads\/2018\/08\/20180807-ped-festival-image3-150x150.jpg\" class=\"attachment-thumbnail size-thumbnail\" alt=\"\" aria-describedby=\"gallery-1-27703\" \/><\/a>\n\t\t\t<\/dt>\n\t\t\t\t<dd class='wp-caption-text gallery-caption' id='gallery-1-27703'>\n\t\t\t\tDivulga\u00e7\u00e3o\n\t\t\t\t<\/dd><\/dl><br style=\"clear: both\" \/><dl class='gallery-item'>\n\t\t\t<dt class='gallery-icon landscape'>\n\t\t\t\t<a href='https:\/\/www.riogrande.rs.gov.br\/smed\/wp-content\/uploads\/2018\/08\/20180807-ped-festival-image4.jpg' rel=\"lightbox[27700]\"><img loading=\"lazy\" decoding=\"async\" width=\"150\" height=\"150\" src=\"https:\/\/www.riogrande.rs.gov.br\/smed\/wp-content\/uploads\/2018\/08\/20180807-ped-festival-image4-150x150.jpg\" class=\"attachment-thumbnail size-thumbnail\" alt=\"\" aria-describedby=\"gallery-1-27704\" \/><\/a>\n\t\t\t<\/dt>\n\t\t\t\t<dd class='wp-caption-text gallery-caption' id='gallery-1-27704'>\n\t\t\t\tDivulga\u00e7\u00e3o\n\t\t\t\t<\/dd><\/dl><dl class='gallery-item'>\n\t\t\t<dt class='gallery-icon landscape'>\n\t\t\t\t<a href='https:\/\/www.riogrande.rs.gov.br\/smed\/wp-content\/uploads\/2018\/08\/20180807-ped-festival-image5.jpg' rel=\"lightbox[27700]\"><img loading=\"lazy\" decoding=\"async\" width=\"150\" height=\"150\" src=\"https:\/\/www.riogrande.rs.gov.br\/smed\/wp-content\/uploads\/2018\/08\/20180807-ped-festival-image5-150x150.jpg\" class=\"attachment-thumbnail size-thumbnail\" alt=\"\" aria-describedby=\"gallery-1-27705\" \/><\/a>\n\t\t\t<\/dt>\n\t\t\t\t<dd class='wp-caption-text gallery-caption' id='gallery-1-27705'>\n\t\t\t\tDivulga\u00e7\u00e3o\n\t\t\t\t<\/dd><\/dl><dl class='gallery-item'>\n\t\t\t<dt class='gallery-icon landscape'>\n\t\t\t\t<a href='https:\/\/www.riogrande.rs.gov.br\/smed\/wp-content\/uploads\/2018\/08\/20180807-ped-festival-image6.jpg' rel=\"lightbox[27700]\"><img loading=\"lazy\" decoding=\"async\" width=\"150\" height=\"150\" src=\"https:\/\/www.riogrande.rs.gov.br\/smed\/wp-content\/uploads\/2018\/08\/20180807-ped-festival-image6-150x150.jpg\" class=\"attachment-thumbnail size-thumbnail\" alt=\"\" aria-describedby=\"gallery-1-27706\" \/><\/a>\n\t\t\t<\/dt>\n\t\t\t\t<dd class='wp-caption-text gallery-caption' id='gallery-1-27706'>\n\t\t\t\tDivulga\u00e7\u00e3o\n\t\t\t\t<\/dd><\/dl><br style=\"clear: both\" \/>\n\t\t<\/div>\n\n<p style=\"text-align: justify;\">A Secretaria de Munic\u00edpio da Educa\u00e7\u00e3o de Rio Grande (SMEd), atrav\u00e9s do N\u00facleo de Tecnologia Municipal (NTM), promoveu, na \u00faltima segunda-feira, dia <b>06 de agosto<\/b>, nos turnos da manh\u00e3 e da tarde, o <b>2\u00ba Encontro de Forma\u00e7\u00e3o Continuada do<\/b> \u201c<b>5\u00ba Festival de V\u00eddeo Estudantil de Rio Grande\/RS<\/b>\u201d.<\/p>\n<p><!--more--><\/p>\n<p style=\"text-align: justify;\">O Encontro, que ocorreu nas depend\u00eancias do N\u00facleo de Tecnologia Municipal, contou com a presen\u00e7a do Prof. Dr. Josias Pereira e do monitor Maickol Bessa Dilelio, do Curso de Cinema e Audiovisual da Universidade Federal de Pelotas (UFPel), que ministraram oficinas relacionadas ao processo de filmagem e edi\u00e7\u00e3o de v\u00eddeos.<\/p>\n<p style=\"text-align: justify;\">O objetivo do Festival de V\u00eddeo Estudantil \u00e9 incentivar a produ\u00e7\u00e3o audiovisual, desenvolvendo a leitura de diversos g\u00eaneros textuais e audiovisuais como atividades pedag\u00f3gicas vinculadas ao curr\u00edculo escolar, sendo a culmin\u00e2ncia do mesmo a participa\u00e7\u00e3o na Cerim\u00f4nia de Premia\u00e7\u00e3o do \u201c5\u00ba Festival de V\u00eddeo Estudantil do Rio Grande\/RS\u201d.<\/p>\n<p style=\"text-align: justify;\">O referido Festival \u00e9 uma parceria entre a Secretaria de Munic\u00edpio da Educa\u00e7\u00e3o, atrav\u00e9s do N\u00facleo de Tecnologia Municipal, e o Curso de Cinema e Audiovisual da Universidade Federal de Pelotas (UFPEL). Podem participar desta 5\u00aa edi\u00e7\u00e3o do Festival, estudantes das escolas p\u00fablicas municipais de Rio Grande da Educa\u00e7\u00e3o Infantil, Ensino Fundamental e \u00a0Educa\u00e7\u00e3o de Jovens e Adultos. Os v\u00eddeos indicados devem ter a orienta\u00e7\u00e3o e supervis\u00e3o de um professor respons\u00e1vel (professor da turma, orientador educacional, coordenador pedag\u00f3gico, professor do projeto).<\/p>\n<p style=\"text-align: right;\"><em>SMEd<\/em><br \/>\n<em>Roberton Reis<\/em><br \/>\n<em>Com informa\u00e7\u00f5es do NTM<\/em><\/p>\n","protected":false},"excerpt":{"rendered":"<p>A Secretaria de Munic\u00edpio da Educa\u00e7\u00e3o de Rio Grande (SMEd), atrav\u00e9s do N\u00facleo de Tecnologia Municipal (NTM), promoveu, na \u00faltima segunda-feira, dia 06 de agosto, nos turnos da manh\u00e3 e da tarde, o 2\u00ba Encontro de Forma\u00e7\u00e3o Continuada do \u201c5\u00ba Festival de V\u00eddeo Estudantil de Rio Grande\/RS\u201d.<\/p>\n","protected":false},"author":7,"featured_media":0,"comment_status":"closed","ping_status":"closed","sticky":false,"template":"","format":"standard","meta":{"footnotes":""},"categories":[1,13],"tags":[],"class_list":["post-27700","post","type-post","status-publish","format-standard","hentry","category-noticias","category-pedagogico"],"_links":{"self":[{"href":"https:\/\/www.riogrande.rs.gov.br\/smed\/index.php?rest_route=\/wp\/v2\/posts\/27700"}],"collection":[{"href":"https:\/\/www.riogrande.rs.gov.br\/smed\/index.php?rest_route=\/wp\/v2\/posts"}],"about":[{"href":"https:\/\/www.riogrande.rs.gov.br\/smed\/index.php?rest_route=\/wp\/v2\/types\/post"}],"author":[{"embeddable":true,"href":"https:\/\/www.riogrande.rs.gov.br\/smed\/index.php?rest_route=\/wp\/v2\/users\/7"}],"replies":[{"embeddable":true,"href":"https:\/\/www.riogrande.rs.gov.br\/smed\/index.php?rest_route=%2Fwp%2Fv2%2Fcomments&post=27700"}],"version-history":[{"count":1,"href":"https:\/\/www.riogrande.rs.gov.br\/smed\/index.php?rest_route=\/wp\/v2\/posts\/27700\/revisions"}],"predecessor-version":[{"id":27707,"href":"https:\/\/www.riogrande.rs.gov.br\/smed\/index.php?rest_route=\/wp\/v2\/posts\/27700\/revisions\/27707"}],"wp:attachment":[{"href":"https:\/\/www.riogrande.rs.gov.br\/smed\/index.php?rest_route=%2Fwp%2Fv2%2Fmedia&parent=27700"}],"wp:term":[{"taxonomy":"category","embeddable":true,"href":"https:\/\/www.riogrande.rs.gov.br\/smed\/index.php?rest_route=%2Fwp%2Fv2%2Fcategories&post=27700"},{"taxonomy":"post_tag","embeddable":true,"href":"https:\/\/www.riogrande.rs.gov.br\/smed\/index.php?rest_route=%2Fwp%2Fv2%2Ftags&post=27700"}],"curies":[{"name":"wp","href":"https:\/\/api.w.org\/{rel}","templated":true}]}}