{"id":27685,"date":"2018-08-07T14:56:41","date_gmt":"2018-08-07T17:56:41","guid":{"rendered":"http:\/\/www.riogrande.rs.gov.br\/smed\/?p=27685"},"modified":"2018-08-07T14:56:41","modified_gmt":"2018-08-07T17:56:41","slug":"abertura-do-8-congresso-municipal-de-educacao-acontece-amanha-8-no-cidec-sul","status":"publish","type":"post","link":"https:\/\/www.riogrande.rs.gov.br\/smed\/?p=27685","title":{"rendered":"ABERTURA DO 8\u00b0 CONGRESSO MUNICIPAL DE EDUCA\u00c7\u00c3O ACONTECE AMANH\u00c3 (8) NO CIDEC-SUL"},"content":{"rendered":"<div id=\"attachment_27686\" style=\"width: 495px\" class=\"wp-caption aligncenter\"><a href=\"http:\/\/www.riogrande.rs.gov.br\/smed\/wp-content\/uploads\/2018\/08\/20180807-pmrg1.jpg\" rel=\"lightbox[27685]\"><img loading=\"lazy\" decoding=\"async\" aria-describedby=\"caption-attachment-27686\" class=\"size-medium wp-image-27686\" src=\"http:\/\/www.riogrande.rs.gov.br\/smed\/wp-content\/uploads\/2018\/08\/20180807-pmrg1-485x686.jpg\" alt=\"\" width=\"485\" height=\"686\" srcset=\"https:\/\/www.riogrande.rs.gov.br\/smed\/wp-content\/uploads\/2018\/08\/20180807-pmrg1-485x686.jpg 485w, https:\/\/www.riogrande.rs.gov.br\/smed\/wp-content\/uploads\/2018\/08\/20180807-pmrg1-146x207.jpg 146w, https:\/\/www.riogrande.rs.gov.br\/smed\/wp-content\/uploads\/2018\/08\/20180807-pmrg1.jpg 495w\" sizes=\"(max-width: 485px) 100vw, 485px\" \/><\/a><p id=\"caption-attachment-27686\" class=\"wp-caption-text\">Divulga\u00e7\u00e3o<\/p><\/div>\n<p>Fonte: <a href=\"http:\/\/www.riogrande.rs.gov.br\/pagina\/index.php\/noticias\/detalhes+40b96c,,abertura-do-8-congresso-municipal-de-educacao-acontece-amanha-8-no-cidec-sul.html#.W2nbyPpv9xB\" target=\"_blank\" rel=\"noopener\"><strong>www.riogrande.rs.gov.br<\/strong><\/a><\/p>\n<p class=\"sizeable\" style=\"text-align: justify;\">A Prefeitura Municipal do Rio Grande, por meio da Secretaria de Munic\u00edpio da Educa\u00e7\u00e3o (SMEd), convida a comunidade para participar da abertura do 8\u00ba Congresso Municipal de Educa\u00e7\u00e3o (8\u00ba COMED). A solenidade acontece no dia 8 de agosto, \u00e0s 8h, no CIDEC-Sul da Universidade Federal do Rio Grande (Campus Carreiros).<\/p>\n<p><!--more--><\/p>\n<p class=\"sizeable\" style=\"text-align: justify;\">Neste ano, o Congresso problematizar\u00e1 o tema \u201c<strong>Escola ComVida: Entrela\u00e7ando Saberes na Constru\u00e7\u00e3o do Curr\u00edculo<\/strong>\u201d, o evento visa a discuss\u00e3o sobre a formula\u00e7\u00e3o das Diretrizes Curriculares Municipais e sobre o papel democr\u00e1tico e aut\u00f4nomo das escolas na elabora\u00e7\u00e3o e implementa\u00e7\u00e3o de seus curr\u00edculos e projetos pedag\u00f3gicos.<\/p>\n<p class=\"sizeable\" style=\"text-align: justify;\">O Congresso Municipal de Educa\u00e7\u00e3o est\u00e1 previsto na Lei Municipal n\u00b0 5.332\/1999, como um f\u00f3rum de fomento e discuss\u00e3o dos princ\u00edpios norteadores das a\u00e7\u00f5es das escolas do munic\u00edpio, com edi\u00e7\u00e3o bianual.<\/p>\n<p class=\"sizeable\" style=\"text-align: justify;\">A Secretaria de Munic\u00edpio da Educa\u00e7\u00e3o (SMEd) sugere que os trabalhadores (as) em educa\u00e7\u00e3o, pais\/respons\u00e1veis e estudantes reflitam sobre como est\u00e1 acontecendo a constru\u00e7\u00e3o e a viv\u00eancia do curr\u00edculo na sua escola, para que possam compartilhar as experi\u00eancias da Rede Municipal no 8\u00ba COMED, de forma a qualificar a educa\u00e7\u00e3o.<\/p>\n<p class=\"sizeable\" style=\"text-align: justify;\">PROGRAMA\u00c7\u00c3O DO 8\u00ba COMED:<\/p>\n<p class=\"sizeable\" style=\"text-align: justify;\">08 de agosto<\/p>\n<p class=\"sizeable\" style=\"text-align: justify;\">Manh\u00e3:<\/p>\n<ul style=\"text-align: justify;\">\n<li class=\"sizeable\">8h \u2013 Credenciamento;<\/li>\n<li class=\"sizeable\">8h30min \u2013 Mesa de Abertura;<\/li>\n<li class=\"sizeable\">9h \u2013 Momento Cultural;<\/li>\n<li class=\"sizeable\">9h15min \u2013 Palestra \u201cPresen\u00e7as e Aus\u00eancias no Curr\u00edculo e seus Desdobramentos Epistemol\u00f3gicos na Pr\u00e1tica Escolar\u201d.<\/li>\n<\/ul>\n<p class=\"sizeable\" style=\"text-align: justify;\">Tarde:<\/p>\n<ul style=\"text-align: justify;\">\n<li class=\"sizeable\">13h30min \u2013 Mesa Redonda &#8211; Curr\u00edculo e Metodologias;<\/li>\n<li class=\"sizeable\">15h30min \u2013 Mesa Redonda \u2013 Curr\u00edculo e Avalia\u00e7\u00e3o<\/li>\n<\/ul>\n<p class=\"sizeable\" style=\"text-align: justify;\">09 de agosto<\/p>\n<p class=\"sizeable\" style=\"text-align: justify;\">Manh\u00e3:<\/p>\n<ul style=\"text-align: justify;\">\n<li class=\"sizeable\">8h30min \u2013 Eixos Tem\u00e1ticos \u2013 Proposta Curricular: seus desafios e compromissos:<\/li>\n<li class=\"sizeable\">EIXO 1 \u2013 Educa\u00e7\u00e3o Infantil (Campos de Experi\u00eancias);<\/li>\n<li class=\"sizeable\">EIXO 2 \u2013 Anos Iniciais\/Bloco I (\u00c1reas de Conhecimento);<\/li>\n<li class=\"sizeable\">EIXO 3 \u2013 Anos Finais\/BLOCO II (\u00c1reas de Conhecimento);<\/li>\n<li class=\"sizeable\">EIXO 4 \u2013 Pais e Respons\u00e1veis (Curr\u00edculo Escolar e os desafios contempor\u00e2neos na forma\u00e7\u00e3o da cidadania);<\/li>\n<li class=\"sizeable\">EIXO 5 \u2013 Estudantes (Saberes Significativos \u2013 Aus\u00eancias e Presen\u00e7as no Curr\u00edculo Escolar).<\/li>\n<\/ul>\n<p class=\"sizeable\" style=\"text-align: justify;\">Tarde:<\/p>\n<ul>\n<li class=\"sizeable\" style=\"text-align: justify;\">13h30min \u2013 Momento Cultural;<\/li>\n<li class=\"sizeable\" style=\"text-align: justify;\">14h \u2013 Apresenta\u00e7\u00e3o das discuss\u00f5es realizadas nos Eixos Tem\u00e1ticos;<\/li>\n<li class=\"sizeable\" style=\"text-align: justify;\">17h30min \u2013 Encerramento<\/li>\n<\/ul>\n<p class=\"sizeable\" style=\"text-align: right;\"><em>Com informa\u00e7\u00f5es da SMEd<\/em><\/p>\n","protected":false},"excerpt":{"rendered":"<p>Fonte: www.riogrande.rs.gov.br A Prefeitura Municipal do Rio Grande, por meio da Secretaria de Munic\u00edpio da Educa\u00e7\u00e3o (SMEd), convida a comunidade para participar da abertura do 8\u00ba Congresso Municipal de Educa\u00e7\u00e3o (8\u00ba COMED). A solenidade acontece no dia 8 de agosto, \u00e0s 8h, no CIDEC-Sul da Universidade Federal do Rio Grande (Campus Carreiros).<\/p>\n","protected":false},"author":7,"featured_media":0,"comment_status":"closed","ping_status":"closed","sticky":false,"template":"","format":"standard","meta":{"footnotes":""},"categories":[1,13],"tags":[],"class_list":["post-27685","post","type-post","status-publish","format-standard","hentry","category-noticias","category-pedagogico"],"_links":{"self":[{"href":"https:\/\/www.riogrande.rs.gov.br\/smed\/index.php?rest_route=\/wp\/v2\/posts\/27685"}],"collection":[{"href":"https:\/\/www.riogrande.rs.gov.br\/smed\/index.php?rest_route=\/wp\/v2\/posts"}],"about":[{"href":"https:\/\/www.riogrande.rs.gov.br\/smed\/index.php?rest_route=\/wp\/v2\/types\/post"}],"author":[{"embeddable":true,"href":"https:\/\/www.riogrande.rs.gov.br\/smed\/index.php?rest_route=\/wp\/v2\/users\/7"}],"replies":[{"embeddable":true,"href":"https:\/\/www.riogrande.rs.gov.br\/smed\/index.php?rest_route=%2Fwp%2Fv2%2Fcomments&post=27685"}],"version-history":[{"count":1,"href":"https:\/\/www.riogrande.rs.gov.br\/smed\/index.php?rest_route=\/wp\/v2\/posts\/27685\/revisions"}],"predecessor-version":[{"id":27687,"href":"https:\/\/www.riogrande.rs.gov.br\/smed\/index.php?rest_route=\/wp\/v2\/posts\/27685\/revisions\/27687"}],"wp:attachment":[{"href":"https:\/\/www.riogrande.rs.gov.br\/smed\/index.php?rest_route=%2Fwp%2Fv2%2Fmedia&parent=27685"}],"wp:term":[{"taxonomy":"category","embeddable":true,"href":"https:\/\/www.riogrande.rs.gov.br\/smed\/index.php?rest_route=%2Fwp%2Fv2%2Fcategories&post=27685"},{"taxonomy":"post_tag","embeddable":true,"href":"https:\/\/www.riogrande.rs.gov.br\/smed\/index.php?rest_route=%2Fwp%2Fv2%2Ftags&post=27685"}],"curies":[{"name":"wp","href":"https:\/\/api.w.org\/{rel}","templated":true}]}}