{"id":27677,"date":"2018-08-06T16:25:13","date_gmt":"2018-08-06T19:25:13","guid":{"rendered":"http:\/\/www.riogrande.rs.gov.br\/smed\/?p=27677"},"modified":"2018-08-06T16:25:13","modified_gmt":"2018-08-06T19:25:13","slug":"prefeitura-realizou-treinamento-de-primeiros-socorros-com-professores-da-emef-manoel-martins-mano","status":"publish","type":"post","link":"https:\/\/www.riogrande.rs.gov.br\/smed\/?p=27677","title":{"rendered":"PREFEITURA REALIZOU TREINAMENTO DE PRIMEIROS SOCORROS COM PROFESSORES DA EMEF MANOEL MARTINS MANO"},"content":{"rendered":"\n\t\t<style type=\"text\/css\">\n\t\t\t#gallery-1 {\n\t\t\t\tmargin: auto;\n\t\t\t}\n\t\t\t#gallery-1 .gallery-item {\n\t\t\t\tfloat: left;\n\t\t\t\tmargin-top: 10px;\n\t\t\t\ttext-align: center;\n\t\t\t\twidth: 33%;\n\t\t\t}\n\t\t\t#gallery-1 img {\n\t\t\t\tborder: 2px solid #cfcfcf;\n\t\t\t}\n\t\t\t#gallery-1 .gallery-caption {\n\t\t\t\tmargin-left: 0;\n\t\t\t}\n\t\t\t\/* see gallery_shortcode() in wp-includes\/media.php *\/\n\t\t<\/style>\n\t\t<div id='gallery-1' class='gallery galleryid-27677 gallery-columns-3 gallery-size-thumbnail'><dl class='gallery-item'>\n\t\t\t<dt class='gallery-icon landscape'>\n\t\t\t\t<a href='https:\/\/www.riogrande.rs.gov.br\/smed\/wp-content\/uploads\/2018\/08\/20180806-pmrg1.jpg' rel=\"lightbox[27677]\"><img loading=\"lazy\" decoding=\"async\" width=\"150\" height=\"150\" src=\"https:\/\/www.riogrande.rs.gov.br\/smed\/wp-content\/uploads\/2018\/08\/20180806-pmrg1-150x150.jpg\" class=\"attachment-thumbnail size-thumbnail\" alt=\"\" aria-describedby=\"gallery-1-27678\" \/><\/a>\n\t\t\t<\/dt>\n\t\t\t\t<dd class='wp-caption-text gallery-caption' id='gallery-1-27678'>\n\t\t\t\tCr\u00e9dito: Divulga\u00e7\u00e3o\/SMS\n\t\t\t\t<\/dd><\/dl><dl class='gallery-item'>\n\t\t\t<dt class='gallery-icon landscape'>\n\t\t\t\t<a href='https:\/\/www.riogrande.rs.gov.br\/smed\/wp-content\/uploads\/2018\/08\/20180806-pmrg2.jpg' rel=\"lightbox[27677]\"><img loading=\"lazy\" decoding=\"async\" width=\"150\" height=\"150\" src=\"https:\/\/www.riogrande.rs.gov.br\/smed\/wp-content\/uploads\/2018\/08\/20180806-pmrg2-150x150.jpg\" class=\"attachment-thumbnail size-thumbnail\" alt=\"\" aria-describedby=\"gallery-1-27679\" \/><\/a>\n\t\t\t<\/dt>\n\t\t\t\t<dd class='wp-caption-text gallery-caption' id='gallery-1-27679'>\n\t\t\t\tCr\u00e9dito: Divulga\u00e7\u00e3o\/SMS\n\t\t\t\t<\/dd><\/dl><dl class='gallery-item'>\n\t\t\t<dt class='gallery-icon landscape'>\n\t\t\t\t<a href='https:\/\/www.riogrande.rs.gov.br\/smed\/wp-content\/uploads\/2018\/08\/20180806-pmrg3.jpg' rel=\"lightbox[27677]\"><img loading=\"lazy\" decoding=\"async\" width=\"150\" height=\"150\" src=\"https:\/\/www.riogrande.rs.gov.br\/smed\/wp-content\/uploads\/2018\/08\/20180806-pmrg3-150x150.jpg\" class=\"attachment-thumbnail size-thumbnail\" alt=\"\" aria-describedby=\"gallery-1-27680\" \/><\/a>\n\t\t\t<\/dt>\n\t\t\t\t<dd class='wp-caption-text gallery-caption' id='gallery-1-27680'>\n\t\t\t\tCr\u00e9dito: Divulga\u00e7\u00e3o\/SMS\n\t\t\t\t<\/dd><\/dl><br style=\"clear: both\" \/>\n\t\t<\/div>\n\n<p style=\"text-align: justify;\">Fonte: <a href=\"http:\/\/www.riogrande.rs.gov.br\/pagina\/index.php\/noticias\/detalhes+40b331,,prefeitura-realizou-treinamento-de-primeiros-socorros-com-professores-da-escola-manoel-mano.html#.W2if0_pv9xB\" target=\"_blank\" rel=\"noopener\"><strong>www.riogrande.rs.gov.br<\/strong><\/a><\/p>\n<p style=\"text-align: justify;\">\nPor meio de uma a\u00e7\u00e3o intersetorial, as secretarias de Munic\u00edpio da Sa\u00fade (SMS), de Educa\u00e7\u00e3o (SMED) e de Gest\u00e3o Administrativa (SMGA), promoveram na manh\u00e3 do \u00faltimo s\u00e1bado (4) um treinamento de Primeiros Socorros com os professores da escola de ensino fundamental Professor Manoel Martins Mano, localizada no Parque S\u00e3o Pedro.<\/p>\n<p><!--more--><\/p>\n<p>&nbsp;<\/p>\n<p style=\"text-align: justify;\">Nas palestras, ministradas pela enfermeira da Unidade B\u00e1sica de Sa\u00fade (UBS) do Parque S\u00e3o Pedro, C\u00edntia Rubira, e pelo dirigente do N\u00facleo de Engenharia e Seguran\u00e7a Ocupacional (NESO), Karlay Barenho, foram debatidos assuntos pertinentes \u00e0s a\u00e7\u00f5es de preven\u00e7\u00e3o e promo\u00e7\u00e3o da sa\u00fade nos espa\u00e7os de educa\u00e7\u00e3o para o atendimento r\u00e1pido e de forma adequada das urg\u00eancias e emerg\u00eancias, tai como: primeiros socorros, parada cardiorrespirat\u00f3ria, crise convulsiva, desmaios, hemorragias, queimaduras, dentre outros.<\/p>\n<p style=\"text-align: justify;\">A atividade contou com a participa\u00e7\u00e3o de 45 professores e teve o apoio do N\u00facleo de Educa\u00e7\u00e3o em Urg\u00eancias (NEU) da SMS. De acordo com a enfermeira palestrante, &#8220;\u00e9 importante destacar a parceria e intera\u00e7\u00e3o da comunidade escolar com a USB Parque S\u00e3o Pedro, visando sempre a educa\u00e7\u00e3o e a qualidade nos atendimentos de sa\u00fade\u201d, disse C\u00edntia.<\/p>\n<p style=\"text-align: justify;\">A a\u00e7\u00e3o foi uma solicita\u00e7\u00e3o da escola \u00e0 unidade de sa\u00fade refer\u00eancia daquela localidade. As unidades de ensino que ainda n\u00e3o tiveram, podem solicitar palestras do tipo \u00e0 Secretaria de Munic\u00edpio da Sa\u00fade, atrav\u00e9s do posto de refer\u00eancia do seu bairro.<\/p>\n<p style=\"text-align: right;\"><em>Com informa\u00e7\u00f5es da SMS<\/em><\/p>\n","protected":false},"excerpt":{"rendered":"<p>Fonte: www.riogrande.rs.gov.br Por meio de uma a\u00e7\u00e3o intersetorial, as secretarias de Munic\u00edpio da Sa\u00fade (SMS), de Educa\u00e7\u00e3o (SMED) e de Gest\u00e3o Administrativa (SMGA), promoveram na manh\u00e3 do \u00faltimo s\u00e1bado (4) um treinamento de Primeiros Socorros com os professores da escola de ensino fundamental Professor Manoel Martins Mano, localizada no Parque S\u00e3o Pedro.<\/p>\n","protected":false},"author":7,"featured_media":0,"comment_status":"closed","ping_status":"closed","sticky":false,"template":"","format":"standard","meta":{"footnotes":""},"categories":[1],"tags":[],"class_list":["post-27677","post","type-post","status-publish","format-standard","hentry","category-noticias"],"_links":{"self":[{"href":"https:\/\/www.riogrande.rs.gov.br\/smed\/index.php?rest_route=\/wp\/v2\/posts\/27677"}],"collection":[{"href":"https:\/\/www.riogrande.rs.gov.br\/smed\/index.php?rest_route=\/wp\/v2\/posts"}],"about":[{"href":"https:\/\/www.riogrande.rs.gov.br\/smed\/index.php?rest_route=\/wp\/v2\/types\/post"}],"author":[{"embeddable":true,"href":"https:\/\/www.riogrande.rs.gov.br\/smed\/index.php?rest_route=\/wp\/v2\/users\/7"}],"replies":[{"embeddable":true,"href":"https:\/\/www.riogrande.rs.gov.br\/smed\/index.php?rest_route=%2Fwp%2Fv2%2Fcomments&post=27677"}],"version-history":[{"count":1,"href":"https:\/\/www.riogrande.rs.gov.br\/smed\/index.php?rest_route=\/wp\/v2\/posts\/27677\/revisions"}],"predecessor-version":[{"id":27681,"href":"https:\/\/www.riogrande.rs.gov.br\/smed\/index.php?rest_route=\/wp\/v2\/posts\/27677\/revisions\/27681"}],"wp:attachment":[{"href":"https:\/\/www.riogrande.rs.gov.br\/smed\/index.php?rest_route=%2Fwp%2Fv2%2Fmedia&parent=27677"}],"wp:term":[{"taxonomy":"category","embeddable":true,"href":"https:\/\/www.riogrande.rs.gov.br\/smed\/index.php?rest_route=%2Fwp%2Fv2%2Fcategories&post=27677"},{"taxonomy":"post_tag","embeddable":true,"href":"https:\/\/www.riogrande.rs.gov.br\/smed\/index.php?rest_route=%2Fwp%2Fv2%2Ftags&post=27677"}],"curies":[{"name":"wp","href":"https:\/\/api.w.org\/{rel}","templated":true}]}}