{"id":27672,"date":"2018-08-06T16:10:38","date_gmt":"2018-08-06T19:10:38","guid":{"rendered":"http:\/\/www.riogrande.rs.gov.br\/smed\/?p=27672"},"modified":"2018-08-06T16:11:30","modified_gmt":"2018-08-06T19:11:30","slug":"smed-promove-1o-encontro-de-formacao-2018-para-manipuladoras-de-alimentos-da-rede-municipal-e-das-entidades-filantropicas-conveniadas-nos-dias-22-e-23","status":"publish","type":"post","link":"https:\/\/www.riogrande.rs.gov.br\/smed\/?p=27672","title":{"rendered":"SMEd promove \u201c1\u00ba Encontro de Forma\u00e7\u00e3o 2018 para Manipuladoras de Alimentos\u201d da Rede Municipal e das Entidades Filantr\u00f3picas Conveniadas, nos dias 22 e 23"},"content":{"rendered":"<p style=\"text-align: justify;\">A Secretaria de Munic\u00edpio da Educa\u00e7\u00e3o de Rio Grande (SMEd), atrav\u00e9s do N\u00facleo de Alimenta\u00e7\u00e3o Escolar (NAE), no uso de suas atribui\u00e7\u00f5es, convoca todas as Manipuladoras de Alimentos das escolas da rede p\u00fablica municipal de ensino e das entidades filantr\u00f3picas conveniadas, para o \u201c<b>1\u00ba Encontro de Forma\u00e7\u00e3o 2018<\/b>\u201d, a ser realizado nos dias <b>22 e 23 de agosto<\/b>, no audit\u00f3rio da EMEF <b>Helena Small<\/b>, \u00e0s <b>14h<\/b>.<\/p>\n<p style=\"text-align: justify;\"><!--more--><\/p>\n<p style=\"text-align: justify;\">O NAE informa que o Encontro apresentar\u00e1 o mesmo conte\u00fado em ambos os dias. Assim, as escolas dever\u00e3o dividir suas equipes para facilitar o servi\u00e7o de distribui\u00e7\u00e3o da Alimenta\u00e7\u00e3o Escolar e manter o atendimento normal aos alunos.<\/p>\n<p style=\"text-align: right;\"><em>SMEd<\/em><br \/>\n<em>Roberton Reis<\/em><br \/>\n<em>Com informa\u00e7\u00f5es do NAE<\/em><\/p>\n","protected":false},"excerpt":{"rendered":"<p>A Secretaria de Munic\u00edpio da Educa\u00e7\u00e3o de Rio Grande (SMEd), atrav\u00e9s do N\u00facleo de Alimenta\u00e7\u00e3o Escolar (NAE), no uso de suas atribui\u00e7\u00f5es, convoca todas as Manipuladoras de Alimentos das escolas da rede p\u00fablica municipal de ensino e das entidades filantr\u00f3picas conveniadas, para o \u201c1\u00ba Encontro de Forma\u00e7\u00e3o 2018\u201d, a ser realizado nos dias 22 e [&hellip;]<\/p>\n","protected":false},"author":7,"featured_media":0,"comment_status":"closed","ping_status":"closed","sticky":false,"template":"","format":"standard","meta":{"footnotes":""},"categories":[1,13],"tags":[],"class_list":["post-27672","post","type-post","status-publish","format-standard","hentry","category-noticias","category-pedagogico"],"_links":{"self":[{"href":"https:\/\/www.riogrande.rs.gov.br\/smed\/index.php?rest_route=\/wp\/v2\/posts\/27672"}],"collection":[{"href":"https:\/\/www.riogrande.rs.gov.br\/smed\/index.php?rest_route=\/wp\/v2\/posts"}],"about":[{"href":"https:\/\/www.riogrande.rs.gov.br\/smed\/index.php?rest_route=\/wp\/v2\/types\/post"}],"author":[{"embeddable":true,"href":"https:\/\/www.riogrande.rs.gov.br\/smed\/index.php?rest_route=\/wp\/v2\/users\/7"}],"replies":[{"embeddable":true,"href":"https:\/\/www.riogrande.rs.gov.br\/smed\/index.php?rest_route=%2Fwp%2Fv2%2Fcomments&post=27672"}],"version-history":[{"count":2,"href":"https:\/\/www.riogrande.rs.gov.br\/smed\/index.php?rest_route=\/wp\/v2\/posts\/27672\/revisions"}],"predecessor-version":[{"id":27674,"href":"https:\/\/www.riogrande.rs.gov.br\/smed\/index.php?rest_route=\/wp\/v2\/posts\/27672\/revisions\/27674"}],"wp:attachment":[{"href":"https:\/\/www.riogrande.rs.gov.br\/smed\/index.php?rest_route=%2Fwp%2Fv2%2Fmedia&parent=27672"}],"wp:term":[{"taxonomy":"category","embeddable":true,"href":"https:\/\/www.riogrande.rs.gov.br\/smed\/index.php?rest_route=%2Fwp%2Fv2%2Fcategories&post=27672"},{"taxonomy":"post_tag","embeddable":true,"href":"https:\/\/www.riogrande.rs.gov.br\/smed\/index.php?rest_route=%2Fwp%2Fv2%2Ftags&post=27672"}],"curies":[{"name":"wp","href":"https:\/\/api.w.org\/{rel}","templated":true}]}}