{"id":27669,"date":"2018-08-03T16:17:28","date_gmt":"2018-08-03T19:17:28","guid":{"rendered":"http:\/\/www.riogrande.rs.gov.br\/smed\/?p=27669"},"modified":"2018-08-03T16:17:28","modified_gmt":"2018-08-03T19:17:28","slug":"arraial-da-emef-anselmo-dias-lopes-acontecera-neste-domingo-dia-05","status":"publish","type":"post","link":"https:\/\/www.riogrande.rs.gov.br\/smed\/?p=27669","title":{"rendered":"\u201cArraial\u201d da EMEF Anselmo Dias Lopes acontecer\u00e1 neste domingo, dia 05"},"content":{"rendered":"<p style=\"text-align: justify;\">A Escola Municipal de Ensino Fundamental Anselmo Dias Lopes, que est\u00e1 localizada no bairro Vila Maria, realizar\u00e1, no pr\u00f3ximo domingo, dia <b>05 de agosto<\/b>, das <b>14h30min \u00e0s 17h<\/b>, o \u201c<b>Arraial da Fam\u00edlia Anselmo<\/b>\u201d, que contar\u00e1 com muita divers\u00e3o, m\u00fasica, bar, brech\u00f3, brincadeiras e apresenta\u00e7\u00f5es.<\/p>\n<p style=\"text-align: right;\">\n<em>SMEd<\/em><br \/>\n<em>Roberton Reis<\/em><br \/>\n<em>Com informa\u00e7\u00f5es da EMEF Anselmo Dias Lopes<\/em><\/p>\n","protected":false},"excerpt":{"rendered":"<p>A Escola Municipal de Ensino Fundamental Anselmo Dias Lopes, que est\u00e1 localizada no bairro Vila Maria, realizar\u00e1, no pr\u00f3ximo domingo, dia 05 de agosto, das 14h30min \u00e0s 17h, o \u201cArraial da Fam\u00edlia Anselmo\u201d, que contar\u00e1 com muita divers\u00e3o, m\u00fasica, bar, brech\u00f3, brincadeiras e apresenta\u00e7\u00f5es. SMEd Roberton Reis Com informa\u00e7\u00f5es da EMEF Anselmo Dias Lopes<\/p>\n","protected":false},"author":7,"featured_media":0,"comment_status":"closed","ping_status":"closed","sticky":false,"template":"","format":"standard","meta":{"footnotes":""},"categories":[1,13],"tags":[],"class_list":["post-27669","post","type-post","status-publish","format-standard","hentry","category-noticias","category-pedagogico"],"_links":{"self":[{"href":"https:\/\/www.riogrande.rs.gov.br\/smed\/index.php?rest_route=\/wp\/v2\/posts\/27669"}],"collection":[{"href":"https:\/\/www.riogrande.rs.gov.br\/smed\/index.php?rest_route=\/wp\/v2\/posts"}],"about":[{"href":"https:\/\/www.riogrande.rs.gov.br\/smed\/index.php?rest_route=\/wp\/v2\/types\/post"}],"author":[{"embeddable":true,"href":"https:\/\/www.riogrande.rs.gov.br\/smed\/index.php?rest_route=\/wp\/v2\/users\/7"}],"replies":[{"embeddable":true,"href":"https:\/\/www.riogrande.rs.gov.br\/smed\/index.php?rest_route=%2Fwp%2Fv2%2Fcomments&post=27669"}],"version-history":[{"count":1,"href":"https:\/\/www.riogrande.rs.gov.br\/smed\/index.php?rest_route=\/wp\/v2\/posts\/27669\/revisions"}],"predecessor-version":[{"id":27670,"href":"https:\/\/www.riogrande.rs.gov.br\/smed\/index.php?rest_route=\/wp\/v2\/posts\/27669\/revisions\/27670"}],"wp:attachment":[{"href":"https:\/\/www.riogrande.rs.gov.br\/smed\/index.php?rest_route=%2Fwp%2Fv2%2Fmedia&parent=27669"}],"wp:term":[{"taxonomy":"category","embeddable":true,"href":"https:\/\/www.riogrande.rs.gov.br\/smed\/index.php?rest_route=%2Fwp%2Fv2%2Fcategories&post=27669"},{"taxonomy":"post_tag","embeddable":true,"href":"https:\/\/www.riogrande.rs.gov.br\/smed\/index.php?rest_route=%2Fwp%2Fv2%2Ftags&post=27669"}],"curies":[{"name":"wp","href":"https:\/\/api.w.org\/{rel}","templated":true}]}}