{"id":27663,"date":"2018-08-03T16:07:13","date_gmt":"2018-08-03T19:07:13","guid":{"rendered":"http:\/\/www.riogrande.rs.gov.br\/smed\/?p=27663"},"modified":"2018-08-03T16:07:13","modified_gmt":"2018-08-03T19:07:13","slug":"projeto-escritas-pelo-rio-grande-2018-escolas-da-rede-municipal-podem-realizar-inscricao-ate-o-dia-14","status":"publish","type":"post","link":"https:\/\/www.riogrande.rs.gov.br\/smed\/?p=27663","title":{"rendered":"Projeto \u201cEscritas pelo Rio Grande\u201d 2018: Escolas da Rede Municipal podem realizar inscri\u00e7\u00e3o at\u00e9 o dia 14"},"content":{"rendered":"<div id=\"attachment_27664\" style=\"width: 495px\" class=\"wp-caption aligncenter\"><a href=\"http:\/\/www.riogrande.rs.gov.br\/smed\/wp-content\/uploads\/2018\/08\/20180803-ped-escritasinscricao-image1.jpg\" rel=\"lightbox[27663]\"><img loading=\"lazy\" decoding=\"async\" aria-describedby=\"caption-attachment-27664\" class=\"size-medium wp-image-27664\" src=\"http:\/\/www.riogrande.rs.gov.br\/smed\/wp-content\/uploads\/2018\/08\/20180803-ped-escritasinscricao-image1-485x298.jpg\" alt=\"\" width=\"485\" height=\"298\" srcset=\"https:\/\/www.riogrande.rs.gov.br\/smed\/wp-content\/uploads\/2018\/08\/20180803-ped-escritasinscricao-image1-485x298.jpg 485w, https:\/\/www.riogrande.rs.gov.br\/smed\/wp-content\/uploads\/2018\/08\/20180803-ped-escritasinscricao-image1-768x471.jpg 768w, https:\/\/www.riogrande.rs.gov.br\/smed\/wp-content\/uploads\/2018\/08\/20180803-ped-escritasinscricao-image1-337x207.jpg 337w, https:\/\/www.riogrande.rs.gov.br\/smed\/wp-content\/uploads\/2018\/08\/20180803-ped-escritasinscricao-image1.jpg 800w\" sizes=\"(max-width: 485px) 100vw, 485px\" \/><\/a><p id=\"caption-attachment-27664\" class=\"wp-caption-text\">Divulga\u00e7\u00e3o<\/p><\/div>\n<p style=\"text-align: justify;\">A Secretaria de Munic\u00edpio da Educa\u00e7\u00e3o de Rio Grande (SMEd), atrav\u00e9s da Superintend\u00eancia de Gest\u00e3o Pedag\u00f3gica, informa que o per\u00edodo de inscri\u00e7\u00f5es para a 2\u00aa edi\u00e7\u00e3o do Projeto \u201c<b>Escritas pelo Rio Grande \u2013 uma cidade para se amar, cuidar e sentir<\/b>\u201d ir\u00e1 at\u00e9 o dia <strong>14 de agosto.<\/strong><\/p>\n<p style=\"text-align: justify;\"><!--more--><\/p>\n<p style=\"text-align: justify;\">O Projeto, que \u00e9 fruto de uma parceria entre os N\u00facleos dos Anos Iniciais, dos Anos Finais, da Educa\u00e7\u00e3o Integral, da Educa\u00e7\u00e3o de Jovens e Adultos, de Tecnologia Municipal, de Bibliotecas e de Educa\u00e7\u00e3o Ambiental e Patrimonial, neste ano, ter\u00e1 como enfoque a viv\u00eancia da mem\u00f3ria local e da geografia dos bairros e suas proximidades, fazendo emergir, no compartilhamento de conhecimentos e nas escritas realizadas pelos estudantes, a import\u00e2ncia do cuidar, preservar, sentir e amar o local onde vivem, agu\u00e7ando, assim, sua postura de cidad\u00e3o pertencente, correspons\u00e1vel e consciente do cuidado com o ambiente em que est\u00e1 inserido.<\/p>\n<p style=\"text-align: justify;\">As escolas interessadas em participar do Projeto poder\u00e3o realizar a inscri\u00e7\u00e3o clicando <a href=\"https:\/\/docs.google.com\/forms\/d\/1jBjMxXLndR9b57nVMZTFB19Fh1Jtd5_gLGCW41NM2bg\/edit\" target=\"_blank\" rel=\"noopener\"><strong>AQUI. <\/strong><\/a><\/p>\n<p>&nbsp;<\/p>\n<p style=\"text-align: right;\"><em>SMEd<\/em><br \/>\n<em>Roberton Reis<\/em><br \/>\n<em>Com informa\u00e7\u00f5es da Superintend\u00eancia de Gest\u00e3o Pedag\u00f3gica<\/em><\/p>\n","protected":false},"excerpt":{"rendered":"<p>A Secretaria de Munic\u00edpio da Educa\u00e7\u00e3o de Rio Grande (SMEd), atrav\u00e9s da Superintend\u00eancia de Gest\u00e3o Pedag\u00f3gica, informa que o per\u00edodo de inscri\u00e7\u00f5es para a 2\u00aa edi\u00e7\u00e3o do Projeto \u201cEscritas pelo Rio Grande \u2013 uma cidade para se amar, cuidar e sentir\u201d ir\u00e1 at\u00e9 o dia 14 de agosto.<\/p>\n","protected":false},"author":7,"featured_media":0,"comment_status":"closed","ping_status":"closed","sticky":false,"template":"","format":"standard","meta":{"footnotes":""},"categories":[1,13],"tags":[],"class_list":["post-27663","post","type-post","status-publish","format-standard","hentry","category-noticias","category-pedagogico"],"_links":{"self":[{"href":"https:\/\/www.riogrande.rs.gov.br\/smed\/index.php?rest_route=\/wp\/v2\/posts\/27663"}],"collection":[{"href":"https:\/\/www.riogrande.rs.gov.br\/smed\/index.php?rest_route=\/wp\/v2\/posts"}],"about":[{"href":"https:\/\/www.riogrande.rs.gov.br\/smed\/index.php?rest_route=\/wp\/v2\/types\/post"}],"author":[{"embeddable":true,"href":"https:\/\/www.riogrande.rs.gov.br\/smed\/index.php?rest_route=\/wp\/v2\/users\/7"}],"replies":[{"embeddable":true,"href":"https:\/\/www.riogrande.rs.gov.br\/smed\/index.php?rest_route=%2Fwp%2Fv2%2Fcomments&post=27663"}],"version-history":[{"count":1,"href":"https:\/\/www.riogrande.rs.gov.br\/smed\/index.php?rest_route=\/wp\/v2\/posts\/27663\/revisions"}],"predecessor-version":[{"id":27665,"href":"https:\/\/www.riogrande.rs.gov.br\/smed\/index.php?rest_route=\/wp\/v2\/posts\/27663\/revisions\/27665"}],"wp:attachment":[{"href":"https:\/\/www.riogrande.rs.gov.br\/smed\/index.php?rest_route=%2Fwp%2Fv2%2Fmedia&parent=27663"}],"wp:term":[{"taxonomy":"category","embeddable":true,"href":"https:\/\/www.riogrande.rs.gov.br\/smed\/index.php?rest_route=%2Fwp%2Fv2%2Fcategories&post=27663"},{"taxonomy":"post_tag","embeddable":true,"href":"https:\/\/www.riogrande.rs.gov.br\/smed\/index.php?rest_route=%2Fwp%2Fv2%2Ftags&post=27663"}],"curies":[{"name":"wp","href":"https:\/\/api.w.org\/{rel}","templated":true}]}}