{"id":27645,"date":"2018-08-03T15:47:09","date_gmt":"2018-08-03T18:47:09","guid":{"rendered":"http:\/\/www.riogrande.rs.gov.br\/smed\/?p=27645"},"modified":"2018-08-03T15:47:09","modified_gmt":"2018-08-03T18:47:09","slug":"smed-apresentou-a-tematica-da-2a-edicao-do-projeto-escritas-pelo-rio-grande-uma-cidade-para-se-amar-cuidar-e-sentir-no-dia-31","status":"publish","type":"post","link":"https:\/\/www.riogrande.rs.gov.br\/smed\/?p=27645","title":{"rendered":"SMEd apresentou a tem\u00e1tica da 2\u00aa edi\u00e7\u00e3o do Projeto \u201cEscritas pelo Rio Grande \u2013 uma cidade para se amar, cuidar e sentir\u201d no dia 31"},"content":{"rendered":"\n\t\t<style type=\"text\/css\">\n\t\t\t#gallery-1 {\n\t\t\t\tmargin: auto;\n\t\t\t}\n\t\t\t#gallery-1 .gallery-item {\n\t\t\t\tfloat: left;\n\t\t\t\tmargin-top: 10px;\n\t\t\t\ttext-align: center;\n\t\t\t\twidth: 33%;\n\t\t\t}\n\t\t\t#gallery-1 img {\n\t\t\t\tborder: 2px solid #cfcfcf;\n\t\t\t}\n\t\t\t#gallery-1 .gallery-caption {\n\t\t\t\tmargin-left: 0;\n\t\t\t}\n\t\t\t\/* see gallery_shortcode() in wp-includes\/media.php *\/\n\t\t<\/style>\n\t\t<div id='gallery-1' class='gallery galleryid-27645 gallery-columns-3 gallery-size-thumbnail'><dl class='gallery-item'>\n\t\t\t<dt class='gallery-icon landscape'>\n\t\t\t\t<a href='https:\/\/www.riogrande.rs.gov.br\/smed\/wp-content\/uploads\/2018\/08\/20180803-ped-escritas-image2.jpg' rel=\"lightbox[27645]\"><img loading=\"lazy\" decoding=\"async\" width=\"150\" height=\"150\" src=\"https:\/\/www.riogrande.rs.gov.br\/smed\/wp-content\/uploads\/2018\/08\/20180803-ped-escritas-image2-150x150.jpg\" class=\"attachment-thumbnail size-thumbnail\" alt=\"\" aria-describedby=\"gallery-1-27648\" \/><\/a>\n\t\t\t<\/dt>\n\t\t\t\t<dd class='wp-caption-text gallery-caption' id='gallery-1-27648'>\n\t\t\t\tCr\u00e9dito: Roberton Reis\n\t\t\t\t<\/dd><\/dl><dl class='gallery-item'>\n\t\t\t<dt class='gallery-icon landscape'>\n\t\t\t\t<a href='https:\/\/www.riogrande.rs.gov.br\/smed\/wp-content\/uploads\/2018\/08\/20180803-ped-escritas-image3.jpg' rel=\"lightbox[27645]\"><img loading=\"lazy\" decoding=\"async\" width=\"150\" height=\"150\" src=\"https:\/\/www.riogrande.rs.gov.br\/smed\/wp-content\/uploads\/2018\/08\/20180803-ped-escritas-image3-150x150.jpg\" class=\"attachment-thumbnail size-thumbnail\" alt=\"\" aria-describedby=\"gallery-1-27649\" \/><\/a>\n\t\t\t<\/dt>\n\t\t\t\t<dd class='wp-caption-text gallery-caption' id='gallery-1-27649'>\n\t\t\t\tCr\u00e9dito: Roberton Reis\n\t\t\t\t<\/dd><\/dl><dl class='gallery-item'>\n\t\t\t<dt class='gallery-icon landscape'>\n\t\t\t\t<a href='https:\/\/www.riogrande.rs.gov.br\/smed\/wp-content\/uploads\/2018\/08\/20180803-ped-escritas-image4.jpg' rel=\"lightbox[27645]\"><img loading=\"lazy\" decoding=\"async\" width=\"150\" height=\"150\" src=\"https:\/\/www.riogrande.rs.gov.br\/smed\/wp-content\/uploads\/2018\/08\/20180803-ped-escritas-image4-150x150.jpg\" class=\"attachment-thumbnail size-thumbnail\" alt=\"\" aria-describedby=\"gallery-1-27650\" \/><\/a>\n\t\t\t<\/dt>\n\t\t\t\t<dd class='wp-caption-text gallery-caption' id='gallery-1-27650'>\n\t\t\t\tCr\u00e9dito: Roberton Reis\n\t\t\t\t<\/dd><\/dl><br style=\"clear: both\" \/><dl class='gallery-item'>\n\t\t\t<dt class='gallery-icon landscape'>\n\t\t\t\t<a href='https:\/\/www.riogrande.rs.gov.br\/smed\/wp-content\/uploads\/2018\/08\/20180803-ped-escritas-image5.jpg' rel=\"lightbox[27645]\"><img loading=\"lazy\" decoding=\"async\" width=\"150\" height=\"150\" src=\"https:\/\/www.riogrande.rs.gov.br\/smed\/wp-content\/uploads\/2018\/08\/20180803-ped-escritas-image5-150x150.jpg\" class=\"attachment-thumbnail size-thumbnail\" alt=\"\" aria-describedby=\"gallery-1-27651\" \/><\/a>\n\t\t\t<\/dt>\n\t\t\t\t<dd class='wp-caption-text gallery-caption' id='gallery-1-27651'>\n\t\t\t\tCr\u00e9dito: Roberton Reis\n\t\t\t\t<\/dd><\/dl><dl class='gallery-item'>\n\t\t\t<dt class='gallery-icon landscape'>\n\t\t\t\t<a href='https:\/\/www.riogrande.rs.gov.br\/smed\/wp-content\/uploads\/2018\/08\/20180803-ped-escritas-image6.jpg' rel=\"lightbox[27645]\"><img loading=\"lazy\" decoding=\"async\" width=\"150\" height=\"150\" src=\"https:\/\/www.riogrande.rs.gov.br\/smed\/wp-content\/uploads\/2018\/08\/20180803-ped-escritas-image6-150x150.jpg\" class=\"attachment-thumbnail size-thumbnail\" alt=\"\" aria-describedby=\"gallery-1-27652\" \/><\/a>\n\t\t\t<\/dt>\n\t\t\t\t<dd class='wp-caption-text gallery-caption' id='gallery-1-27652'>\n\t\t\t\tCr\u00e9dito: Roberton Reis\n\t\t\t\t<\/dd><\/dl><dl class='gallery-item'>\n\t\t\t<dt class='gallery-icon landscape'>\n\t\t\t\t<a href='https:\/\/www.riogrande.rs.gov.br\/smed\/wp-content\/uploads\/2018\/08\/20180803-ped-escritas-image7.jpg' rel=\"lightbox[27645]\"><img loading=\"lazy\" decoding=\"async\" width=\"150\" height=\"150\" src=\"https:\/\/www.riogrande.rs.gov.br\/smed\/wp-content\/uploads\/2018\/08\/20180803-ped-escritas-image7-150x150.jpg\" class=\"attachment-thumbnail size-thumbnail\" alt=\"\" aria-describedby=\"gallery-1-27653\" \/><\/a>\n\t\t\t<\/dt>\n\t\t\t\t<dd class='wp-caption-text gallery-caption' id='gallery-1-27653'>\n\t\t\t\tCr\u00e9dito: Roberton Reis\n\t\t\t\t<\/dd><\/dl><br style=\"clear: both\" \/><dl class='gallery-item'>\n\t\t\t<dt class='gallery-icon landscape'>\n\t\t\t\t<a href='https:\/\/www.riogrande.rs.gov.br\/smed\/wp-content\/uploads\/2018\/08\/20180803-ped-escritas-image8.jpg' rel=\"lightbox[27645]\"><img loading=\"lazy\" decoding=\"async\" width=\"150\" height=\"150\" src=\"https:\/\/www.riogrande.rs.gov.br\/smed\/wp-content\/uploads\/2018\/08\/20180803-ped-escritas-image8-150x150.jpg\" class=\"attachment-thumbnail size-thumbnail\" alt=\"\" aria-describedby=\"gallery-1-27654\" \/><\/a>\n\t\t\t<\/dt>\n\t\t\t\t<dd class='wp-caption-text gallery-caption' id='gallery-1-27654'>\n\t\t\t\tCr\u00e9dito: Roberton Reis\n\t\t\t\t<\/dd><\/dl><dl class='gallery-item'>\n\t\t\t<dt class='gallery-icon landscape'>\n\t\t\t\t<a href='https:\/\/www.riogrande.rs.gov.br\/smed\/wp-content\/uploads\/2018\/08\/20180803-ped-escritas-image9.jpg' rel=\"lightbox[27645]\"><img loading=\"lazy\" decoding=\"async\" width=\"150\" height=\"150\" src=\"https:\/\/www.riogrande.rs.gov.br\/smed\/wp-content\/uploads\/2018\/08\/20180803-ped-escritas-image9-150x150.jpg\" class=\"attachment-thumbnail size-thumbnail\" alt=\"\" aria-describedby=\"gallery-1-27655\" \/><\/a>\n\t\t\t<\/dt>\n\t\t\t\t<dd class='wp-caption-text gallery-caption' id='gallery-1-27655'>\n\t\t\t\tCr\u00e9dito: Roberton Reis\n\t\t\t\t<\/dd><\/dl><dl class='gallery-item'>\n\t\t\t<dt class='gallery-icon landscape'>\n\t\t\t\t<a href='https:\/\/www.riogrande.rs.gov.br\/smed\/wp-content\/uploads\/2018\/08\/20180803-ped-escritas-image1.jpg' rel=\"lightbox[27645]\"><img loading=\"lazy\" decoding=\"async\" width=\"150\" height=\"150\" src=\"https:\/\/www.riogrande.rs.gov.br\/smed\/wp-content\/uploads\/2018\/08\/20180803-ped-escritas-image1-150x150.jpg\" class=\"attachment-thumbnail size-thumbnail\" alt=\"\" aria-describedby=\"gallery-1-27647\" \/><\/a>\n\t\t\t<\/dt>\n\t\t\t\t<dd class='wp-caption-text gallery-caption' id='gallery-1-27647'>\n\t\t\t\tCr\u00e9dito: Roberton Reis\n\t\t\t\t<\/dd><\/dl><br style=\"clear: both\" \/>\n\t\t<\/div>\n\n<p style=\"text-align: justify;\">O Projeto \u201c<b>Escritas pelo Rio Grande \u2013 uma cidade para se amar, cuidar e sentir\u201d<\/b>, em conson\u00e2ncia com as a\u00e7\u00f5es do novo Tema Integrador da Prefeitura Municipal: \u201c<b>Rio Grande ComVida<\/b>\u201d, o qual foi lan\u00e7ado neste ano, e norteado pelas a\u00e7\u00f5es do <b>Projeto ComVida<\/b>, da Secretaria de Munic\u00edpio da Educa\u00e7\u00e3o, teve o lan\u00e7amento da sua \u00a02\u00aa edi\u00e7\u00e3o na<b> \u00faltima ter\u00e7a-feira, dia 31 de agosto<\/b>, contemplando os turnos da manh\u00e3, tarde e noite, na EMEF Helena Small.<\/p>\n<p style=\"text-align: justify;\"><!--more--><\/p>\n<p style=\"text-align: justify;\">\n<p style=\"text-align: justify;\">Na oportunidade, os coordenadores, supervisores e professores de L\u00edngua Portuguesa dos Anos Iniciais, dos Anos Finais e da Educa\u00e7\u00e3o de Jovens e Adultos (EJA), das escolas da rede p\u00fablica municipal de ensino tiveram a oportunidade de se apropriarem da proposta deste Projeto, bem como participarem de uma \u201c<b>Oficina sobre G\u00eanero Textual<\/b>\u201d.<\/p>\n<p style=\"text-align: justify;\">O \u00a0trabalho integrado das Assessorias dos N\u00facleos busca desenvolver uma proposta interdisciplinar, imbu\u00edda do trabalho com a efetiva\u00e7\u00e3o dos G\u00eaneros Textuais, contemplando tanto o Ensino Fundamental \u00a0quanto a Modalidade da EJA, visando a valoriza\u00e7\u00e3o do meio ao qual pertencem.<\/p>\n<p style=\"text-align: justify;\">Em 2018, o Projeto ter\u00e1 como enfoque a viv\u00eancia da mem\u00f3ria local e da geografia dos bairros e suas proximidades, fazendo emergir, no compartilhamento de conhecimentos e nas escritas realizadas pelos estudantes, a import\u00e2ncia do cuidar, preservar, sentir e amar o local onde vivem, agu\u00e7ando, assim, sua postura de cidad\u00e3o pertencente, correspons\u00e1vel e consciente do cuidado com o ambiente em que est\u00e1 inserido.<\/p>\n<p style=\"text-align: justify;\">As assessorias envolvidas neste Projeto propiciar\u00e3o, por meio de oficinas, a constru\u00e7\u00e3o destas mem\u00f3rias, transformadas pelos estudantes em versos e narrativas. O material discursivo tornar-se-\u00e1 subs\u00eddio para consolida\u00e7\u00e3o da identidade local, respeitando os diferentes grupos sociais e culturais.<\/p>\n<p style=\"text-align: justify;\">Por compreendermos a necessidade do ler, do interpretar e do escrever, provocamos outros desafios na forma de abordagem do tema deste trabalho com vistas \u00e0 ascens\u00e3o do sujeito ao mundo da cultura letrada, na busca de uma \u00a0maior participa\u00e7\u00e3o, interesse e envolvimento, tornando as estrat\u00e9gias do Projeto condizentes com a proposta da Secretaria, uma Escola ComVida.<\/p>\n<p style=\"text-align: justify;\"><b>As atividades ser\u00e3o desenvolvidas, conforme o Cronograma a seguir:<\/b><\/p>\n<div id=\"attachment_27646\" style=\"width: 495px\" class=\"wp-caption aligncenter\"><a href=\"http:\/\/www.riogrande.rs.gov.br\/smed\/wp-content\/uploads\/2018\/08\/20180803-escritas1.jpg\" rel=\"lightbox[27645]\"><img loading=\"lazy\" decoding=\"async\" aria-describedby=\"caption-attachment-27646\" class=\"size-medium wp-image-27646\" src=\"http:\/\/www.riogrande.rs.gov.br\/smed\/wp-content\/uploads\/2018\/08\/20180803-escritas1-485x246.jpg\" alt=\"\" width=\"485\" height=\"246\" srcset=\"https:\/\/www.riogrande.rs.gov.br\/smed\/wp-content\/uploads\/2018\/08\/20180803-escritas1-485x246.jpg 485w, https:\/\/www.riogrande.rs.gov.br\/smed\/wp-content\/uploads\/2018\/08\/20180803-escritas1-408x207.jpg 408w, https:\/\/www.riogrande.rs.gov.br\/smed\/wp-content\/uploads\/2018\/08\/20180803-escritas1.jpg 607w\" sizes=\"(max-width: 485px) 100vw, 485px\" \/><\/a><p id=\"caption-attachment-27646\" class=\"wp-caption-text\">Atividades<\/p><\/div>\n<p style=\"text-align: right;\"><em>SMEd<\/em><br \/>\n<em>Roberton Reis<\/em><\/p>\n","protected":false},"excerpt":{"rendered":"<p>O Projeto \u201cEscritas pelo Rio Grande \u2013 uma cidade para se amar, cuidar e sentir\u201d, em conson\u00e2ncia com as a\u00e7\u00f5es do novo Tema Integrador da Prefeitura Municipal: \u201cRio Grande ComVida\u201d, o qual foi lan\u00e7ado neste ano, e norteado pelas a\u00e7\u00f5es do Projeto ComVida, da Secretaria de Munic\u00edpio da Educa\u00e7\u00e3o, teve o lan\u00e7amento da sua \u00a02\u00aa [&hellip;]<\/p>\n","protected":false},"author":7,"featured_media":0,"comment_status":"closed","ping_status":"closed","sticky":false,"template":"","format":"standard","meta":{"footnotes":""},"categories":[1,13],"tags":[],"class_list":["post-27645","post","type-post","status-publish","format-standard","hentry","category-noticias","category-pedagogico"],"_links":{"self":[{"href":"https:\/\/www.riogrande.rs.gov.br\/smed\/index.php?rest_route=\/wp\/v2\/posts\/27645"}],"collection":[{"href":"https:\/\/www.riogrande.rs.gov.br\/smed\/index.php?rest_route=\/wp\/v2\/posts"}],"about":[{"href":"https:\/\/www.riogrande.rs.gov.br\/smed\/index.php?rest_route=\/wp\/v2\/types\/post"}],"author":[{"embeddable":true,"href":"https:\/\/www.riogrande.rs.gov.br\/smed\/index.php?rest_route=\/wp\/v2\/users\/7"}],"replies":[{"embeddable":true,"href":"https:\/\/www.riogrande.rs.gov.br\/smed\/index.php?rest_route=%2Fwp%2Fv2%2Fcomments&post=27645"}],"version-history":[{"count":1,"href":"https:\/\/www.riogrande.rs.gov.br\/smed\/index.php?rest_route=\/wp\/v2\/posts\/27645\/revisions"}],"predecessor-version":[{"id":27656,"href":"https:\/\/www.riogrande.rs.gov.br\/smed\/index.php?rest_route=\/wp\/v2\/posts\/27645\/revisions\/27656"}],"wp:attachment":[{"href":"https:\/\/www.riogrande.rs.gov.br\/smed\/index.php?rest_route=%2Fwp%2Fv2%2Fmedia&parent=27645"}],"wp:term":[{"taxonomy":"category","embeddable":true,"href":"https:\/\/www.riogrande.rs.gov.br\/smed\/index.php?rest_route=%2Fwp%2Fv2%2Fcategories&post=27645"},{"taxonomy":"post_tag","embeddable":true,"href":"https:\/\/www.riogrande.rs.gov.br\/smed\/index.php?rest_route=%2Fwp%2Fv2%2Ftags&post=27645"}],"curies":[{"name":"wp","href":"https:\/\/api.w.org\/{rel}","templated":true}]}}