{"id":27640,"date":"2018-08-02T15:50:17","date_gmt":"2018-08-02T18:50:17","guid":{"rendered":"http:\/\/www.riogrande.rs.gov.br\/smed\/?p=27640"},"modified":"2018-08-02T15:50:17","modified_gmt":"2018-08-02T18:50:17","slug":"encceja-2018-provas-serao-aplicadas-neste-domingo-5","status":"publish","type":"post","link":"https:\/\/www.riogrande.rs.gov.br\/smed\/?p=27640","title":{"rendered":"Encceja 2018: Provas ser\u00e3o aplicadas neste domingo (5)"},"content":{"rendered":"<div id=\"attachment_27641\" style=\"width: 495px\" class=\"wp-caption aligncenter\"><a href=\"http:\/\/www.riogrande.rs.gov.br\/smed\/wp-content\/uploads\/2018\/08\/20180802-ped-encceja.png\" rel=\"lightbox[27640]\"><img loading=\"lazy\" decoding=\"async\" aria-describedby=\"caption-attachment-27641\" class=\"size-medium wp-image-27641\" src=\"http:\/\/www.riogrande.rs.gov.br\/smed\/wp-content\/uploads\/2018\/08\/20180802-ped-encceja-485x127.png\" alt=\"\" width=\"485\" height=\"127\" srcset=\"https:\/\/www.riogrande.rs.gov.br\/smed\/wp-content\/uploads\/2018\/08\/20180802-ped-encceja-485x127.png 485w, https:\/\/www.riogrande.rs.gov.br\/smed\/wp-content\/uploads\/2018\/08\/20180802-ped-encceja-768x202.png 768w, https:\/\/www.riogrande.rs.gov.br\/smed\/wp-content\/uploads\/2018\/08\/20180802-ped-encceja-789x207.png 789w, https:\/\/www.riogrande.rs.gov.br\/smed\/wp-content\/uploads\/2018\/08\/20180802-ped-encceja.png 800w\" sizes=\"(max-width: 485px) 100vw, 485px\" \/><\/a><p id=\"caption-attachment-27641\" class=\"wp-caption-text\">Divulga\u00e7\u00e3o<\/p><\/div>\n<p style=\"text-align: justify;\">No pr\u00f3ximo domingo, dia 05 de agosto, mais de 1 milh\u00e3o de candidatos far\u00e3o o Exame Nacional para Certifica\u00e7\u00e3o de Compet\u00eancias de Jovens e Adultos (Encceja Nacional 2018) com objetivo de concluir o Ensino Fundamental e Ensino M\u00e9dio.<\/p>\n<p style=\"text-align: right;\"><em>SMEd<\/em><br \/>\n<em>Com informa\u00e7\u00f5es do INEP<\/em><\/p>\n","protected":false},"excerpt":{"rendered":"<p>No pr\u00f3ximo domingo, dia 05 de agosto, mais de 1 milh\u00e3o de candidatos far\u00e3o o Exame Nacional para Certifica\u00e7\u00e3o de Compet\u00eancias de Jovens e Adultos (Encceja Nacional 2018) com objetivo de concluir o Ensino Fundamental e Ensino M\u00e9dio. SMEd Com informa\u00e7\u00f5es do INEP<\/p>\n","protected":false},"author":7,"featured_media":0,"comment_status":"closed","ping_status":"closed","sticky":false,"template":"","format":"standard","meta":{"footnotes":""},"categories":[1,13],"tags":[],"class_list":["post-27640","post","type-post","status-publish","format-standard","hentry","category-noticias","category-pedagogico"],"_links":{"self":[{"href":"https:\/\/www.riogrande.rs.gov.br\/smed\/index.php?rest_route=\/wp\/v2\/posts\/27640"}],"collection":[{"href":"https:\/\/www.riogrande.rs.gov.br\/smed\/index.php?rest_route=\/wp\/v2\/posts"}],"about":[{"href":"https:\/\/www.riogrande.rs.gov.br\/smed\/index.php?rest_route=\/wp\/v2\/types\/post"}],"author":[{"embeddable":true,"href":"https:\/\/www.riogrande.rs.gov.br\/smed\/index.php?rest_route=\/wp\/v2\/users\/7"}],"replies":[{"embeddable":true,"href":"https:\/\/www.riogrande.rs.gov.br\/smed\/index.php?rest_route=%2Fwp%2Fv2%2Fcomments&post=27640"}],"version-history":[{"count":1,"href":"https:\/\/www.riogrande.rs.gov.br\/smed\/index.php?rest_route=\/wp\/v2\/posts\/27640\/revisions"}],"predecessor-version":[{"id":27643,"href":"https:\/\/www.riogrande.rs.gov.br\/smed\/index.php?rest_route=\/wp\/v2\/posts\/27640\/revisions\/27643"}],"wp:attachment":[{"href":"https:\/\/www.riogrande.rs.gov.br\/smed\/index.php?rest_route=%2Fwp%2Fv2%2Fmedia&parent=27640"}],"wp:term":[{"taxonomy":"category","embeddable":true,"href":"https:\/\/www.riogrande.rs.gov.br\/smed\/index.php?rest_route=%2Fwp%2Fv2%2Fcategories&post=27640"},{"taxonomy":"post_tag","embeddable":true,"href":"https:\/\/www.riogrande.rs.gov.br\/smed\/index.php?rest_route=%2Fwp%2Fv2%2Ftags&post=27640"}],"curies":[{"name":"wp","href":"https:\/\/api.w.org\/{rel}","templated":true}]}}