{"id":27617,"date":"2018-08-02T15:06:23","date_gmt":"2018-08-02T18:06:23","guid":{"rendered":"http:\/\/www.riogrande.rs.gov.br\/smed\/?p=27617"},"modified":"2018-08-02T15:12:19","modified_gmt":"2018-08-02T18:12:19","slug":"27617","status":"publish","type":"post","link":"https:\/\/www.riogrande.rs.gov.br\/smed\/?p=27617","title":{"rendered":"PREFEITO NA ESCOLA: ALEXANDRE VISITA EMEF NAVEGANTES"},"content":{"rendered":"\n\t\t<style type=\"text\/css\">\n\t\t\t#gallery-1 {\n\t\t\t\tmargin: auto;\n\t\t\t}\n\t\t\t#gallery-1 .gallery-item {\n\t\t\t\tfloat: left;\n\t\t\t\tmargin-top: 10px;\n\t\t\t\ttext-align: center;\n\t\t\t\twidth: 33%;\n\t\t\t}\n\t\t\t#gallery-1 img {\n\t\t\t\tborder: 2px solid #cfcfcf;\n\t\t\t}\n\t\t\t#gallery-1 .gallery-caption {\n\t\t\t\tmargin-left: 0;\n\t\t\t}\n\t\t\t\/* see gallery_shortcode() in wp-includes\/media.php *\/\n\t\t<\/style>\n\t\t<div id='gallery-1' class='gallery galleryid-27617 gallery-columns-3 gallery-size-thumbnail'><dl class='gallery-item'>\n\t\t\t<dt class='gallery-icon landscape'>\n\t\t\t\t<a href='https:\/\/www.riogrande.rs.gov.br\/smed\/wp-content\/uploads\/2018\/08\/20180802-pmrg1.jpg' rel=\"lightbox[27617]\"><img loading=\"lazy\" decoding=\"async\" width=\"150\" height=\"150\" src=\"https:\/\/www.riogrande.rs.gov.br\/smed\/wp-content\/uploads\/2018\/08\/20180802-pmrg1-150x150.jpg\" class=\"attachment-thumbnail size-thumbnail\" alt=\"\" aria-describedby=\"gallery-1-27618\" \/><\/a>\n\t\t\t<\/dt>\n\t\t\t\t<dd class='wp-caption-text gallery-caption' id='gallery-1-27618'>\n\t\t\t\tCr\u00e9dito: Marcos Jatahy\n\t\t\t\t<\/dd><\/dl><dl class='gallery-item'>\n\t\t\t<dt class='gallery-icon landscape'>\n\t\t\t\t<a href='https:\/\/www.riogrande.rs.gov.br\/smed\/wp-content\/uploads\/2018\/08\/20180802-pmrg2.jpg' rel=\"lightbox[27617]\"><img loading=\"lazy\" decoding=\"async\" width=\"150\" height=\"150\" src=\"https:\/\/www.riogrande.rs.gov.br\/smed\/wp-content\/uploads\/2018\/08\/20180802-pmrg2-150x150.jpg\" class=\"attachment-thumbnail size-thumbnail\" alt=\"\" aria-describedby=\"gallery-1-27619\" \/><\/a>\n\t\t\t<\/dt>\n\t\t\t\t<dd class='wp-caption-text gallery-caption' id='gallery-1-27619'>\n\t\t\t\tCr\u00e9dito: Marcos Jatahy\n\t\t\t\t<\/dd><\/dl><dl class='gallery-item'>\n\t\t\t<dt class='gallery-icon landscape'>\n\t\t\t\t<a href='https:\/\/www.riogrande.rs.gov.br\/smed\/wp-content\/uploads\/2018\/08\/20180802-pmrg3.jpg' rel=\"lightbox[27617]\"><img loading=\"lazy\" decoding=\"async\" width=\"150\" height=\"150\" src=\"https:\/\/www.riogrande.rs.gov.br\/smed\/wp-content\/uploads\/2018\/08\/20180802-pmrg3-150x150.jpg\" class=\"attachment-thumbnail size-thumbnail\" alt=\"\" aria-describedby=\"gallery-1-27620\" \/><\/a>\n\t\t\t<\/dt>\n\t\t\t\t<dd class='wp-caption-text gallery-caption' id='gallery-1-27620'>\n\t\t\t\tCr\u00e9dito: Marcos Jatahy\n\t\t\t\t<\/dd><\/dl><br style=\"clear: both\" \/>\n\t\t<\/div>\n\n<p style=\"text-align: justify;\">Fonte: <a href=\"http:\/\/www.riogrande.rs.gov.br\/pagina\/index.php\/noticias\/detalhes+408a2f,,prefeito-na-escola-alexandre-visita-emef-navegantes.html#.W2NEJ60lHGJ\" target=\"_blank\" rel=\"noopener\"><strong>www.riogrande.rs.gov.br<\/strong><\/a><\/p>\n<p style=\"text-align: justify;\">Na companhia das gestoras da Secretaria de Munic\u00edpio da Educa\u00e7\u00e3o, Adriana Carvalho e Vanessa Pintanel, o prefeito Alexandre Lindenmeyer visitou mais uma institui\u00e7\u00e3o municipal de ensino, a EMEF Navegantes, na tarde de quarta-feira (1). A a\u00e7\u00e3o deu continuidade ao projeto Prefeito na Escola, que visa estreitar o di\u00e1logo do Executivo com as escolas da Rede Municipal de Ensino e a divulga\u00e7\u00e3o do programa Rio Grande ComVida.<\/p>\n<p><!--more--><\/p>\n<p style=\"text-align: justify;\">Na oportunidade, Alexandre visitou as sete salas de aula e demais instala\u00e7\u00f5es da escola do munic\u00edpio, que est\u00e1 pr\u00f3ximo de completar 60 anos de atividades. Em cada espa\u00e7o, o gestor dialogou com funcion\u00e1rios, funcion\u00e1rias e, em especial, com as crian\u00e7as que estudam no local, que puderam conhecer um pouco mais sobre o trabalho desenvolvido pela Prefeitura.<\/p>\n<p style=\"text-align: justify;\">No di\u00e1logo com os pequenos, o prefeito ressaltou o papel da educa\u00e7\u00e3o, a import\u00e2ncia da escola e da leitura na forma\u00e7\u00e3o cidad\u00e3 de cada um e de cada uma.<\/p>\n<p style=\"text-align: justify;\">\u201c<strong>Aproveitem o m\u00e1ximo o tempo de escola. A escola \u00e9 o espa\u00e7o para construirmos boas amizades e respeitarmos as diferen\u00e7as. Aqui, voc\u00eas ir\u00e3o aprender muita coisa boa que ir\u00e3o levar para o resto da vida de voc\u00eas<\/strong>\u201d, disse para uma turma de educa\u00e7\u00e3o infantil.<\/p>\n<p style=\"text-align: justify;\">A EMEF Navegantes atende 94 alunos e alunas da educa\u00e7\u00e3o infantil, com idade de 4 a 5 anos, at\u00e9 o 5\u00ba ano do Ensino Fundamental. De acordo com a diretora da escola, Andreia da Silva, a escola desenvolve projetos que integram a fam\u00edlia e a institui\u00e7\u00e3o de ensino, sobre alimenta\u00e7\u00e3o saud\u00e1vel e diversidade.<\/p>\n<p style=\"text-align: justify;\">\u201c<strong>Nossa escola completou 58 anos neste ano e atende, especialmente, crian\u00e7as de fam\u00edlias que vivem no pr\u00f3prio bairro. H\u00e1 um afeto muito grande da nossa comunidade, sobretudo, pelo fato de muitos pais e, at\u00e9 mesmo av\u00f3s, dos nossos alunos e alunas terem estudado aqui<\/strong>\u201d, ressaltou. Andreia trabalha na escola h\u00e1 7 anos e em 2018 usufrui da primeira experi\u00eancia como gestora. \u201c<strong>Recebemos o prefeito com muito carinho e expectativa no atendimento das nossas demandas<\/strong>\u201d, disse, ao destacar ser a primeira vez que um prefeito visita a respectiva escola.<\/p>\n<p style=\"text-align: justify;\">Os pleitos foram encaminhados pelo Chefe do Executivo e ser\u00e3o apreciados pela Secretaria de Mun\u00edcipio da Educa\u00e7\u00e3o. O projeto Prefeito na Escola est\u00e1 inserido dentro do Programa Rio Grande ComVida e acontece todas as quartas-feiras nas escolas da Rede Municipal de Ensino.<\/p>\n","protected":false},"excerpt":{"rendered":"<p>Fonte: www.riogrande.rs.gov.br Na companhia das gestoras da Secretaria de Munic\u00edpio da Educa\u00e7\u00e3o, Adriana Carvalho e Vanessa Pintanel, o prefeito Alexandre Lindenmeyer visitou mais uma institui\u00e7\u00e3o municipal de ensino, a EMEF Navegantes, na tarde de quarta-feira (1). A a\u00e7\u00e3o deu continuidade ao projeto Prefeito na Escola, que visa estreitar o di\u00e1logo do Executivo com as escolas [&hellip;]<\/p>\n","protected":false},"author":7,"featured_media":0,"comment_status":"closed","ping_status":"closed","sticky":false,"template":"","format":"standard","meta":{"footnotes":""},"categories":[1],"tags":[],"class_list":["post-27617","post","type-post","status-publish","format-standard","hentry","category-noticias"],"_links":{"self":[{"href":"https:\/\/www.riogrande.rs.gov.br\/smed\/index.php?rest_route=\/wp\/v2\/posts\/27617"}],"collection":[{"href":"https:\/\/www.riogrande.rs.gov.br\/smed\/index.php?rest_route=\/wp\/v2\/posts"}],"about":[{"href":"https:\/\/www.riogrande.rs.gov.br\/smed\/index.php?rest_route=\/wp\/v2\/types\/post"}],"author":[{"embeddable":true,"href":"https:\/\/www.riogrande.rs.gov.br\/smed\/index.php?rest_route=\/wp\/v2\/users\/7"}],"replies":[{"embeddable":true,"href":"https:\/\/www.riogrande.rs.gov.br\/smed\/index.php?rest_route=%2Fwp%2Fv2%2Fcomments&post=27617"}],"version-history":[{"count":3,"href":"https:\/\/www.riogrande.rs.gov.br\/smed\/index.php?rest_route=\/wp\/v2\/posts\/27617\/revisions"}],"predecessor-version":[{"id":27623,"href":"https:\/\/www.riogrande.rs.gov.br\/smed\/index.php?rest_route=\/wp\/v2\/posts\/27617\/revisions\/27623"}],"wp:attachment":[{"href":"https:\/\/www.riogrande.rs.gov.br\/smed\/index.php?rest_route=%2Fwp%2Fv2%2Fmedia&parent=27617"}],"wp:term":[{"taxonomy":"category","embeddable":true,"href":"https:\/\/www.riogrande.rs.gov.br\/smed\/index.php?rest_route=%2Fwp%2Fv2%2Fcategories&post=27617"},{"taxonomy":"post_tag","embeddable":true,"href":"https:\/\/www.riogrande.rs.gov.br\/smed\/index.php?rest_route=%2Fwp%2Fv2%2Ftags&post=27617"}],"curies":[{"name":"wp","href":"https:\/\/api.w.org\/{rel}","templated":true}]}}