{"id":27580,"date":"2018-07-30T16:44:47","date_gmt":"2018-07-30T19:44:47","guid":{"rendered":"http:\/\/www.riogrande.rs.gov.br\/smed\/?p=27580"},"modified":"2018-07-30T16:48:05","modified_gmt":"2018-07-30T19:48:05","slug":"i-feira-do-livro-da-emef-clemente-pinto-acontecera-no-dia-11-de-agosto","status":"publish","type":"post","link":"https:\/\/www.riogrande.rs.gov.br\/smed\/?p=27580","title":{"rendered":"\u201cI Feira do Livro\u201d da EMEF Clemente Pinto acontecer\u00e1 no dia 11 de agosto"},"content":{"rendered":"<div id=\"attachment_27582\" style=\"width: 495px\" class=\"wp-caption aligncenter\"><a href=\"http:\/\/www.riogrande.rs.gov.br\/smed\/wp-content\/uploads\/2018\/07\/20180730-ped-clemente-image1.jpg\" rel=\"lightbox[27580]\"><img loading=\"lazy\" decoding=\"async\" aria-describedby=\"caption-attachment-27582\" class=\"size-medium wp-image-27582\" src=\"http:\/\/www.riogrande.rs.gov.br\/smed\/wp-content\/uploads\/2018\/07\/20180730-ped-clemente-image1-485x701.jpg\" alt=\"\" width=\"485\" height=\"701\" srcset=\"https:\/\/www.riogrande.rs.gov.br\/smed\/wp-content\/uploads\/2018\/07\/20180730-ped-clemente-image1-485x701.jpg 485w, https:\/\/www.riogrande.rs.gov.br\/smed\/wp-content\/uploads\/2018\/07\/20180730-ped-clemente-image1-768x1110.jpg 768w, https:\/\/www.riogrande.rs.gov.br\/smed\/wp-content\/uploads\/2018\/07\/20180730-ped-clemente-image1-143x207.jpg 143w, https:\/\/www.riogrande.rs.gov.br\/smed\/wp-content\/uploads\/2018\/07\/20180730-ped-clemente-image1.jpg 800w\" sizes=\"(max-width: 485px) 100vw, 485px\" \/><\/a><p id=\"caption-attachment-27582\" class=\"wp-caption-text\">Divulga\u00e7\u00e3o<\/p><\/div>\n<p style=\"text-align: justify;\">A Escola Municipal de Ensino Fundamental <b>Clemente Pinto<\/b>, que est\u00e1 localizada no bairro Cidade Nova, realizar\u00e1, no dia <b>11 de agosto<\/b>, s\u00e1bado, a partir das <b>10h<\/b>, a sua \u201c<b>I Feira do Livro<\/b>\u201d, a qual ter\u00e1 o poeta Vinicius de Moraes como patrono.<\/p>\n<p>&nbsp;<\/p>\n<p style=\"text-align: right;\"><em>SMEd<\/em><br \/>\n<em>Roberton Reis<\/em><br \/>\n<em>Com informa\u00e7\u00f5es da EMEF Clemente Pinto<\/em><\/p>\n","protected":false},"excerpt":{"rendered":"<p>A Escola Municipal de Ensino Fundamental Clemente Pinto, que est\u00e1 localizada no bairro Cidade Nova, realizar\u00e1, no dia 11 de agosto, s\u00e1bado, a partir das 10h, a sua \u201cI Feira do Livro\u201d, a qual ter\u00e1 o poeta Vinicius de Moraes como patrono. &nbsp; SMEd Roberton Reis Com informa\u00e7\u00f5es da EMEF Clemente Pinto<\/p>\n","protected":false},"author":7,"featured_media":0,"comment_status":"closed","ping_status":"closed","sticky":false,"template":"","format":"standard","meta":{"footnotes":""},"categories":[1,13],"tags":[],"class_list":["post-27580","post","type-post","status-publish","format-standard","hentry","category-noticias","category-pedagogico"],"_links":{"self":[{"href":"https:\/\/www.riogrande.rs.gov.br\/smed\/index.php?rest_route=\/wp\/v2\/posts\/27580"}],"collection":[{"href":"https:\/\/www.riogrande.rs.gov.br\/smed\/index.php?rest_route=\/wp\/v2\/posts"}],"about":[{"href":"https:\/\/www.riogrande.rs.gov.br\/smed\/index.php?rest_route=\/wp\/v2\/types\/post"}],"author":[{"embeddable":true,"href":"https:\/\/www.riogrande.rs.gov.br\/smed\/index.php?rest_route=\/wp\/v2\/users\/7"}],"replies":[{"embeddable":true,"href":"https:\/\/www.riogrande.rs.gov.br\/smed\/index.php?rest_route=%2Fwp%2Fv2%2Fcomments&post=27580"}],"version-history":[{"count":3,"href":"https:\/\/www.riogrande.rs.gov.br\/smed\/index.php?rest_route=\/wp\/v2\/posts\/27580\/revisions"}],"predecessor-version":[{"id":27584,"href":"https:\/\/www.riogrande.rs.gov.br\/smed\/index.php?rest_route=\/wp\/v2\/posts\/27580\/revisions\/27584"}],"wp:attachment":[{"href":"https:\/\/www.riogrande.rs.gov.br\/smed\/index.php?rest_route=%2Fwp%2Fv2%2Fmedia&parent=27580"}],"wp:term":[{"taxonomy":"category","embeddable":true,"href":"https:\/\/www.riogrande.rs.gov.br\/smed\/index.php?rest_route=%2Fwp%2Fv2%2Fcategories&post=27580"},{"taxonomy":"post_tag","embeddable":true,"href":"https:\/\/www.riogrande.rs.gov.br\/smed\/index.php?rest_route=%2Fwp%2Fv2%2Ftags&post=27580"}],"curies":[{"name":"wp","href":"https:\/\/api.w.org\/{rel}","templated":true}]}}