{"id":27561,"date":"2018-07-24T17:56:32","date_gmt":"2018-07-24T20:56:32","guid":{"rendered":"http:\/\/www.riogrande.rs.gov.br\/smed\/?p=27561"},"modified":"2018-07-24T17:59:03","modified_gmt":"2018-07-24T20:59:03","slug":"smed-promove-encontro-para-apresentar-a-tematica-da-2a-edicao-do-projeto-escritas-pelo-rio-grande-uma-cidade-para-se-amar-cuidar-e-sentir","status":"publish","type":"post","link":"https:\/\/www.riogrande.rs.gov.br\/smed\/?p=27561","title":{"rendered":"SMEd promove Encontro para apresentar a tem\u00e1tica da 2\u00aa edi\u00e7\u00e3o do Projeto \u201cEscritas pelo Rio Grande &#8211; uma cidade para se amar, cuidar e sentir\u201d"},"content":{"rendered":"<p style=\"text-align: justify;\">A Secretaria de Munic\u00edpio da Educa\u00e7\u00e3o de Rio Grande (SMEd), atrav\u00e9s da parceria entre os N\u00facleos dos Anos Iniciais, dos Anos Finais, da Educa\u00e7\u00e3o Integral, da Educa\u00e7\u00e3o de Jovens e Adultos, de Tecnologia Municipal, de Bibliotecas e de Educa\u00e7\u00e3o Ambiental e Patrimonial, promover\u00e1, no dia <b>31 de julho<\/b>, encontro de forma\u00e7\u00e3o para apresentar a tem\u00e1tica da 2\u00ba edi\u00e7\u00e3o do Projeto \u201c<b>Escritas pelo Rio Grande &#8211; uma cidade para se amar, cuidar e sentir<\/b>\u201d.<\/p>\n<p style=\"text-align: justify;\"><!--more--><\/p>\n<p style=\"text-align: justify;\">O encontro, que ocorrer\u00e1 no Audit\u00f3rio da EMEF <b>Helena Small<\/b>, ser\u00e1 dirigido aos coordenadores, supervisores e professores de L\u00edngua Portuguesa dos Anos Iniciais, dos Anos Finais e da Educa\u00e7\u00e3o de Jovens e Adultos (EJA), das escolas da rede p\u00fablica municipal de ensino, nos seguintes hor\u00e1rios:<\/p>\n<ul style=\"text-align: justify;\">\n<li>Anos Finais: \u00e0s 8h30min;<\/li>\n<li>Anos Iniciais: \u00e0s 13h30min;<\/li>\n<li>EJA: \u00e0s 19h.<\/li>\n<\/ul>\n<p style=\"text-align: justify;\">O Projeto Escritas pelo Rio Grande, em conson\u00e2ncia com as a\u00e7\u00f5es do novo Tema Integrador da Prefeitura Municipal: \u201c<strong>Rio Grande Com Vida<\/strong>\u201d, o qual foi lan\u00e7ado neste ano, e norteado pelas a\u00e7\u00f5es do Projeto <strong>COMVIDA<\/strong>, da Secretaria de Munic\u00edpio da Educa\u00e7\u00e3o, tem, dentre suas propostas, o trabalho integrado das Assessorias dos N\u00facleos, a fim de realizar um planejamento, cujas pol\u00edticas p\u00fablicas venham ao encontro das demandas de ensino da Rede, visando a valoriza\u00e7\u00e3o do meio ao qual pertencem. Esse plano de trabalho tem a inten\u00e7\u00e3o de oferecer \u00e0s comunidades escolares conhecimentos que alicer\u00e7ar\u00e3o tanto os trabalhos dos docentes, quanto dos discentes.<\/p>\n<p style=\"text-align: justify;\">Em 2018, o Projeto ter\u00e1 como enfoque a viv\u00eancia da mem\u00f3ria local e da geografia dos bairros e suas proximidades, fazendo emergir, no compartilhamento de conhecimentos e nas escritas realizadas pelos estudantes, a import\u00e2ncia do cuidar, preservar, sentir e amar o local onde vivem, agu\u00e7ando, assim, sua postura de cidad\u00e3o pertencente, correspons\u00e1vel e consciente do cuidado com o ambiente em que est\u00e1 inserido.<\/p>\n<p style=\"text-align: justify;\">As assessorias envolvidas neste Projeto propiciar\u00e3o, por meio de oficinas, a constru\u00e7\u00e3o dessas mem\u00f3rias, transformadas pelos estudantes em versos e narrativas. O material discursivo tornar-se-\u00e1 subs\u00eddio para consolida\u00e7\u00e3o da identidade local, respeitando os diferentes grupos sociais e culturais.<\/p>\n<p>&nbsp;<\/p>\n<p style=\"text-align: right;\"><em>SMEd<\/em><br \/>\n<em>Roberton Reis<\/em><\/p>\n","protected":false},"excerpt":{"rendered":"<p>A Secretaria de Munic\u00edpio da Educa\u00e7\u00e3o de Rio Grande (SMEd), atrav\u00e9s da parceria entre os N\u00facleos dos Anos Iniciais, dos Anos Finais, da Educa\u00e7\u00e3o Integral, da Educa\u00e7\u00e3o de Jovens e Adultos, de Tecnologia Municipal, de Bibliotecas e de Educa\u00e7\u00e3o Ambiental e Patrimonial, promover\u00e1, no dia 31 de julho, encontro de forma\u00e7\u00e3o para apresentar a tem\u00e1tica [&hellip;]<\/p>\n","protected":false},"author":7,"featured_media":0,"comment_status":"closed","ping_status":"closed","sticky":false,"template":"","format":"standard","meta":{"footnotes":""},"categories":[1,13],"tags":[],"class_list":["post-27561","post","type-post","status-publish","format-standard","hentry","category-noticias","category-pedagogico"],"_links":{"self":[{"href":"https:\/\/www.riogrande.rs.gov.br\/smed\/index.php?rest_route=\/wp\/v2\/posts\/27561"}],"collection":[{"href":"https:\/\/www.riogrande.rs.gov.br\/smed\/index.php?rest_route=\/wp\/v2\/posts"}],"about":[{"href":"https:\/\/www.riogrande.rs.gov.br\/smed\/index.php?rest_route=\/wp\/v2\/types\/post"}],"author":[{"embeddable":true,"href":"https:\/\/www.riogrande.rs.gov.br\/smed\/index.php?rest_route=\/wp\/v2\/users\/7"}],"replies":[{"embeddable":true,"href":"https:\/\/www.riogrande.rs.gov.br\/smed\/index.php?rest_route=%2Fwp%2Fv2%2Fcomments&post=27561"}],"version-history":[{"count":1,"href":"https:\/\/www.riogrande.rs.gov.br\/smed\/index.php?rest_route=\/wp\/v2\/posts\/27561\/revisions"}],"predecessor-version":[{"id":27562,"href":"https:\/\/www.riogrande.rs.gov.br\/smed\/index.php?rest_route=\/wp\/v2\/posts\/27561\/revisions\/27562"}],"wp:attachment":[{"href":"https:\/\/www.riogrande.rs.gov.br\/smed\/index.php?rest_route=%2Fwp%2Fv2%2Fmedia&parent=27561"}],"wp:term":[{"taxonomy":"category","embeddable":true,"href":"https:\/\/www.riogrande.rs.gov.br\/smed\/index.php?rest_route=%2Fwp%2Fv2%2Fcategories&post=27561"},{"taxonomy":"post_tag","embeddable":true,"href":"https:\/\/www.riogrande.rs.gov.br\/smed\/index.php?rest_route=%2Fwp%2Fv2%2Ftags&post=27561"}],"curies":[{"name":"wp","href":"https:\/\/api.w.org\/{rel}","templated":true}]}}