{"id":27557,"date":"2018-07-23T16:32:17","date_gmt":"2018-07-23T19:32:17","guid":{"rendered":"http:\/\/www.riogrande.rs.gov.br\/smed\/?p=27557"},"modified":"2018-07-26T16:01:01","modified_gmt":"2018-07-26T19:01:01","slug":"eja-da-rede-municipal-periodo-de-matriculas-do-2o-semestre-ira-ate-o-dia-10-de-agosto","status":"publish","type":"post","link":"https:\/\/www.riogrande.rs.gov.br\/smed\/?p=27557","title":{"rendered":"EJA da Rede Municipal: Per\u00edodo de Matr\u00edculas do 2\u00ba semestre ir\u00e1 at\u00e9 o dia 10 de agosto"},"content":{"rendered":"<div id=\"attachment_27565\" style=\"width: 495px\" class=\"wp-caption aligncenter\"><a href=\"http:\/\/www.riogrande.rs.gov.br\/smed\/wp-content\/uploads\/2018\/07\/20180726-ped-eja.jpg\" rel=\"lightbox[27557]\"><img loading=\"lazy\" decoding=\"async\" aria-describedby=\"caption-attachment-27565\" class=\"size-medium wp-image-27565\" src=\"http:\/\/www.riogrande.rs.gov.br\/smed\/wp-content\/uploads\/2018\/07\/20180726-ped-eja-485x686.jpg\" alt=\"\" width=\"485\" height=\"686\" srcset=\"https:\/\/www.riogrande.rs.gov.br\/smed\/wp-content\/uploads\/2018\/07\/20180726-ped-eja-485x686.jpg 485w, https:\/\/www.riogrande.rs.gov.br\/smed\/wp-content\/uploads\/2018\/07\/20180726-ped-eja-768x1087.jpg 768w, https:\/\/www.riogrande.rs.gov.br\/smed\/wp-content\/uploads\/2018\/07\/20180726-ped-eja-146x207.jpg 146w, https:\/\/www.riogrande.rs.gov.br\/smed\/wp-content\/uploads\/2018\/07\/20180726-ped-eja.jpg 800w\" sizes=\"(max-width: 485px) 100vw, 485px\" \/><\/a><p id=\"caption-attachment-27565\" class=\"wp-caption-text\">Divulga\u00e7\u00e3o<\/p><\/div>\n<p style=\"text-align: justify;\">A Secretaria de Munic\u00edpio da Educa\u00e7\u00e3o de Rio Grande (SMEd), atrav\u00e9s do N\u00facleo de Educa\u00e7\u00e3o de Jovens e Adultos (EJA), informa que o per\u00edodo de matr\u00edculas para a Modalidade de Ensino EJA, no turno da noite, na rede p\u00fablica municipal de ensino, para o 2\u00ba semestre de 2018, ir\u00e1 at\u00e9 o dia <b>10 de agosto<\/b>.<\/p>\n<p><!--more--><\/p>\n<p style=\"text-align: justify;\">A idade m\u00ednima para ingresso na EJA \u00e9 15 anos, e os documentos necess\u00e1rios para a inscri\u00e7\u00e3o s\u00e3o: Carteira de Identidade, Comprovante de Resid\u00eancia e Hist\u00f3rico Escolar. Caso seja menor e n\u00e3o emancipado(a), o(a) interessado(a) deve estar acompanhado(a) pelo(a) respons\u00e1vel.<\/p>\n<p style=\"text-align: justify;\">O Munic\u00edpio do Rio Grande oferta a EJA em doze escolas da rede. Nesta modalidade, cada etapa \u00e9 semestral, com isso os estudantes t\u00eam a oportunidade de concluir o Ensino Fundamental, cursando o 1\u00ba e o 2\u00ba Blocos em quatro anos.<\/p>\n<ul style=\"text-align: justify;\">\n<li>I Bloco \u2013 4 etapas (anos iniciais);<\/li>\n<li>II Bloco \u2013 4 etapas (anos finais).<\/li>\n<\/ul>\n<p style=\"text-align: justify;\">A matr\u00edcula deve ser realizada na escola em que o(a) aluno(a) deseje frequentar. Acesse <a href=\"http:\/\/www.riogrande.rs.gov.br\/smed\/wp-content\/uploads\/2018\/07\/20180726-ped-eja.pdf\" target=\"_blank\" rel=\"noopener\"><b>aqui<\/b><\/a> o <a href=\"http:\/\/www.riogrande.rs.gov.br\/smed\/wp-content\/uploads\/2018\/07\/20180726-ped-eja.pdf\" target=\"_blank\" rel=\"noopener\"><b>folder<\/b><\/a> com o nome das escolas que oferecem a modalidade EJA.<\/p>\n<p style=\"text-align: right;\"><em>SMEd<\/em><br \/>\n<em>Roberton Reis<\/em><br \/>\n<em>Com informa\u00e7\u00f5es do N\u00facleo da EJA<\/em><\/p>\n","protected":false},"excerpt":{"rendered":"<p>A Secretaria de Munic\u00edpio da Educa\u00e7\u00e3o de Rio Grande (SMEd), atrav\u00e9s do N\u00facleo de Educa\u00e7\u00e3o de Jovens e Adultos (EJA), informa que o per\u00edodo de matr\u00edculas para a Modalidade de Ensino EJA, no turno da noite, na rede p\u00fablica municipal de ensino, para o 2\u00ba semestre de 2018, ir\u00e1 at\u00e9 o dia 10 de agosto.<\/p>\n","protected":false},"author":7,"featured_media":0,"comment_status":"closed","ping_status":"closed","sticky":false,"template":"","format":"standard","meta":{"footnotes":""},"categories":[1,13],"tags":[],"class_list":["post-27557","post","type-post","status-publish","format-standard","hentry","category-noticias","category-pedagogico"],"_links":{"self":[{"href":"https:\/\/www.riogrande.rs.gov.br\/smed\/index.php?rest_route=\/wp\/v2\/posts\/27557"}],"collection":[{"href":"https:\/\/www.riogrande.rs.gov.br\/smed\/index.php?rest_route=\/wp\/v2\/posts"}],"about":[{"href":"https:\/\/www.riogrande.rs.gov.br\/smed\/index.php?rest_route=\/wp\/v2\/types\/post"}],"author":[{"embeddable":true,"href":"https:\/\/www.riogrande.rs.gov.br\/smed\/index.php?rest_route=\/wp\/v2\/users\/7"}],"replies":[{"embeddable":true,"href":"https:\/\/www.riogrande.rs.gov.br\/smed\/index.php?rest_route=%2Fwp%2Fv2%2Fcomments&post=27557"}],"version-history":[{"count":3,"href":"https:\/\/www.riogrande.rs.gov.br\/smed\/index.php?rest_route=\/wp\/v2\/posts\/27557\/revisions"}],"predecessor-version":[{"id":27566,"href":"https:\/\/www.riogrande.rs.gov.br\/smed\/index.php?rest_route=\/wp\/v2\/posts\/27557\/revisions\/27566"}],"wp:attachment":[{"href":"https:\/\/www.riogrande.rs.gov.br\/smed\/index.php?rest_route=%2Fwp%2Fv2%2Fmedia&parent=27557"}],"wp:term":[{"taxonomy":"category","embeddable":true,"href":"https:\/\/www.riogrande.rs.gov.br\/smed\/index.php?rest_route=%2Fwp%2Fv2%2Fcategories&post=27557"},{"taxonomy":"post_tag","embeddable":true,"href":"https:\/\/www.riogrande.rs.gov.br\/smed\/index.php?rest_route=%2Fwp%2Fv2%2Ftags&post=27557"}],"curies":[{"name":"wp","href":"https:\/\/api.w.org\/{rel}","templated":true}]}}