{"id":27547,"date":"2018-07-21T17:19:06","date_gmt":"2018-07-21T20:19:06","guid":{"rendered":"http:\/\/www.riogrande.rs.gov.br\/smed\/?p=27547"},"modified":"2018-07-21T17:19:06","modified_gmt":"2018-07-21T20:19:06","slug":"smed-prorroga-o-prazo-final-de-inscricao-no-5o-festival-de-video-estudantil-do-rio-grande-rs","status":"publish","type":"post","link":"https:\/\/www.riogrande.rs.gov.br\/smed\/?p=27547","title":{"rendered":"SMEd prorroga o prazo final de inscri\u00e7\u00e3o no \u201c5\u00ba Festival de V\u00eddeo Estudantil do Rio Grande\/RS\u201d"},"content":{"rendered":"<p style=\"text-align: justify;\">A Secretaria de Munic\u00edpio da Educa\u00e7\u00e3o de Rio Grande (SMEd), atrav\u00e9s do N\u00facleo de Tecnologia Municipal (NTM), e em parceria com o Projeto de Extens\u00e3o \u201c<b>Oficina de Produ\u00e7\u00e3o Audiovisual nas Escolas<\/b>\u201c, do Curso de Cinema e Audiovisual da Universidade Federal de Pelotas (UFPel), informa que foi prorrogado para o dia<b> 31 de agosto<\/b> o prazo final de inscri\u00e7\u00e3o para o <b>5\u00ba Festival de V\u00eddeo Estudantil do Rio Grande\/RS<\/b>.<\/p>\n<p style=\"text-align: justify;\"><!--more--><\/p>\n<p style=\"text-align: justify;\">O Festival de V\u00eddeo Estudantil tem como objetivo motivar a produ\u00e7\u00e3o audiovisual, desenvolvendo a leitura de diversos g\u00eaneros textuais e audiovisuais como atividades pedag\u00f3gicas vinculadas ao curr\u00edculo escolar. Podem participar estudantes da Educa\u00e7\u00e3o Infantil, Ensino Fundamental e Educa\u00e7\u00e3o de Jovens e Adultos (EJA) das escolas da rede p\u00fablica municipal do Rio Grande.<\/p>\n<p style=\"text-align: right;\"><em>SMEd<\/em><br \/>\n<em>Roberton Reis<\/em><br \/>\n<em>Com informa\u00e7\u00f5es do NTM<\/em><\/p>\n","protected":false},"excerpt":{"rendered":"<p>A Secretaria de Munic\u00edpio da Educa\u00e7\u00e3o de Rio Grande (SMEd), atrav\u00e9s do N\u00facleo de Tecnologia Municipal (NTM), e em parceria com o Projeto de Extens\u00e3o \u201cOficina de Produ\u00e7\u00e3o Audiovisual nas Escolas\u201c, do Curso de Cinema e Audiovisual da Universidade Federal de Pelotas (UFPel), informa que foi prorrogado para o dia 31 de agosto o prazo [&hellip;]<\/p>\n","protected":false},"author":7,"featured_media":0,"comment_status":"closed","ping_status":"closed","sticky":false,"template":"","format":"standard","meta":{"footnotes":""},"categories":[1,13],"tags":[],"class_list":["post-27547","post","type-post","status-publish","format-standard","hentry","category-noticias","category-pedagogico"],"_links":{"self":[{"href":"https:\/\/www.riogrande.rs.gov.br\/smed\/index.php?rest_route=\/wp\/v2\/posts\/27547"}],"collection":[{"href":"https:\/\/www.riogrande.rs.gov.br\/smed\/index.php?rest_route=\/wp\/v2\/posts"}],"about":[{"href":"https:\/\/www.riogrande.rs.gov.br\/smed\/index.php?rest_route=\/wp\/v2\/types\/post"}],"author":[{"embeddable":true,"href":"https:\/\/www.riogrande.rs.gov.br\/smed\/index.php?rest_route=\/wp\/v2\/users\/7"}],"replies":[{"embeddable":true,"href":"https:\/\/www.riogrande.rs.gov.br\/smed\/index.php?rest_route=%2Fwp%2Fv2%2Fcomments&post=27547"}],"version-history":[{"count":1,"href":"https:\/\/www.riogrande.rs.gov.br\/smed\/index.php?rest_route=\/wp\/v2\/posts\/27547\/revisions"}],"predecessor-version":[{"id":27548,"href":"https:\/\/www.riogrande.rs.gov.br\/smed\/index.php?rest_route=\/wp\/v2\/posts\/27547\/revisions\/27548"}],"wp:attachment":[{"href":"https:\/\/www.riogrande.rs.gov.br\/smed\/index.php?rest_route=%2Fwp%2Fv2%2Fmedia&parent=27547"}],"wp:term":[{"taxonomy":"category","embeddable":true,"href":"https:\/\/www.riogrande.rs.gov.br\/smed\/index.php?rest_route=%2Fwp%2Fv2%2Fcategories&post=27547"},{"taxonomy":"post_tag","embeddable":true,"href":"https:\/\/www.riogrande.rs.gov.br\/smed\/index.php?rest_route=%2Fwp%2Fv2%2Ftags&post=27547"}],"curies":[{"name":"wp","href":"https:\/\/api.w.org\/{rel}","templated":true}]}}