{"id":27544,"date":"2018-07-21T17:12:40","date_gmt":"2018-07-21T20:12:40","guid":{"rendered":"http:\/\/www.riogrande.rs.gov.br\/smed\/?p=27544"},"modified":"2018-07-21T17:12:40","modified_gmt":"2018-07-21T20:12:40","slug":"periodo-de-inscricoes-para-o-curso-de-extensao-introducao-a-literatura-afro-brasileira-inicia-no-dia-1o","status":"publish","type":"post","link":"https:\/\/www.riogrande.rs.gov.br\/smed\/?p=27544","title":{"rendered":"Per\u00edodo de inscri\u00e7\u00f5es para o \u201cCurso de Extens\u00e3o: Introdu\u00e7\u00e3o \u00e0 Literatura Afro-Brasileira\u201d inicia no dia 1\u00ba"},"content":{"rendered":"<div id=\"attachment_27545\" style=\"width: 495px\" class=\"wp-caption aligncenter\"><a href=\"http:\/\/www.riogrande.rs.gov.br\/smed\/wp-content\/uploads\/2018\/07\/20180721-ped-afro-image1.jpg\" rel=\"lightbox[27544]\"><img loading=\"lazy\" decoding=\"async\" aria-describedby=\"caption-attachment-27545\" class=\"size-medium wp-image-27545\" src=\"http:\/\/www.riogrande.rs.gov.br\/smed\/wp-content\/uploads\/2018\/07\/20180721-ped-afro-image1-485x695.jpg\" alt=\"\" width=\"485\" height=\"695\" srcset=\"https:\/\/www.riogrande.rs.gov.br\/smed\/wp-content\/uploads\/2018\/07\/20180721-ped-afro-image1-485x695.jpg 485w, https:\/\/www.riogrande.rs.gov.br\/smed\/wp-content\/uploads\/2018\/07\/20180721-ped-afro-image1-768x1100.jpg 768w, https:\/\/www.riogrande.rs.gov.br\/smed\/wp-content\/uploads\/2018\/07\/20180721-ped-afro-image1-145x207.jpg 145w, https:\/\/www.riogrande.rs.gov.br\/smed\/wp-content\/uploads\/2018\/07\/20180721-ped-afro-image1.jpg 800w\" sizes=\"(max-width: 485px) 100vw, 485px\" \/><\/a><p id=\"caption-attachment-27545\" class=\"wp-caption-text\">Divulga\u00e7\u00e3o<\/p><\/div>\n<p style=\"text-align: justify;\">A Secretaria de Munic\u00edpio da Educa\u00e7\u00e3o de Rio Grande (SMEd) informa que a partir do dia <b>1\u00ba de agosto<\/b> estar\u00e3o abertas as inscri\u00e7\u00f5es para o<b> Curso de Extens\u00e3o \u201cIntrodu\u00e7\u00e3o \u00e0 Literatura Afro-brasileira<\/b>\u201d, o qual \u00e9 organizado em parceria com a Pr\u00f3-Reitoria de Extens\u00e3o e Cultura (PROEXC) da Universidade Federal do Rio Grande (FURG) e a 18\u00aa Coordenadoria Regional de Educa\u00e7\u00e3o (CRE).<\/p>\n<p style=\"text-align: justify;\"><!--more--><\/p>\n<p style=\"text-align: justify;\">Voltado para a forma\u00e7\u00e3o continuada de professores da rede de ensino p\u00fablica do Munic\u00edpio, o curso ter\u00e1 encontros presenciais nos dias 29\/08, 11\/09, 10\/10 e 07\/11 (quartas-feiras, das 08h \u00e0s 12h), al\u00e9m de atividades a dist\u00e2ncia, que, ao todo, totalizam uma carga hor\u00e1ria de 40 horas.<\/p>\n<p style=\"text-align: justify;\">O Curso busca atender \u00e0 forma\u00e7\u00e3o de professores no que diz respeito ao contexto da Lei 10.639\/2003, a qual estabelece a obrigatoriedade da tem\u00e1tica \u201cHist\u00f3ria e Cultura Afro-Brasileira\u201d, a partir de elementos fundamentais que permitam identificar e valorizar a expressividade da Literatura Afro-Brasileira, a fim de gerar subs\u00eddios para uso em sala de aula<\/p>\n<p style=\"text-align: justify;\">As inscri\u00e7\u00f5es podem ser realizadas at\u00e9 o dia 17 de agosto, atrav\u00e9s do site <strong><a href=\"https:\/\/sinsc.furg.br\/detalheseventos\/797\" target=\"_blank\" rel=\"noopener\">https:\/\/sinsc.furg.br\/detalheseventos\/797<\/a><\/strong>. O local de realiza\u00e7\u00e3o dos encontros formativos ser\u00e1 na FURG, Campus Carreiros. No momento da homologa\u00e7\u00e3o das inscri\u00e7\u00f5es, ser\u00e1 especificado o local.<\/p>\n<p style=\"text-align: right;\">\n<p style=\"text-align: right;\"><em>SMEd<\/em><br \/>\n<em>Roberton Reis<\/em><\/p>\n","protected":false},"excerpt":{"rendered":"<p>A Secretaria de Munic\u00edpio da Educa\u00e7\u00e3o de Rio Grande (SMEd) informa que a partir do dia 1\u00ba de agosto estar\u00e3o abertas as inscri\u00e7\u00f5es para o Curso de Extens\u00e3o \u201cIntrodu\u00e7\u00e3o \u00e0 Literatura Afro-brasileira\u201d, o qual \u00e9 organizado em parceria com a Pr\u00f3-Reitoria de Extens\u00e3o e Cultura (PROEXC) da Universidade Federal do Rio Grande (FURG) e a [&hellip;]<\/p>\n","protected":false},"author":7,"featured_media":0,"comment_status":"closed","ping_status":"closed","sticky":false,"template":"","format":"standard","meta":{"footnotes":""},"categories":[1,13],"tags":[],"class_list":["post-27544","post","type-post","status-publish","format-standard","hentry","category-noticias","category-pedagogico"],"_links":{"self":[{"href":"https:\/\/www.riogrande.rs.gov.br\/smed\/index.php?rest_route=\/wp\/v2\/posts\/27544"}],"collection":[{"href":"https:\/\/www.riogrande.rs.gov.br\/smed\/index.php?rest_route=\/wp\/v2\/posts"}],"about":[{"href":"https:\/\/www.riogrande.rs.gov.br\/smed\/index.php?rest_route=\/wp\/v2\/types\/post"}],"author":[{"embeddable":true,"href":"https:\/\/www.riogrande.rs.gov.br\/smed\/index.php?rest_route=\/wp\/v2\/users\/7"}],"replies":[{"embeddable":true,"href":"https:\/\/www.riogrande.rs.gov.br\/smed\/index.php?rest_route=%2Fwp%2Fv2%2Fcomments&post=27544"}],"version-history":[{"count":1,"href":"https:\/\/www.riogrande.rs.gov.br\/smed\/index.php?rest_route=\/wp\/v2\/posts\/27544\/revisions"}],"predecessor-version":[{"id":27546,"href":"https:\/\/www.riogrande.rs.gov.br\/smed\/index.php?rest_route=\/wp\/v2\/posts\/27544\/revisions\/27546"}],"wp:attachment":[{"href":"https:\/\/www.riogrande.rs.gov.br\/smed\/index.php?rest_route=%2Fwp%2Fv2%2Fmedia&parent=27544"}],"wp:term":[{"taxonomy":"category","embeddable":true,"href":"https:\/\/www.riogrande.rs.gov.br\/smed\/index.php?rest_route=%2Fwp%2Fv2%2Fcategories&post=27544"},{"taxonomy":"post_tag","embeddable":true,"href":"https:\/\/www.riogrande.rs.gov.br\/smed\/index.php?rest_route=%2Fwp%2Fv2%2Ftags&post=27544"}],"curies":[{"name":"wp","href":"https:\/\/api.w.org\/{rel}","templated":true}]}}