{"id":27540,"date":"2018-07-20T13:59:29","date_gmt":"2018-07-20T16:59:29","guid":{"rendered":"http:\/\/www.riogrande.rs.gov.br\/smed\/?p=27540"},"modified":"2018-07-20T14:02:00","modified_gmt":"2018-07-20T17:02:00","slug":"smed-promovera-2o-encontro-de-formacao-do-5o-festival-de-video-estudantil-do-rio-grande-rs-no-dia-06-de-agosto","status":"publish","type":"post","link":"https:\/\/www.riogrande.rs.gov.br\/smed\/?p=27540","title":{"rendered":"SMEd promover\u00e1 2\u00ba Encontro de Forma\u00e7\u00e3o do \u201c5\u00ba Festival de V\u00eddeo Estudantil do Rio Grande\/RS\u201d no dia 06 de agosto"},"content":{"rendered":"<p style=\"text-align: justify;\">A Secretaria de Munic\u00edpio da Educa\u00e7\u00e3o de Rio Grande (SMEd), atrav\u00e9s do N\u00facleo de Tecnologia Municipal (NTM), promover\u00e1, no dia <b>06 de agosto<\/b>, nas depend\u00eancias do N\u00facleo de Tecnologia Municipal, que est\u00e1 localizado na rua Comendador Henrique Pancada, 1027, o <b>2\u00ba Encontro de Forma\u00e7\u00e3o Continuada do<\/b> <b>5\u00ba Festival de V\u00eddeo Estudantil de Rio Grande\/RS<\/b>. Os professores participantes do Festival podem escolher o turno de participa\u00e7\u00e3o: <b>manh\u00e3<\/b>, \u00e0s<b> 9h<\/b>, ou<b> tarde<\/b>, \u00e0s<b> 14h<\/b>.<\/p>\n<p style=\"text-align: justify;\"><!--more--><\/p>\n<p style=\"text-align: justify;\">O referido Festival \u00e9 uma parceria entre a Secretaria de Munic\u00edpio da Educa\u00e7\u00e3o, atrav\u00e9s do N\u00facleo de Tecnologia Municipal, e o Curso de Cinema e Audiovisual da Universidade Federal de Pelotas (UFPEL). Podem participar desta 5\u00aa edi\u00e7\u00e3o do Festival, estudantes das escolas p\u00fablicas municipais de Rio Grande da Educa\u00e7\u00e3o Infantil, Ensino Fundamental e \u00a0Educa\u00e7\u00e3o de Jovens e Adultos. Os v\u00eddeos indicados devem ter a orienta\u00e7\u00e3o e supervis\u00e3o de um professor respons\u00e1vel (professor da turma, orientador educacional, coordenador pedag\u00f3gico, professor do projeto).<\/p>\n<p style=\"text-align: justify;\">O objetivo do Festival de V\u00eddeo Estudantil \u00e9 incentivar a produ\u00e7\u00e3o audiovisual, desenvolvendo a leitura de diversos g\u00eaneros textuais e audiovisuais como atividades pedag\u00f3gicas vinculadas ao curr\u00edculo escolar, sendo a culmin\u00e2ncia do mesmo a participa\u00e7\u00e3o na Cerim\u00f4nia de Premia\u00e7\u00e3o do \u201c5\u00ba Festival de V\u00eddeo Estudantil do Rio Grande\/RS\u201d.<\/p>\n<p>&nbsp;<\/p>\n<p style=\"text-align: right;\"><em>SMEd<\/em><br \/>\n<em>Roberton Reis<\/em><br \/>\n<em>Com informa\u00e7\u00f5es do NTM<\/em><\/p>\n","protected":false},"excerpt":{"rendered":"<p>A Secretaria de Munic\u00edpio da Educa\u00e7\u00e3o de Rio Grande (SMEd), atrav\u00e9s do N\u00facleo de Tecnologia Municipal (NTM), promover\u00e1, no dia 06 de agosto, nas depend\u00eancias do N\u00facleo de Tecnologia Municipal, que est\u00e1 localizado na rua Comendador Henrique Pancada, 1027, o 2\u00ba Encontro de Forma\u00e7\u00e3o Continuada do 5\u00ba Festival de V\u00eddeo Estudantil de Rio Grande\/RS. Os [&hellip;]<\/p>\n","protected":false},"author":7,"featured_media":0,"comment_status":"closed","ping_status":"closed","sticky":false,"template":"","format":"standard","meta":{"footnotes":""},"categories":[1,13],"tags":[],"class_list":["post-27540","post","type-post","status-publish","format-standard","hentry","category-noticias","category-pedagogico"],"_links":{"self":[{"href":"https:\/\/www.riogrande.rs.gov.br\/smed\/index.php?rest_route=\/wp\/v2\/posts\/27540"}],"collection":[{"href":"https:\/\/www.riogrande.rs.gov.br\/smed\/index.php?rest_route=\/wp\/v2\/posts"}],"about":[{"href":"https:\/\/www.riogrande.rs.gov.br\/smed\/index.php?rest_route=\/wp\/v2\/types\/post"}],"author":[{"embeddable":true,"href":"https:\/\/www.riogrande.rs.gov.br\/smed\/index.php?rest_route=\/wp\/v2\/users\/7"}],"replies":[{"embeddable":true,"href":"https:\/\/www.riogrande.rs.gov.br\/smed\/index.php?rest_route=%2Fwp%2Fv2%2Fcomments&post=27540"}],"version-history":[{"count":1,"href":"https:\/\/www.riogrande.rs.gov.br\/smed\/index.php?rest_route=\/wp\/v2\/posts\/27540\/revisions"}],"predecessor-version":[{"id":27541,"href":"https:\/\/www.riogrande.rs.gov.br\/smed\/index.php?rest_route=\/wp\/v2\/posts\/27540\/revisions\/27541"}],"wp:attachment":[{"href":"https:\/\/www.riogrande.rs.gov.br\/smed\/index.php?rest_route=%2Fwp%2Fv2%2Fmedia&parent=27540"}],"wp:term":[{"taxonomy":"category","embeddable":true,"href":"https:\/\/www.riogrande.rs.gov.br\/smed\/index.php?rest_route=%2Fwp%2Fv2%2Fcategories&post=27540"},{"taxonomy":"post_tag","embeddable":true,"href":"https:\/\/www.riogrande.rs.gov.br\/smed\/index.php?rest_route=%2Fwp%2Fv2%2Ftags&post=27540"}],"curies":[{"name":"wp","href":"https:\/\/api.w.org\/{rel}","templated":true}]}}