{"id":27530,"date":"2018-07-19T16:28:30","date_gmt":"2018-07-19T19:28:30","guid":{"rendered":"http:\/\/www.riogrande.rs.gov.br\/smed\/?p=27530"},"modified":"2018-07-19T16:30:27","modified_gmt":"2018-07-19T19:30:27","slug":"grupo-de-danca-da-emef-cristovao-pereira-de-abreu-ganhou-premio-de-coreografia-revelacao-no-1o-fearg-em-danca","status":"publish","type":"post","link":"https:\/\/www.riogrande.rs.gov.br\/smed\/?p=27530","title":{"rendered":"Grupo de Dan\u00e7a da EMEF Crist\u00f3v\u00e3o Pereira de Abreu ganhou pr\u00eamio de \u201cCoreografia Revela\u00e7\u00e3o\u201d no \u201c1\u00ba FEARG em Dan\u00e7a\u201d"},"content":{"rendered":"\n\t\t<style type=\"text\/css\">\n\t\t\t#gallery-1 {\n\t\t\t\tmargin: auto;\n\t\t\t}\n\t\t\t#gallery-1 .gallery-item {\n\t\t\t\tfloat: left;\n\t\t\t\tmargin-top: 10px;\n\t\t\t\ttext-align: center;\n\t\t\t\twidth: 33%;\n\t\t\t}\n\t\t\t#gallery-1 img {\n\t\t\t\tborder: 2px solid #cfcfcf;\n\t\t\t}\n\t\t\t#gallery-1 .gallery-caption {\n\t\t\t\tmargin-left: 0;\n\t\t\t}\n\t\t\t\/* see gallery_shortcode() in wp-includes\/media.php *\/\n\t\t<\/style>\n\t\t<div id='gallery-1' class='gallery galleryid-27530 gallery-columns-3 gallery-size-thumbnail'><dl class='gallery-item'>\n\t\t\t<dt class='gallery-icon landscape'>\n\t\t\t\t<a href='https:\/\/www.riogrande.rs.gov.br\/smed\/wp-content\/uploads\/2018\/07\/20180719-ped-danca-image1.jpg' rel=\"lightbox[27530]\"><img loading=\"lazy\" decoding=\"async\" width=\"150\" height=\"150\" src=\"https:\/\/www.riogrande.rs.gov.br\/smed\/wp-content\/uploads\/2018\/07\/20180719-ped-danca-image1-150x150.jpg\" class=\"attachment-thumbnail size-thumbnail\" alt=\"\" aria-describedby=\"gallery-1-27531\" \/><\/a>\n\t\t\t<\/dt>\n\t\t\t\t<dd class='wp-caption-text gallery-caption' id='gallery-1-27531'>\n\t\t\t\tCr\u00e9dito: EMEF Crist\u00f3v\u00e3o Pereira de Abreu\n\t\t\t\t<\/dd><\/dl><dl class='gallery-item'>\n\t\t\t<dt class='gallery-icon landscape'>\n\t\t\t\t<a href='https:\/\/www.riogrande.rs.gov.br\/smed\/wp-content\/uploads\/2018\/07\/20180719-ped-danca-image2.jpg' rel=\"lightbox[27530]\"><img loading=\"lazy\" decoding=\"async\" width=\"150\" height=\"150\" src=\"https:\/\/www.riogrande.rs.gov.br\/smed\/wp-content\/uploads\/2018\/07\/20180719-ped-danca-image2-150x150.jpg\" class=\"attachment-thumbnail size-thumbnail\" alt=\"\" aria-describedby=\"gallery-1-27532\" \/><\/a>\n\t\t\t<\/dt>\n\t\t\t\t<dd class='wp-caption-text gallery-caption' id='gallery-1-27532'>\n\t\t\t\tCr\u00e9dito: EMEF Crist\u00f3v\u00e3o Pereira de Abreu\n\t\t\t\t<\/dd><\/dl><dl class='gallery-item'>\n\t\t\t<dt class='gallery-icon landscape'>\n\t\t\t\t<a href='https:\/\/www.riogrande.rs.gov.br\/smed\/wp-content\/uploads\/2018\/07\/20180719-ped-danca-image3.jpg' rel=\"lightbox[27530]\"><img loading=\"lazy\" decoding=\"async\" width=\"150\" height=\"150\" src=\"https:\/\/www.riogrande.rs.gov.br\/smed\/wp-content\/uploads\/2018\/07\/20180719-ped-danca-image3-150x150.jpg\" class=\"attachment-thumbnail size-thumbnail\" alt=\"\" aria-describedby=\"gallery-1-27533\" \/><\/a>\n\t\t\t<\/dt>\n\t\t\t\t<dd class='wp-caption-text gallery-caption' id='gallery-1-27533'>\n\t\t\t\tCr\u00e9dito: EMEF Crist\u00f3v\u00e3o Pereira de Abreu\n\t\t\t\t<\/dd><\/dl><br style=\"clear: both\" \/><dl class='gallery-item'>\n\t\t\t<dt class='gallery-icon landscape'>\n\t\t\t\t<a href='https:\/\/www.riogrande.rs.gov.br\/smed\/wp-content\/uploads\/2018\/07\/20180719-ped-danca-image4.jpg' rel=\"lightbox[27530]\"><img loading=\"lazy\" decoding=\"async\" width=\"150\" height=\"150\" src=\"https:\/\/www.riogrande.rs.gov.br\/smed\/wp-content\/uploads\/2018\/07\/20180719-ped-danca-image4-150x150.jpg\" class=\"attachment-thumbnail size-thumbnail\" alt=\"\" aria-describedby=\"gallery-1-27534\" \/><\/a>\n\t\t\t<\/dt>\n\t\t\t\t<dd class='wp-caption-text gallery-caption' id='gallery-1-27534'>\n\t\t\t\tCr\u00e9dito: EMEF Crist\u00f3v\u00e3o Pereira de Abreu\n\t\t\t\t<\/dd><\/dl><dl class='gallery-item'>\n\t\t\t<dt class='gallery-icon landscape'>\n\t\t\t\t<a href='https:\/\/www.riogrande.rs.gov.br\/smed\/wp-content\/uploads\/2018\/07\/20180719-ped-danca-image5.jpg' rel=\"lightbox[27530]\"><img loading=\"lazy\" decoding=\"async\" width=\"150\" height=\"150\" src=\"https:\/\/www.riogrande.rs.gov.br\/smed\/wp-content\/uploads\/2018\/07\/20180719-ped-danca-image5-150x150.jpg\" class=\"attachment-thumbnail size-thumbnail\" alt=\"\" aria-describedby=\"gallery-1-27535\" \/><\/a>\n\t\t\t<\/dt>\n\t\t\t\t<dd class='wp-caption-text gallery-caption' id='gallery-1-27535'>\n\t\t\t\tCr\u00e9dito: EMEF Crist\u00f3v\u00e3o Pereira de Abreu\n\t\t\t\t<\/dd><\/dl><dl class='gallery-item'>\n\t\t\t<dt class='gallery-icon landscape'>\n\t\t\t\t<a href='https:\/\/www.riogrande.rs.gov.br\/smed\/wp-content\/uploads\/2018\/07\/20180719-ped-danca-image6.jpg' rel=\"lightbox[27530]\"><img loading=\"lazy\" decoding=\"async\" width=\"150\" height=\"150\" src=\"https:\/\/www.riogrande.rs.gov.br\/smed\/wp-content\/uploads\/2018\/07\/20180719-ped-danca-image6-150x150.jpg\" class=\"attachment-thumbnail size-thumbnail\" alt=\"\" aria-describedby=\"gallery-1-27536\" \/><\/a>\n\t\t\t<\/dt>\n\t\t\t\t<dd class='wp-caption-text gallery-caption' id='gallery-1-27536'>\n\t\t\t\tCr\u00e9dito: EMEF Crist\u00f3v\u00e3o Pereira de Abreu\n\t\t\t\t<\/dd><\/dl><br style=\"clear: both\" \/>\n\t\t<\/div>\n\n<p style=\"text-align: justify;\"><span style=\"font-weight: 400;\">Nos dias <\/span><b>13 e 15 de julho<\/b><span style=\"font-weight: 400;\">, a Escola Municipal de Ensino Fundamental <\/span><b>Crist\u00f3v\u00e3o Pereira de Abreu<\/b><span style=\"font-weight: 400;\">, que est\u00e1 localizada na Ilha da Torotama, participou de dois eventos no Palco Teatro da 40\u00aa <\/span><span style=\"font-weight: 400;\">Feira de Artesanato, Com\u00e9rcio, Ind\u00fastria e Servi\u00e7os do Rio Grande <\/span><span style=\"font-weight: 400;\">\u00a0(FEARG).<\/span><\/p>\n<p style=\"text-align: justify;\"><!--more--><\/p>\n<p style=\"text-align: justify;\"><span style=\"font-weight: 400;\">No dia 13, sexta-feira, as turmas que participam do Programa \u201c<\/span><b>Novo Mais Educa\u00e7\u00e3o<\/b><span style=\"font-weight: 400;\">\u201d realizaram apresenta\u00e7\u00f5es art\u00edsticas, durante a \u201c<\/span><b>2\u00aa <\/b><b>\u201c<\/b><b>Mostra Art\u00edstica e Cultural<\/b> <b>da SMEd<\/b><span style=\"font-weight: 400;\">\u201d, com os grupos \u201c<\/span><b>Evidance<\/b><span style=\"font-weight: 400;\">\u201d (dan\u00e7a juvenil, com o core\u00f3grafo Gabriel Baldez), grupo \u201c<\/span><b>Passinhos M\u00e1gicos<\/b><span style=\"font-weight: 400;\">\u201d (dan\u00e7a infantil, com a core\u00f3grafa Priscila Dias), al\u00e9m da apresenta\u00e7\u00e3o teatral \u201c<\/span><b>Trair e co\u00e7ar, \u00e9 s\u00f3 come\u00e7ar<\/b><span style=\"font-weight: 400;\">&#8220;, <\/span><span style=\"font-weight: 400;\">\u00a0com \u00a0dire\u00e7\u00e3o da professora Rosa Maria Martins Pereira<\/span><\/p>\n<p style=\"text-align: justify;\"><span style=\"font-weight: 400;\">No domingo, 15 de julho, os grupos de dan\u00e7a da Escola participaram do \u201c<\/span><b>1\u00ba FEARG em Dan\u00e7a<\/b><span style=\"font-weight: 400;\">\u201d, onde o grupo juvenil \u201cEvidance\u201d ganhou o pr\u00eamio de \u201c<\/span><b>Coreografia Revela\u00e7\u00e3o<\/b><span style=\"font-weight: 400;\">\u201d. \u201c<\/span><b>A coreografia apresentada fez uma cr\u00edtica ao modelo de escola tradicional que ainda encontra-se em vigor em algumas institui\u00e7\u00f5es de ensino: o aluno n\u00e3o tem voz, o professor \u00e9 o \u00fanico detentor do saber, as aulas s\u00e3o mec\u00e2nicas e repetitivas. Os alunos conseguiram, de forma brilhante, passar a ideia da proposta, agradando o p\u00fablico presente e a equipe julgadora, que elogiou muito o trabalho<\/b><span style=\"font-weight: 400;\">\u201d, destacou a dire\u00e7\u00e3o da Escola.<\/span><\/p>\n<p>&nbsp;<\/p>\n<p style=\"text-align: right;\"><em>SMEd<\/em><br \/>\n<em>Roberton Reis<\/em><br \/>\n<em>Com informa\u00e7\u00f5es da EMEF Crist\u00f3v\u00e3o Pereira de Abreu<\/em><\/p>\n","protected":false},"excerpt":{"rendered":"<p>Nos dias 13 e 15 de julho, a Escola Municipal de Ensino Fundamental Crist\u00f3v\u00e3o Pereira de Abreu, que est\u00e1 localizada na Ilha da Torotama, participou de dois eventos no Palco Teatro da 40\u00aa Feira de Artesanato, Com\u00e9rcio, Ind\u00fastria e Servi\u00e7os do Rio Grande \u00a0(FEARG).<\/p>\n","protected":false},"author":7,"featured_media":0,"comment_status":"closed","ping_status":"closed","sticky":false,"template":"","format":"standard","meta":{"footnotes":""},"categories":[1,13],"tags":[],"class_list":["post-27530","post","type-post","status-publish","format-standard","hentry","category-noticias","category-pedagogico"],"_links":{"self":[{"href":"https:\/\/www.riogrande.rs.gov.br\/smed\/index.php?rest_route=\/wp\/v2\/posts\/27530"}],"collection":[{"href":"https:\/\/www.riogrande.rs.gov.br\/smed\/index.php?rest_route=\/wp\/v2\/posts"}],"about":[{"href":"https:\/\/www.riogrande.rs.gov.br\/smed\/index.php?rest_route=\/wp\/v2\/types\/post"}],"author":[{"embeddable":true,"href":"https:\/\/www.riogrande.rs.gov.br\/smed\/index.php?rest_route=\/wp\/v2\/users\/7"}],"replies":[{"embeddable":true,"href":"https:\/\/www.riogrande.rs.gov.br\/smed\/index.php?rest_route=%2Fwp%2Fv2%2Fcomments&post=27530"}],"version-history":[{"count":3,"href":"https:\/\/www.riogrande.rs.gov.br\/smed\/index.php?rest_route=\/wp\/v2\/posts\/27530\/revisions"}],"predecessor-version":[{"id":27539,"href":"https:\/\/www.riogrande.rs.gov.br\/smed\/index.php?rest_route=\/wp\/v2\/posts\/27530\/revisions\/27539"}],"wp:attachment":[{"href":"https:\/\/www.riogrande.rs.gov.br\/smed\/index.php?rest_route=%2Fwp%2Fv2%2Fmedia&parent=27530"}],"wp:term":[{"taxonomy":"category","embeddable":true,"href":"https:\/\/www.riogrande.rs.gov.br\/smed\/index.php?rest_route=%2Fwp%2Fv2%2Fcategories&post=27530"},{"taxonomy":"post_tag","embeddable":true,"href":"https:\/\/www.riogrande.rs.gov.br\/smed\/index.php?rest_route=%2Fwp%2Fv2%2Ftags&post=27530"}],"curies":[{"name":"wp","href":"https:\/\/api.w.org\/{rel}","templated":true}]}}