{"id":27510,"date":"2018-07-19T16:00:10","date_gmt":"2018-07-19T19:00:10","guid":{"rendered":"http:\/\/www.riogrande.rs.gov.br\/smed\/?p=27510"},"modified":"2018-07-19T16:00:31","modified_gmt":"2018-07-19T19:00:31","slug":"alunos-que-participam-do-programa-novo-mais-educacao-nas-escolas-municipais-apresentaram-se-na-40a-fearg","status":"publish","type":"post","link":"https:\/\/www.riogrande.rs.gov.br\/smed\/?p=27510","title":{"rendered":"Alunos que participam do Programa \u201cNovo Mais Educa\u00e7\u00e3o\u201d nas Escolas Municipais apresentaram-se na 40\u00aa FEARG"},"content":{"rendered":"\n\t\t<style type=\"text\/css\">\n\t\t\t#gallery-1 {\n\t\t\t\tmargin: auto;\n\t\t\t}\n\t\t\t#gallery-1 .gallery-item {\n\t\t\t\tfloat: left;\n\t\t\t\tmargin-top: 10px;\n\t\t\t\ttext-align: center;\n\t\t\t\twidth: 33%;\n\t\t\t}\n\t\t\t#gallery-1 img {\n\t\t\t\tborder: 2px solid #cfcfcf;\n\t\t\t}\n\t\t\t#gallery-1 .gallery-caption {\n\t\t\t\tmargin-left: 0;\n\t\t\t}\n\t\t\t\/* see gallery_shortcode() in wp-includes\/media.php *\/\n\t\t<\/style>\n\t\t<div id='gallery-1' class='gallery galleryid-27510 gallery-columns-3 gallery-size-thumbnail'><dl class='gallery-item'>\n\t\t\t<dt class='gallery-icon landscape'>\n\t\t\t\t<a href='https:\/\/www.riogrande.rs.gov.br\/smed\/wp-content\/uploads\/2018\/07\/20180719-ped-mais-image1.jpg' rel=\"lightbox[27510]\"><img loading=\"lazy\" decoding=\"async\" width=\"150\" height=\"150\" src=\"https:\/\/www.riogrande.rs.gov.br\/smed\/wp-content\/uploads\/2018\/07\/20180719-ped-mais-image1-150x150.jpg\" class=\"attachment-thumbnail size-thumbnail\" alt=\"\" aria-describedby=\"gallery-1-27511\" \/><\/a>\n\t\t\t<\/dt>\n\t\t\t\t<dd class='wp-caption-text gallery-caption' id='gallery-1-27511'>\n\t\t\t\tCr\u00e9dito: N\u00facleo de Educa\u00e7\u00e3o Integral\n\t\t\t\t<\/dd><\/dl><dl class='gallery-item'>\n\t\t\t<dt class='gallery-icon landscape'>\n\t\t\t\t<a href='https:\/\/www.riogrande.rs.gov.br\/smed\/wp-content\/uploads\/2018\/07\/20180719-ped-mais-image2.jpg' rel=\"lightbox[27510]\"><img loading=\"lazy\" decoding=\"async\" width=\"150\" height=\"150\" src=\"https:\/\/www.riogrande.rs.gov.br\/smed\/wp-content\/uploads\/2018\/07\/20180719-ped-mais-image2-150x150.jpg\" class=\"attachment-thumbnail size-thumbnail\" alt=\"\" aria-describedby=\"gallery-1-27512\" \/><\/a>\n\t\t\t<\/dt>\n\t\t\t\t<dd class='wp-caption-text gallery-caption' id='gallery-1-27512'>\n\t\t\t\tCr\u00e9dito: N\u00facleo de Educa\u00e7\u00e3o Integral\n\t\t\t\t<\/dd><\/dl><dl class='gallery-item'>\n\t\t\t<dt class='gallery-icon landscape'>\n\t\t\t\t<a href='https:\/\/www.riogrande.rs.gov.br\/smed\/wp-content\/uploads\/2018\/07\/20180719-ped-mais-image3.jpg' rel=\"lightbox[27510]\"><img loading=\"lazy\" decoding=\"async\" width=\"150\" height=\"150\" src=\"https:\/\/www.riogrande.rs.gov.br\/smed\/wp-content\/uploads\/2018\/07\/20180719-ped-mais-image3-150x150.jpg\" class=\"attachment-thumbnail size-thumbnail\" alt=\"\" aria-describedby=\"gallery-1-27513\" \/><\/a>\n\t\t\t<\/dt>\n\t\t\t\t<dd class='wp-caption-text gallery-caption' id='gallery-1-27513'>\n\t\t\t\tCr\u00e9dito: N\u00facleo de Educa\u00e7\u00e3o Integral\n\t\t\t\t<\/dd><\/dl><br style=\"clear: both\" \/><dl class='gallery-item'>\n\t\t\t<dt class='gallery-icon landscape'>\n\t\t\t\t<a href='https:\/\/www.riogrande.rs.gov.br\/smed\/wp-content\/uploads\/2018\/07\/20180719-ped-mais-image4.jpg' rel=\"lightbox[27510]\"><img loading=\"lazy\" decoding=\"async\" width=\"150\" height=\"150\" src=\"https:\/\/www.riogrande.rs.gov.br\/smed\/wp-content\/uploads\/2018\/07\/20180719-ped-mais-image4-150x150.jpg\" class=\"attachment-thumbnail size-thumbnail\" alt=\"\" aria-describedby=\"gallery-1-27514\" \/><\/a>\n\t\t\t<\/dt>\n\t\t\t\t<dd class='wp-caption-text gallery-caption' id='gallery-1-27514'>\n\t\t\t\tCr\u00e9dito: N\u00facleo de Educa\u00e7\u00e3o Integral\n\t\t\t\t<\/dd><\/dl><dl class='gallery-item'>\n\t\t\t<dt class='gallery-icon landscape'>\n\t\t\t\t<a href='https:\/\/www.riogrande.rs.gov.br\/smed\/wp-content\/uploads\/2018\/07\/20180719-ped-mais-image5.jpg' rel=\"lightbox[27510]\"><img loading=\"lazy\" decoding=\"async\" width=\"150\" height=\"150\" src=\"https:\/\/www.riogrande.rs.gov.br\/smed\/wp-content\/uploads\/2018\/07\/20180719-ped-mais-image5-150x150.jpg\" class=\"attachment-thumbnail size-thumbnail\" alt=\"\" aria-describedby=\"gallery-1-27515\" \/><\/a>\n\t\t\t<\/dt>\n\t\t\t\t<dd class='wp-caption-text gallery-caption' id='gallery-1-27515'>\n\t\t\t\tCr\u00e9dito: N\u00facleo de Educa\u00e7\u00e3o Integral\n\t\t\t\t<\/dd><\/dl><dl class='gallery-item'>\n\t\t\t<dt class='gallery-icon landscape'>\n\t\t\t\t<a href='https:\/\/www.riogrande.rs.gov.br\/smed\/wp-content\/uploads\/2018\/07\/20180719-ped-mais-image6.jpg' rel=\"lightbox[27510]\"><img loading=\"lazy\" decoding=\"async\" width=\"150\" height=\"150\" src=\"https:\/\/www.riogrande.rs.gov.br\/smed\/wp-content\/uploads\/2018\/07\/20180719-ped-mais-image6-150x150.jpg\" class=\"attachment-thumbnail size-thumbnail\" alt=\"\" aria-describedby=\"gallery-1-27516\" \/><\/a>\n\t\t\t<\/dt>\n\t\t\t\t<dd class='wp-caption-text gallery-caption' id='gallery-1-27516'>\n\t\t\t\tCr\u00e9dito: N\u00facleo de Educa\u00e7\u00e3o Integral\n\t\t\t\t<\/dd><\/dl><br style=\"clear: both\" \/>\n\t\t<\/div>\n\n<p style=\"text-align: justify;\"><span style=\"font-weight: 400;\">Na tarde da \u00faltima sexta-feira, dia <\/span><b>13 de julho<\/b><span style=\"font-weight: 400;\">, o Palco Teatro da 40\u00aa <\/span><span style=\"font-weight: 400;\">Feira de Artesanato, Com\u00e9rcio, Ind\u00fastria e Servi\u00e7os do Rio Grande <\/span><span style=\"font-weight: 400;\">\u00a0(FEARG), durante a \u201c<\/span><b>2\u00aa <\/b><b>\u201c<\/b><b>Mostra Art\u00edstica e Cultural<\/b> <b>da SMEd<\/b><span style=\"font-weight: 400;\">\u201d, recebeu apresenta\u00e7\u00f5es art\u00edsticas dos \u00a0alunos das escolas da rede p\u00fablica municipal de ensino que participam do Programa \u201c<\/span><b>Novo Mais Educa\u00e7\u00e3o<\/b><span style=\"font-weight: 400;\">\u201d, bem como dos \u00a0grupos de dan\u00e7a das escolas municipais. <\/span><\/p>\n<p style=\"text-align: justify;\"><!--more--><\/p>\n<p style=\"text-align: justify;\"><span style=\"font-weight: 400;\">O trabalho desenvolvido nas Escolas Municipais de Ensino Fundamental Sant\u2019Ana, Vanda Rocha e Valdir Castro, pelo professor Juciano Ferreira; Altamir de Lacerda, pela professora Leda Steglich; Crist\u00f3v\u00e3o Pereira de Abreu, pelos professores Gabriel Baldez e Priscila Dias; \u00a0abrilhantaram a tarde com a apresenta\u00e7\u00e3o de v\u00e1rios n\u00fameros de dan\u00e7a que passearam pelo rock, pop rock, frevo, samba funk e m\u00fasica indiana. <\/span><\/p>\n<p style=\"text-align: justify;\"><span style=\"font-weight: 400;\">O teatro, com alunos da EMEF Wanda Rocha Martins e sob a dire\u00e7\u00e3o do ator Wesley Conrado, apresentou a pe\u00e7a intitulada \u201cC\u00f4micos&#8221;, a qual \u00e9 composta por 3 esquetes: \u201cPapos\u201d, \u201cAmigos\u201d e \u201cImitose M\u00faltipla\u201d, exibindo a nova gera\u00e7\u00e3o de talentos da cidade.<\/span><\/p>\n<p>&nbsp;<\/p>\n<p style=\"text-align: right;\"><em>SMEd<\/em><br \/>\n<em>Roberton Reis<\/em><br \/>\n<em>Com informa\u00e7\u00f5es do N\u00facleo de Educa\u00e7\u00e3o Integral<\/em><\/p>\n","protected":false},"excerpt":{"rendered":"<p>Na tarde da \u00faltima sexta-feira, dia 13 de julho, o Palco Teatro da 40\u00aa Feira de Artesanato, Com\u00e9rcio, Ind\u00fastria e Servi\u00e7os do Rio Grande \u00a0(FEARG), durante a \u201c2\u00aa \u201cMostra Art\u00edstica e Cultural da SMEd\u201d, recebeu apresenta\u00e7\u00f5es art\u00edsticas dos \u00a0alunos das escolas da rede p\u00fablica municipal de ensino que participam do Programa \u201cNovo Mais Educa\u00e7\u00e3o\u201d, bem [&hellip;]<\/p>\n","protected":false},"author":7,"featured_media":0,"comment_status":"closed","ping_status":"closed","sticky":false,"template":"","format":"standard","meta":{"footnotes":""},"categories":[1,13],"tags":[],"class_list":["post-27510","post","type-post","status-publish","format-standard","hentry","category-noticias","category-pedagogico"],"_links":{"self":[{"href":"https:\/\/www.riogrande.rs.gov.br\/smed\/index.php?rest_route=\/wp\/v2\/posts\/27510"}],"collection":[{"href":"https:\/\/www.riogrande.rs.gov.br\/smed\/index.php?rest_route=\/wp\/v2\/posts"}],"about":[{"href":"https:\/\/www.riogrande.rs.gov.br\/smed\/index.php?rest_route=\/wp\/v2\/types\/post"}],"author":[{"embeddable":true,"href":"https:\/\/www.riogrande.rs.gov.br\/smed\/index.php?rest_route=\/wp\/v2\/users\/7"}],"replies":[{"embeddable":true,"href":"https:\/\/www.riogrande.rs.gov.br\/smed\/index.php?rest_route=%2Fwp%2Fv2%2Fcomments&post=27510"}],"version-history":[{"count":1,"href":"https:\/\/www.riogrande.rs.gov.br\/smed\/index.php?rest_route=\/wp\/v2\/posts\/27510\/revisions"}],"predecessor-version":[{"id":27517,"href":"https:\/\/www.riogrande.rs.gov.br\/smed\/index.php?rest_route=\/wp\/v2\/posts\/27510\/revisions\/27517"}],"wp:attachment":[{"href":"https:\/\/www.riogrande.rs.gov.br\/smed\/index.php?rest_route=%2Fwp%2Fv2%2Fmedia&parent=27510"}],"wp:term":[{"taxonomy":"category","embeddable":true,"href":"https:\/\/www.riogrande.rs.gov.br\/smed\/index.php?rest_route=%2Fwp%2Fv2%2Fcategories&post=27510"},{"taxonomy":"post_tag","embeddable":true,"href":"https:\/\/www.riogrande.rs.gov.br\/smed\/index.php?rest_route=%2Fwp%2Fv2%2Ftags&post=27510"}],"curies":[{"name":"wp","href":"https:\/\/api.w.org\/{rel}","templated":true}]}}