{"id":27500,"date":"2018-07-18T19:16:39","date_gmt":"2018-07-18T22:16:39","guid":{"rendered":"http:\/\/www.riogrande.rs.gov.br\/smed\/?p=27500"},"modified":"2018-07-18T19:16:39","modified_gmt":"2018-07-18T22:16:39","slug":"escola-municipal-helena-small-recebeu-visita-do-projeto-prefeito-na-escola-nesta-quarta-feira-18","status":"publish","type":"post","link":"https:\/\/www.riogrande.rs.gov.br\/smed\/?p=27500","title":{"rendered":"ESCOLA MUNICIPAL HELENA SMALL RECEBEU VISITA DO PROJETO &#8220;PREFEITO NA ESCOLA&#8221; NESTA QUARTA-FEIRA (18)"},"content":{"rendered":"\n\t\t<style type=\"text\/css\">\n\t\t\t#gallery-1 {\n\t\t\t\tmargin: auto;\n\t\t\t}\n\t\t\t#gallery-1 .gallery-item {\n\t\t\t\tfloat: left;\n\t\t\t\tmargin-top: 10px;\n\t\t\t\ttext-align: center;\n\t\t\t\twidth: 33%;\n\t\t\t}\n\t\t\t#gallery-1 img {\n\t\t\t\tborder: 2px solid #cfcfcf;\n\t\t\t}\n\t\t\t#gallery-1 .gallery-caption {\n\t\t\t\tmargin-left: 0;\n\t\t\t}\n\t\t\t\/* see gallery_shortcode() in wp-includes\/media.php *\/\n\t\t<\/style>\n\t\t<div id='gallery-1' class='gallery galleryid-27500 gallery-columns-3 gallery-size-thumbnail'><dl class='gallery-item'>\n\t\t\t<dt class='gallery-icon landscape'>\n\t\t\t\t<a href='https:\/\/www.riogrande.rs.gov.br\/smed\/wp-content\/uploads\/2018\/07\/20180718-pmrg1.jpg' rel=\"lightbox[27500]\"><img loading=\"lazy\" decoding=\"async\" width=\"150\" height=\"150\" src=\"https:\/\/www.riogrande.rs.gov.br\/smed\/wp-content\/uploads\/2018\/07\/20180718-pmrg1-150x150.jpg\" class=\"attachment-thumbnail size-thumbnail\" alt=\"\" aria-describedby=\"gallery-1-27502\" \/><\/a>\n\t\t\t<\/dt>\n\t\t\t\t<dd class='wp-caption-text gallery-caption' id='gallery-1-27502'>\n\t\t\t\tCr\u00e9dito: Marcos Jatahy\n\t\t\t\t<\/dd><\/dl><dl class='gallery-item'>\n\t\t\t<dt class='gallery-icon landscape'>\n\t\t\t\t<a href='https:\/\/www.riogrande.rs.gov.br\/smed\/wp-content\/uploads\/2018\/07\/20180718-pmrg2.jpg' rel=\"lightbox[27500]\"><img loading=\"lazy\" decoding=\"async\" width=\"150\" height=\"150\" src=\"https:\/\/www.riogrande.rs.gov.br\/smed\/wp-content\/uploads\/2018\/07\/20180718-pmrg2-150x150.jpg\" class=\"attachment-thumbnail size-thumbnail\" alt=\"\" aria-describedby=\"gallery-1-27503\" \/><\/a>\n\t\t\t<\/dt>\n\t\t\t\t<dd class='wp-caption-text gallery-caption' id='gallery-1-27503'>\n\t\t\t\tCr\u00e9dito: Marcos Jatahy\n\t\t\t\t<\/dd><\/dl><dl class='gallery-item'>\n\t\t\t<dt class='gallery-icon portrait'>\n\t\t\t\t<a href='https:\/\/www.riogrande.rs.gov.br\/smed\/wp-content\/uploads\/2018\/07\/20180718-pmrg3.jpg' rel=\"lightbox[27500]\"><img loading=\"lazy\" decoding=\"async\" width=\"150\" height=\"150\" src=\"https:\/\/www.riogrande.rs.gov.br\/smed\/wp-content\/uploads\/2018\/07\/20180718-pmrg3-150x150.jpg\" class=\"attachment-thumbnail size-thumbnail\" alt=\"\" aria-describedby=\"gallery-1-27504\" \/><\/a>\n\t\t\t<\/dt>\n\t\t\t\t<dd class='wp-caption-text gallery-caption' id='gallery-1-27504'>\n\t\t\t\tCr\u00e9dito: Marcos Jatahy\n\t\t\t\t<\/dd><\/dl><br style=\"clear: both\" \/><dl class='gallery-item'>\n\t\t\t<dt class='gallery-icon landscape'>\n\t\t\t\t<a href='https:\/\/www.riogrande.rs.gov.br\/smed\/wp-content\/uploads\/2018\/07\/20180718-pmrg4.jpg' rel=\"lightbox[27500]\"><img loading=\"lazy\" decoding=\"async\" width=\"150\" height=\"150\" src=\"https:\/\/www.riogrande.rs.gov.br\/smed\/wp-content\/uploads\/2018\/07\/20180718-pmrg4-150x150.jpg\" class=\"attachment-thumbnail size-thumbnail\" alt=\"\" aria-describedby=\"gallery-1-27505\" \/><\/a>\n\t\t\t<\/dt>\n\t\t\t\t<dd class='wp-caption-text gallery-caption' id='gallery-1-27505'>\n\t\t\t\tCr\u00e9dito: Marcos Jatahy\n\t\t\t\t<\/dd><\/dl><dl class='gallery-item'>\n\t\t\t<dt class='gallery-icon landscape'>\n\t\t\t\t<a href='https:\/\/www.riogrande.rs.gov.br\/smed\/wp-content\/uploads\/2018\/07\/20180718-pmrg5.jpg' rel=\"lightbox[27500]\"><img loading=\"lazy\" decoding=\"async\" width=\"150\" height=\"150\" src=\"https:\/\/www.riogrande.rs.gov.br\/smed\/wp-content\/uploads\/2018\/07\/20180718-pmrg5-150x150.jpg\" class=\"attachment-thumbnail size-thumbnail\" alt=\"\" aria-describedby=\"gallery-1-27506\" \/><\/a>\n\t\t\t<\/dt>\n\t\t\t\t<dd class='wp-caption-text gallery-caption' id='gallery-1-27506'>\n\t\t\t\tCr\u00e9dito: Marcos Jatahy\n\t\t\t\t<\/dd><\/dl><dl class='gallery-item'>\n\t\t\t<dt class='gallery-icon landscape'>\n\t\t\t\t<a href='https:\/\/www.riogrande.rs.gov.br\/smed\/wp-content\/uploads\/2018\/07\/20180718-pmrg6.jpg' rel=\"lightbox[27500]\"><img loading=\"lazy\" decoding=\"async\" width=\"150\" height=\"150\" src=\"https:\/\/www.riogrande.rs.gov.br\/smed\/wp-content\/uploads\/2018\/07\/20180718-pmrg6-150x150.jpg\" class=\"attachment-thumbnail size-thumbnail\" alt=\"\" aria-describedby=\"gallery-1-27507\" \/><\/a>\n\t\t\t<\/dt>\n\t\t\t\t<dd class='wp-caption-text gallery-caption' id='gallery-1-27507'>\n\t\t\t\tCr\u00e9dito: Marcos Jatahy\n\t\t\t\t<\/dd><\/dl><br style=\"clear: both\" \/>\n\t\t<\/div>\n\n<p>Fonte: <a href=\"http:\/\/www.riogrande.rs.gov.br\/pagina\/index.php\/noticias\/detalhes+3fb6b0,,escola-municipal-helena-small-recebeu-visita-do-projeto-prefeito-na-escola-nesta-quarta-feira-18.html#.W0-6R63OqT9\" target=\"_blank\" rel=\"noopener\"><strong>www.riogrande.rs.gov.br<\/strong><\/a><\/p>\n<p style=\"text-align: justify;\">Na tarde desta quarta-feira (18), dando continuidade \u00e0 s\u00e9rie de visitas do chefe do Executivo Municipal \u00e0s escolas municipais de Rio Grande, o prefeito Alexandre Lindenmeyer esteve E.M.E.F. Helena Small, no centro da cidade. As visitas fazem parte do projeto \u201cPrefeito na Escola\u201d, que comp\u00f5e o novo programa do governo municipal, \u201cRio Grande ComVida\u201d, programa que, dentre outras diretrizes, objetiva fortalecer o sentimento de pertencimento no \u00e2mbito do munic\u00edpio, buscando uma cidade mais humana, inteligente e sustent\u00e1vel. O programa destaca, ainda, a valoriza\u00e7\u00e3o das pessoas, que na avalia\u00e7\u00e3o do prefeito, s\u00e3o o maior patrim\u00f4nio da cidade.<\/p>\n<p><!--more--><\/p>\n<p style=\"text-align: justify;\">A finalidade do \u201cPrefeito na Escola\u201d \u00e9 mobilizar a comunidade escolar e em geral para o cuidado e a preserva\u00e7\u00e3o do patrim\u00f4nio p\u00fablico, promovendo um di\u00e1logo transversal com as secretarias de governo. O prefeito visitou salas de aula de turmas da pr\u00e9-escola, do quarto e do quinto ano para conversar com os alunos, que escutaram atentamente as palavras do Chefe do Executivo. .<\/p>\n<p style=\"text-align: justify;\">No di\u00e1logo com as crian\u00e7as, o Prefeito salientou a import\u00e2ncia da educa\u00e7\u00e3o na forma\u00e7\u00e3o das pessoas e os esfor\u00e7os que o munic\u00edpio tem feito para garantir um bom ensino p\u00fablico para todos e todas. \u201c<strong>Pe\u00e7o que voc\u00eas aproveitem esse espa\u00e7o para aprender bastante, aproveitar muito as aulas para aprender o m\u00e1ximo poss\u00edvel com professoras, pois elas estudaram muito para estarem aqui repassando o conhecimento delas a voc\u00eas. Aproveitem cada instante dentro da sala de aula, pois \u00e9 um tempo que n\u00e3o volta mais<\/strong>\u201d, declarou. Alexandre tamb\u00e9m fez quest\u00e3o de ressaltar a import\u00e2ncia da leitura para todas as turmas, e buscou incentivar a atividade entre as crian\u00e7as, afirmando que a leitura poderia ser muito prazerosa, al\u00e9m de trazer conhecimento.<\/p>\n<p style=\"text-align: justify;\">E.M.E.F. Helena Small iniciou suas atividades em 21 de fevereiro de 1959, como unidade de ensino prim\u00e1rio. Atualmente, trabalha com o ensino da pr\u00e9-escola at\u00e9 o nono ano do ensino fundamental. Durante o turno da noite, tamb\u00e9m \u00e9 oferecido o EJA, Educa\u00e7\u00e3o de Jovens e Adultos. A escola possui, considerando todas as modalidades de ensino, mais de 1.000 alunos, al\u00e9m de um corpo docente composto por mais de 100 professores. Em suas atividades culturais, a escola destaca-se pela banda marcial e pelo grupo de teatro. A institui\u00e7\u00e3o est\u00e1 sob dire\u00e7\u00e3o da professora Andr\u00e9a Santiago, e das vice diretoras: Bianca Franco Canuso e Gicelda Piccioni Toralles.<\/p>\n<p style=\"text-align: justify;\">O chefe do Executivo Municipal esteve na companhia da primeira-dama, Eunice Lindenmeyer, do secret\u00e1rio de educa\u00e7\u00e3o, Andr\u00e9 Lemes, da secret\u00e1ria ajunta de educa\u00e7\u00e3o Neci Bandeira, al\u00e9m da chefe de Gabinete Adjunta do Prefeito, Daniela Rodrigues, e foi recebido pela dire\u00e7\u00e3o da escola e pelas professoras da institui\u00e7\u00e3o, que concederam um tempo de suas aulas para a conversa com as crian\u00e7as.<\/p>\n","protected":false},"excerpt":{"rendered":"<p>Fonte: www.riogrande.rs.gov.br Na tarde desta quarta-feira (18), dando continuidade \u00e0 s\u00e9rie de visitas do chefe do Executivo Municipal \u00e0s escolas municipais de Rio Grande, o prefeito Alexandre Lindenmeyer esteve E.M.E.F. Helena Small, no centro da cidade. As visitas fazem parte do projeto \u201cPrefeito na Escola\u201d, que comp\u00f5e o novo programa do governo municipal, \u201cRio Grande [&hellip;]<\/p>\n","protected":false},"author":7,"featured_media":0,"comment_status":"closed","ping_status":"closed","sticky":false,"template":"","format":"standard","meta":{"footnotes":""},"categories":[1],"tags":[],"class_list":["post-27500","post","type-post","status-publish","format-standard","hentry","category-noticias"],"_links":{"self":[{"href":"https:\/\/www.riogrande.rs.gov.br\/smed\/index.php?rest_route=\/wp\/v2\/posts\/27500"}],"collection":[{"href":"https:\/\/www.riogrande.rs.gov.br\/smed\/index.php?rest_route=\/wp\/v2\/posts"}],"about":[{"href":"https:\/\/www.riogrande.rs.gov.br\/smed\/index.php?rest_route=\/wp\/v2\/types\/post"}],"author":[{"embeddable":true,"href":"https:\/\/www.riogrande.rs.gov.br\/smed\/index.php?rest_route=\/wp\/v2\/users\/7"}],"replies":[{"embeddable":true,"href":"https:\/\/www.riogrande.rs.gov.br\/smed\/index.php?rest_route=%2Fwp%2Fv2%2Fcomments&post=27500"}],"version-history":[{"count":2,"href":"https:\/\/www.riogrande.rs.gov.br\/smed\/index.php?rest_route=\/wp\/v2\/posts\/27500\/revisions"}],"predecessor-version":[{"id":27508,"href":"https:\/\/www.riogrande.rs.gov.br\/smed\/index.php?rest_route=\/wp\/v2\/posts\/27500\/revisions\/27508"}],"wp:attachment":[{"href":"https:\/\/www.riogrande.rs.gov.br\/smed\/index.php?rest_route=%2Fwp%2Fv2%2Fmedia&parent=27500"}],"wp:term":[{"taxonomy":"category","embeddable":true,"href":"https:\/\/www.riogrande.rs.gov.br\/smed\/index.php?rest_route=%2Fwp%2Fv2%2Fcategories&post=27500"},{"taxonomy":"post_tag","embeddable":true,"href":"https:\/\/www.riogrande.rs.gov.br\/smed\/index.php?rest_route=%2Fwp%2Fv2%2Ftags&post=27500"}],"curies":[{"name":"wp","href":"https:\/\/api.w.org\/{rel}","templated":true}]}}