{"id":27497,"date":"2018-07-18T15:36:41","date_gmt":"2018-07-18T18:36:41","guid":{"rendered":"http:\/\/www.riogrande.rs.gov.br\/smed\/?p=27497"},"modified":"2018-07-18T15:36:41","modified_gmt":"2018-07-18T18:36:41","slug":"alunos-da-emef-cristovao-pereira-de-abreu-apresentaram-esquete-teatral-na-40a-fearg","status":"publish","type":"post","link":"https:\/\/www.riogrande.rs.gov.br\/smed\/?p=27497","title":{"rendered":"Alunos da EMEF Crist\u00f3v\u00e3o Pereira de Abreu apresentaram \u201cEsquete Teatral\u201d na 40\u00aa FEARG"},"content":{"rendered":"<div id=\"attachment_27498\" style=\"width: 495px\" class=\"wp-caption aligncenter\"><a href=\"http:\/\/www.riogrande.rs.gov.br\/smed\/wp-content\/uploads\/2018\/07\/20180718-cristovao-image1.jpg\" rel=\"lightbox[27497]\"><img loading=\"lazy\" decoding=\"async\" aria-describedby=\"caption-attachment-27498\" class=\"size-medium wp-image-27498\" src=\"http:\/\/www.riogrande.rs.gov.br\/smed\/wp-content\/uploads\/2018\/07\/20180718-cristovao-image1-485x273.jpg\" alt=\"\" width=\"485\" height=\"273\" srcset=\"https:\/\/www.riogrande.rs.gov.br\/smed\/wp-content\/uploads\/2018\/07\/20180718-cristovao-image1-485x273.jpg 485w, https:\/\/www.riogrande.rs.gov.br\/smed\/wp-content\/uploads\/2018\/07\/20180718-cristovao-image1-768x432.jpg 768w, https:\/\/www.riogrande.rs.gov.br\/smed\/wp-content\/uploads\/2018\/07\/20180718-cristovao-image1-368x207.jpg 368w, https:\/\/www.riogrande.rs.gov.br\/smed\/wp-content\/uploads\/2018\/07\/20180718-cristovao-image1.jpg 800w\" sizes=\"(max-width: 485px) 100vw, 485px\" \/><\/a><p id=\"caption-attachment-27498\" class=\"wp-caption-text\">Divulga\u00e7\u00e3o<\/p><\/div>\n<p style=\"text-align: justify;\"><span style=\"font-weight: 400;\">Na \u00faltima sexta-feira, dia 13 de julho, alunos dos Anos Finais da Escola Municipal de Ensino Fundamental Crist\u00f3v\u00e3o Pereira de Abreu, que est\u00e1 localizada na Ilha da Torotama, apresentaram-se no Palco Teatro da <\/span><span style=\"font-weight: 400;\">40\u00aa Feira de Artesanato, Com\u00e9rcio, Ind\u00fastria e Servi\u00e7os do Rio Grande (FEARG),<\/span><span style=\"font-weight: 400;\"> durante a \u201cMostra Art\u00edstica e Cultural\u201d promovida pela Secretaria de Munic\u00edpio da Educa\u00e7\u00e3o (SMEd).<\/span><\/p>\n<p style=\"text-align: justify;\"><!--more--><\/p>\n<p style=\"text-align: justify;\"><span style=\"font-weight: 400;\">Na oportunidade, os alunos interpretaram a esquete \u201cTrair e co\u00e7ar, \u00e9 s\u00f3 come\u00e7ar\u201d, baseada na cr\u00f4nica \u201cAmo-te, gente casamenteira, logo, logo, vira solteira\u201d, de um dos alunos do 8\u00b0 Ano. Participaram do elenco, os alunos Gabriel Souza, Karen Machado, Diovana Barros, Ana Carolina Domingues, Wesley Poschi, Jos\u00e9 Lucas Caseira, Erick Rocha, Kauani Silveira. A dire\u00e7\u00e3o ficou por conta da professora Rosa Maria Martins Pereira, enquanto a professora S\u00edlvia Senna foi a respons\u00e1vel pela trilha sonora.<\/span><\/p>\n<p>&nbsp;<\/p>\n<p style=\"text-align: right;\"><em>SMEd<\/em><br \/>\n<em>Roberton Reis<\/em><br \/>\n<em>Com informa\u00e7\u00f5es da EMEF Crist\u00f3v\u00e3o Pereira de Abreu<\/em><\/p>\n","protected":false},"excerpt":{"rendered":"<p>Na \u00faltima sexta-feira, dia 13 de julho, alunos dos Anos Finais da Escola Municipal de Ensino Fundamental Crist\u00f3v\u00e3o Pereira de Abreu, que est\u00e1 localizada na Ilha da Torotama, apresentaram-se no Palco Teatro da 40\u00aa Feira de Artesanato, Com\u00e9rcio, Ind\u00fastria e Servi\u00e7os do Rio Grande (FEARG), durante a \u201cMostra Art\u00edstica e Cultural\u201d promovida pela Secretaria de [&hellip;]<\/p>\n","protected":false},"author":7,"featured_media":0,"comment_status":"closed","ping_status":"closed","sticky":false,"template":"","format":"standard","meta":{"footnotes":""},"categories":[1,13],"tags":[],"class_list":["post-27497","post","type-post","status-publish","format-standard","hentry","category-noticias","category-pedagogico"],"_links":{"self":[{"href":"https:\/\/www.riogrande.rs.gov.br\/smed\/index.php?rest_route=\/wp\/v2\/posts\/27497"}],"collection":[{"href":"https:\/\/www.riogrande.rs.gov.br\/smed\/index.php?rest_route=\/wp\/v2\/posts"}],"about":[{"href":"https:\/\/www.riogrande.rs.gov.br\/smed\/index.php?rest_route=\/wp\/v2\/types\/post"}],"author":[{"embeddable":true,"href":"https:\/\/www.riogrande.rs.gov.br\/smed\/index.php?rest_route=\/wp\/v2\/users\/7"}],"replies":[{"embeddable":true,"href":"https:\/\/www.riogrande.rs.gov.br\/smed\/index.php?rest_route=%2Fwp%2Fv2%2Fcomments&post=27497"}],"version-history":[{"count":1,"href":"https:\/\/www.riogrande.rs.gov.br\/smed\/index.php?rest_route=\/wp\/v2\/posts\/27497\/revisions"}],"predecessor-version":[{"id":27499,"href":"https:\/\/www.riogrande.rs.gov.br\/smed\/index.php?rest_route=\/wp\/v2\/posts\/27497\/revisions\/27499"}],"wp:attachment":[{"href":"https:\/\/www.riogrande.rs.gov.br\/smed\/index.php?rest_route=%2Fwp%2Fv2%2Fmedia&parent=27497"}],"wp:term":[{"taxonomy":"category","embeddable":true,"href":"https:\/\/www.riogrande.rs.gov.br\/smed\/index.php?rest_route=%2Fwp%2Fv2%2Fcategories&post=27497"},{"taxonomy":"post_tag","embeddable":true,"href":"https:\/\/www.riogrande.rs.gov.br\/smed\/index.php?rest_route=%2Fwp%2Fv2%2Ftags&post=27497"}],"curies":[{"name":"wp","href":"https:\/\/api.w.org\/{rel}","templated":true}]}}