{"id":27485,"date":"2018-07-17T17:13:09","date_gmt":"2018-07-17T20:13:09","guid":{"rendered":"http:\/\/www.riogrande.rs.gov.br\/smed\/?p=27485"},"modified":"2018-07-17T17:13:09","modified_gmt":"2018-07-17T20:13:09","slug":"emef-antonio-carlos-lopes-promoveu-jantar-dancante-para-celebrar-seus-50-anos","status":"publish","type":"post","link":"https:\/\/www.riogrande.rs.gov.br\/smed\/?p=27485","title":{"rendered":"EMEF Ant\u00f4nio Carlos Lopes promoveu \u201cJantar Dan\u00e7ante\u201d para celebrar seus \u201c50 anos\u201d"},"content":{"rendered":"\n\t\t<style type=\"text\/css\">\n\t\t\t#gallery-1 {\n\t\t\t\tmargin: auto;\n\t\t\t}\n\t\t\t#gallery-1 .gallery-item {\n\t\t\t\tfloat: left;\n\t\t\t\tmargin-top: 10px;\n\t\t\t\ttext-align: center;\n\t\t\t\twidth: 33%;\n\t\t\t}\n\t\t\t#gallery-1 img {\n\t\t\t\tborder: 2px solid #cfcfcf;\n\t\t\t}\n\t\t\t#gallery-1 .gallery-caption {\n\t\t\t\tmargin-left: 0;\n\t\t\t}\n\t\t\t\/* see gallery_shortcode() in wp-includes\/media.php *\/\n\t\t<\/style>\n\t\t<div id='gallery-1' class='gallery galleryid-27485 gallery-columns-3 gallery-size-thumbnail'><dl class='gallery-item'>\n\t\t\t<dt class='gallery-icon portrait'>\n\t\t\t\t<a href='https:\/\/www.riogrande.rs.gov.br\/smed\/wp-content\/uploads\/2018\/07\/20180717-ped-lopes-image1.jpg' rel=\"lightbox[27485]\"><img loading=\"lazy\" decoding=\"async\" width=\"150\" height=\"150\" src=\"https:\/\/www.riogrande.rs.gov.br\/smed\/wp-content\/uploads\/2018\/07\/20180717-ped-lopes-image1-150x150.jpg\" class=\"attachment-thumbnail size-thumbnail\" alt=\"\" aria-describedby=\"gallery-1-27486\" \/><\/a>\n\t\t\t<\/dt>\n\t\t\t\t<dd class='wp-caption-text gallery-caption' id='gallery-1-27486'>\n\t\t\t\tCr\u00e9dito: EMEF Ant\u00f4nio Carlos Lopes\n\t\t\t\t<\/dd><\/dl><dl class='gallery-item'>\n\t\t\t<dt class='gallery-icon landscape'>\n\t\t\t\t<a href='https:\/\/www.riogrande.rs.gov.br\/smed\/wp-content\/uploads\/2018\/07\/20180717-ped-lopes-image2.jpg' rel=\"lightbox[27485]\"><img loading=\"lazy\" decoding=\"async\" width=\"150\" height=\"150\" src=\"https:\/\/www.riogrande.rs.gov.br\/smed\/wp-content\/uploads\/2018\/07\/20180717-ped-lopes-image2-150x150.jpg\" class=\"attachment-thumbnail size-thumbnail\" alt=\"\" aria-describedby=\"gallery-1-27487\" \/><\/a>\n\t\t\t<\/dt>\n\t\t\t\t<dd class='wp-caption-text gallery-caption' id='gallery-1-27487'>\n\t\t\t\tCr\u00e9dito: EMEF Ant\u00f4nio Carlos Lopes\n\t\t\t\t<\/dd><\/dl><dl class='gallery-item'>\n\t\t\t<dt class='gallery-icon portrait'>\n\t\t\t\t<a href='https:\/\/www.riogrande.rs.gov.br\/smed\/wp-content\/uploads\/2018\/07\/20180717-ped-lopes-image3.jpg' rel=\"lightbox[27485]\"><img loading=\"lazy\" decoding=\"async\" width=\"150\" height=\"150\" src=\"https:\/\/www.riogrande.rs.gov.br\/smed\/wp-content\/uploads\/2018\/07\/20180717-ped-lopes-image3-150x150.jpg\" class=\"attachment-thumbnail size-thumbnail\" alt=\"\" aria-describedby=\"gallery-1-27488\" \/><\/a>\n\t\t\t<\/dt>\n\t\t\t\t<dd class='wp-caption-text gallery-caption' id='gallery-1-27488'>\n\t\t\t\tCr\u00e9dito: EMEF Ant\u00f4nio Carlos Lopes\n\t\t\t\t<\/dd><\/dl><br style=\"clear: both\" \/><dl class='gallery-item'>\n\t\t\t<dt class='gallery-icon landscape'>\n\t\t\t\t<a href='https:\/\/www.riogrande.rs.gov.br\/smed\/wp-content\/uploads\/2018\/07\/20180717-ped-lopes-image4.jpg' rel=\"lightbox[27485]\"><img loading=\"lazy\" decoding=\"async\" width=\"150\" height=\"150\" src=\"https:\/\/www.riogrande.rs.gov.br\/smed\/wp-content\/uploads\/2018\/07\/20180717-ped-lopes-image4-150x150.jpg\" class=\"attachment-thumbnail size-thumbnail\" alt=\"\" aria-describedby=\"gallery-1-27489\" \/><\/a>\n\t\t\t<\/dt>\n\t\t\t\t<dd class='wp-caption-text gallery-caption' id='gallery-1-27489'>\n\t\t\t\tCr\u00e9dito: EMEF Ant\u00f4nio Carlos Lopes\n\t\t\t\t<\/dd><\/dl><dl class='gallery-item'>\n\t\t\t<dt class='gallery-icon portrait'>\n\t\t\t\t<a href='https:\/\/www.riogrande.rs.gov.br\/smed\/wp-content\/uploads\/2018\/07\/20180717-ped-lopes-image5.jpg' rel=\"lightbox[27485]\"><img loading=\"lazy\" decoding=\"async\" width=\"150\" height=\"150\" src=\"https:\/\/www.riogrande.rs.gov.br\/smed\/wp-content\/uploads\/2018\/07\/20180717-ped-lopes-image5-150x150.jpg\" class=\"attachment-thumbnail size-thumbnail\" alt=\"\" aria-describedby=\"gallery-1-27490\" \/><\/a>\n\t\t\t<\/dt>\n\t\t\t\t<dd class='wp-caption-text gallery-caption' id='gallery-1-27490'>\n\t\t\t\tCr\u00e9dito: EMEF Ant\u00f4nio Carlos Lopes\n\t\t\t\t<\/dd><\/dl><dl class='gallery-item'>\n\t\t\t<dt class='gallery-icon portrait'>\n\t\t\t\t<a href='https:\/\/www.riogrande.rs.gov.br\/smed\/wp-content\/uploads\/2018\/07\/20180717-ped-lopes-image6.jpg' rel=\"lightbox[27485]\"><img loading=\"lazy\" decoding=\"async\" width=\"150\" height=\"150\" src=\"https:\/\/www.riogrande.rs.gov.br\/smed\/wp-content\/uploads\/2018\/07\/20180717-ped-lopes-image6-150x150.jpg\" class=\"attachment-thumbnail size-thumbnail\" alt=\"\" aria-describedby=\"gallery-1-27491\" \/><\/a>\n\t\t\t<\/dt>\n\t\t\t\t<dd class='wp-caption-text gallery-caption' id='gallery-1-27491'>\n\t\t\t\tCr\u00e9dito: EMEF Ant\u00f4nio Carlos Lopes\n\t\t\t\t<\/dd><\/dl><br style=\"clear: both\" \/>\n\t\t<\/div>\n\n<p style=\"text-align: justify;\">Na \u00faltima sexta-feira, dia <b>13 de julho<\/b>, a Escola Municipal de Ensino Fundamental <b>Ant\u00f4nio Carlos Lopes<\/b>, que est\u00e1 localizada no bairro Quinta, promoveu, no CTG Brigadeiro Raphael Pinto Bandeira, \u201c<b>Jantar Dan\u00e7ante<\/b>\u201d para celebrar os seus <b>50 anos de funda\u00e7\u00e3o<\/b>.<\/p>\n<p style=\"text-align: justify;\"><!--more--><\/p>\n<p style=\"text-align: justify;\">De acordo com a diretora Joze Fonseca Quintana, \u201c<b>Na ocasi\u00e3o, foram homenageados os ex-diretores da Escola que se fizeram presentes: Jos\u00e9 Orlando Miranda Botelho e Alessandra Silveira da Silveira. O Secret\u00e1rio de Munic\u00edpio da Educa\u00e7\u00e3o, Andr\u00e9 Lemes da Silva, representado pelo superintendente de Gest\u00e3o Pedag\u00f3gica da SMEd, Felipe Alonso, tamb\u00e9m foi homenageado. Tamb\u00e9m n\u00e3o poder\u00edamos deixar de homenagear os nossos professores, monitores, oficineiros, ex-funcion\u00e1rios, pais e amigos da Escola<\/b>\u201d.<\/p>\n<p>&nbsp;<\/p>\n<p style=\"text-align: right;\"><em>SMEd<\/em><br \/>\n<em>Roberton Reis<\/em><br \/>\n<em>Com informa\u00e7\u00f5es da EMEF Ant\u00f4nio Carlos Lopes<\/em><\/p>\n","protected":false},"excerpt":{"rendered":"<p>Na \u00faltima sexta-feira, dia 13 de julho, a Escola Municipal de Ensino Fundamental Ant\u00f4nio Carlos Lopes, que est\u00e1 localizada no bairro Quinta, promoveu, no CTG Brigadeiro Raphael Pinto Bandeira, \u201cJantar Dan\u00e7ante\u201d para celebrar os seus 50 anos de funda\u00e7\u00e3o.<\/p>\n","protected":false},"author":7,"featured_media":0,"comment_status":"closed","ping_status":"closed","sticky":false,"template":"","format":"standard","meta":{"footnotes":""},"categories":[1,13],"tags":[],"class_list":["post-27485","post","type-post","status-publish","format-standard","hentry","category-noticias","category-pedagogico"],"_links":{"self":[{"href":"https:\/\/www.riogrande.rs.gov.br\/smed\/index.php?rest_route=\/wp\/v2\/posts\/27485"}],"collection":[{"href":"https:\/\/www.riogrande.rs.gov.br\/smed\/index.php?rest_route=\/wp\/v2\/posts"}],"about":[{"href":"https:\/\/www.riogrande.rs.gov.br\/smed\/index.php?rest_route=\/wp\/v2\/types\/post"}],"author":[{"embeddable":true,"href":"https:\/\/www.riogrande.rs.gov.br\/smed\/index.php?rest_route=\/wp\/v2\/users\/7"}],"replies":[{"embeddable":true,"href":"https:\/\/www.riogrande.rs.gov.br\/smed\/index.php?rest_route=%2Fwp%2Fv2%2Fcomments&post=27485"}],"version-history":[{"count":1,"href":"https:\/\/www.riogrande.rs.gov.br\/smed\/index.php?rest_route=\/wp\/v2\/posts\/27485\/revisions"}],"predecessor-version":[{"id":27492,"href":"https:\/\/www.riogrande.rs.gov.br\/smed\/index.php?rest_route=\/wp\/v2\/posts\/27485\/revisions\/27492"}],"wp:attachment":[{"href":"https:\/\/www.riogrande.rs.gov.br\/smed\/index.php?rest_route=%2Fwp%2Fv2%2Fmedia&parent=27485"}],"wp:term":[{"taxonomy":"category","embeddable":true,"href":"https:\/\/www.riogrande.rs.gov.br\/smed\/index.php?rest_route=%2Fwp%2Fv2%2Fcategories&post=27485"},{"taxonomy":"post_tag","embeddable":true,"href":"https:\/\/www.riogrande.rs.gov.br\/smed\/index.php?rest_route=%2Fwp%2Fv2%2Ftags&post=27485"}],"curies":[{"name":"wp","href":"https:\/\/api.w.org\/{rel}","templated":true}]}}