{"id":27456,"date":"2018-07-15T19:08:29","date_gmt":"2018-07-15T22:08:29","guid":{"rendered":"http:\/\/www.riogrande.rs.gov.br\/smed\/?p=27456"},"modified":"2018-07-15T19:08:29","modified_gmt":"2018-07-15T22:08:29","slug":"8o-comed-inscricoes-sao-prorrogadas-ate-dia-04-de-agosto","status":"publish","type":"post","link":"https:\/\/www.riogrande.rs.gov.br\/smed\/?p=27456","title":{"rendered":"8\u00ba COMED: inscri\u00e7\u00f5es s\u00e3o prorrogadas at\u00e9 dia 04 de agosto"},"content":{"rendered":"<div id=\"attachment_27457\" style=\"width: 495px\" class=\"wp-caption aligncenter\"><a href=\"http:\/\/www.riogrande.rs.gov.br\/smed\/wp-content\/uploads\/2018\/07\/20180715-ped-8comed-image1.jpg\" rel=\"lightbox[27456]\"><img loading=\"lazy\" decoding=\"async\" aria-describedby=\"caption-attachment-27457\" class=\"size-medium wp-image-27457\" src=\"http:\/\/www.riogrande.rs.gov.br\/smed\/wp-content\/uploads\/2018\/07\/20180715-ped-8comed-image1-485x686.jpg\" alt=\"\" width=\"485\" height=\"686\" srcset=\"https:\/\/www.riogrande.rs.gov.br\/smed\/wp-content\/uploads\/2018\/07\/20180715-ped-8comed-image1-485x686.jpg 485w, https:\/\/www.riogrande.rs.gov.br\/smed\/wp-content\/uploads\/2018\/07\/20180715-ped-8comed-image1-768x1086.jpg 768w, https:\/\/www.riogrande.rs.gov.br\/smed\/wp-content\/uploads\/2018\/07\/20180715-ped-8comed-image1-146x207.jpg 146w, https:\/\/www.riogrande.rs.gov.br\/smed\/wp-content\/uploads\/2018\/07\/20180715-ped-8comed-image1.jpg 800w\" sizes=\"(max-width: 485px) 100vw, 485px\" \/><\/a><p id=\"caption-attachment-27457\" class=\"wp-caption-text\">Divulga\u00e7\u00e3o<\/p><\/div>\n<p style=\"text-align: justify;\">A Secretaria de Munic\u00edpio da Educa\u00e7\u00e3o de Rio Grande (SMEd) informa que o per\u00edodo de inscri\u00e7\u00f5es para o <strong><a href=\"http:\/\/www.riogrande.rs.gov.br\/smed\/?page_id=27230\" target=\"_blank\" rel=\"noopener\">8\u00ba Congresso Municipal de Educa\u00e7\u00e3o<\/a> <\/strong>(8\u00ba COMED), que acontecer\u00e1 nos dias <b>08 e 09 de agosto<\/b>, no Cidec-Sul, da Universidade Federal do Rio Grande (FURG), foi prorrogado at\u00e9 o dia <b>04 de agosto<\/b>.<\/p>\n<p><!--more--><\/p>\n<p>&nbsp;<\/p>\n<p style=\"text-align: justify;\">Neste ano, o Congresso problematizar\u00e1 o tema \u201cEscola ComVida: Entrela\u00e7ando Saberes na Constru\u00e7\u00e3o do Curr\u00edculo\u201d, visando a discuss\u00e3o sobre a formula\u00e7\u00e3o das Diretrizes Curriculares Municipais e sobre o papel democr\u00e1tico e aut\u00f4nomo das escolas na elabora\u00e7\u00e3o e implementa\u00e7\u00e3o de seus curr\u00edculos e projetos pedag\u00f3gicos.<\/p>\n<p style=\"text-align: justify;\">O Congresso Municipal de Educa\u00e7\u00e3o est\u00e1 previsto na Lei Municipal n\u00b0 5.332\/1999, como um f\u00f3rum de fomento e discuss\u00e3o dos princ\u00edpios norteadores das a\u00e7\u00f5es das escolas do munic\u00edpio, com edi\u00e7\u00e3o bianual.<\/p>\n<p style=\"text-align: justify;\">Para ter acesso a maiores informa\u00e7\u00f5es sobre o 8\u00ba COMED ou para conhecer o seu Cronograma, acesse <a href=\"http:\/\/www.riogrande.rs.gov.br\/smed\/?page_id=27230\" target=\"_blank\" rel=\"noopener\"><b>aqui<\/b><\/a>.<\/p>\n<p style=\"text-align: justify;\">Veja o n\u00famero de<a href=\"http:\/\/www.riogrande.rs.gov.br\/smed\/wp-content\/uploads\/2018\/07\/20180705-comed_lista_delegados_por_escola_corrigida.pdf\" target=\"_blank\" rel=\"noopener\"> <b>Delegados por Escola<\/b><\/a>.<\/p>\n<p style=\"text-align: justify;\">Clique<a href=\"https:\/\/docs.google.com\/forms\/d\/e\/1FAIpQLSfJqf6L9MfAUGg_cAgLxUjHLbBb-VUL5NvRHdHRgKiPEqV93g\/viewform\" target=\"_blank\" rel=\"noopener\"> <b>AQUI<\/b><\/a> para fazer a inscri\u00e7\u00e3o dos(as) delegados(as)<a href=\"https:\/\/docs.google.com\/forms\/d\/e\/1FAIpQLSfJqf6L9MfAUGg_cAgLxUjHLbBb-VUL5NvRHdHRgKiPEqV93g\/viewform\" target=\"_blank\" rel=\"noopener\"><b>Trabalhadores(as) em Educa\u00e7\u00e3o<\/b><\/a><\/p>\n<p style=\"text-align: justify;\">Clique<a href=\"https:\/\/docs.google.com\/forms\/d\/e\/1FAIpQLSe3tRDqUfXNWK1O4McOcU9vdPNnHuT9ZA8NsDRuhoGjGN9Nhw\/viewform\" target=\"_blank\" rel=\"noopener\"> <b>AQUI<\/b><\/a> para fazer a inscri\u00e7\u00e3o dos(as) delegados(as)<a href=\"https:\/\/docs.google.com\/forms\/d\/e\/1FAIpQLSe3tRDqUfXNWK1O4McOcU9vdPNnHuT9ZA8NsDRuhoGjGN9Nhw\/viewform\" target=\"_blank\" rel=\"noopener\"> <b>Pais e Respons\u00e1veis<\/b><\/a><\/p>\n<p style=\"text-align: justify;\">Clique<a href=\"https:\/\/docs.google.com\/forms\/d\/e\/1FAIpQLSf_vbxyWL89H4og-Lg1dvswRKop3fb0I1wzGudMSqdlEmlXlA\/viewform\" target=\"_blank\" rel=\"noopener\"> <b>AQUI<\/b><\/a> para fazer a inscri\u00e7\u00e3o dos(as) delegados(as)<a href=\"https:\/\/docs.google.com\/forms\/d\/e\/1FAIpQLSf_vbxyWL89H4og-Lg1dvswRKop3fb0I1wzGudMSqdlEmlXlA\/viewform\" target=\"_blank\" rel=\"noopener\"> <b>Outros(as) Participantes<\/b><\/a><\/p>\n<p style=\"text-align: justify;\">Clique<a href=\"https:\/\/docs.google.com\/forms\/d\/e\/1FAIpQLSevd_MfDCJKajbyOgWPKPyyUQuc2g-bVBAkye7RcF_EfyQT8A\/viewform\" target=\"_blank\" rel=\"noopener\"> <b>AQUI<\/b><\/a> para fazer a inscri\u00e7\u00e3o dos(as) delegados(as)<a href=\"https:\/\/docs.google.com\/forms\/d\/e\/1FAIpQLSevd_MfDCJKajbyOgWPKPyyUQuc2g-bVBAkye7RcF_EfyQT8A\/viewform\" target=\"_blank\" rel=\"noopener\"> <b>Estudantes<\/b><\/a><\/p>\n<p style=\"text-align: right;\"><em>SMEd<\/em><\/p>\n","protected":false},"excerpt":{"rendered":"<p>A Secretaria de Munic\u00edpio da Educa\u00e7\u00e3o de Rio Grande (SMEd) informa que o per\u00edodo de inscri\u00e7\u00f5es para o 8\u00ba Congresso Municipal de Educa\u00e7\u00e3o (8\u00ba COMED), que acontecer\u00e1 nos dias 08 e 09 de agosto, no Cidec-Sul, da Universidade Federal do Rio Grande (FURG), foi prorrogado at\u00e9 o dia 04 de agosto.<\/p>\n","protected":false},"author":7,"featured_media":0,"comment_status":"closed","ping_status":"closed","sticky":false,"template":"","format":"standard","meta":{"footnotes":""},"categories":[1,13],"tags":[],"class_list":["post-27456","post","type-post","status-publish","format-standard","hentry","category-noticias","category-pedagogico"],"_links":{"self":[{"href":"https:\/\/www.riogrande.rs.gov.br\/smed\/index.php?rest_route=\/wp\/v2\/posts\/27456"}],"collection":[{"href":"https:\/\/www.riogrande.rs.gov.br\/smed\/index.php?rest_route=\/wp\/v2\/posts"}],"about":[{"href":"https:\/\/www.riogrande.rs.gov.br\/smed\/index.php?rest_route=\/wp\/v2\/types\/post"}],"author":[{"embeddable":true,"href":"https:\/\/www.riogrande.rs.gov.br\/smed\/index.php?rest_route=\/wp\/v2\/users\/7"}],"replies":[{"embeddable":true,"href":"https:\/\/www.riogrande.rs.gov.br\/smed\/index.php?rest_route=%2Fwp%2Fv2%2Fcomments&post=27456"}],"version-history":[{"count":1,"href":"https:\/\/www.riogrande.rs.gov.br\/smed\/index.php?rest_route=\/wp\/v2\/posts\/27456\/revisions"}],"predecessor-version":[{"id":27458,"href":"https:\/\/www.riogrande.rs.gov.br\/smed\/index.php?rest_route=\/wp\/v2\/posts\/27456\/revisions\/27458"}],"wp:attachment":[{"href":"https:\/\/www.riogrande.rs.gov.br\/smed\/index.php?rest_route=%2Fwp%2Fv2%2Fmedia&parent=27456"}],"wp:term":[{"taxonomy":"category","embeddable":true,"href":"https:\/\/www.riogrande.rs.gov.br\/smed\/index.php?rest_route=%2Fwp%2Fv2%2Fcategories&post=27456"},{"taxonomy":"post_tag","embeddable":true,"href":"https:\/\/www.riogrande.rs.gov.br\/smed\/index.php?rest_route=%2Fwp%2Fv2%2Ftags&post=27456"}],"curies":[{"name":"wp","href":"https:\/\/api.w.org\/{rel}","templated":true}]}}