{"id":27431,"date":"2018-07-13T14:04:40","date_gmt":"2018-07-13T17:04:40","guid":{"rendered":"http:\/\/www.riogrande.rs.gov.br\/smed\/?p=27431"},"modified":"2018-07-13T14:04:40","modified_gmt":"2018-07-13T17:04:40","slug":"rio-grande-e-referencia-nacional-na-pesquisa-do-mec-sobre-organizacao-da-demanda-por-vagas-em-creche","status":"publish","type":"post","link":"https:\/\/www.riogrande.rs.gov.br\/smed\/?p=27431","title":{"rendered":"Rio Grande \u00e9 refer\u00eancia nacional na Pesquisa do MEC sobre \u201cOrganiza\u00e7\u00e3o da Demanda por Vagas em Creche\u201d"},"content":{"rendered":"\n\t\t<style type=\"text\/css\">\n\t\t\t#gallery-1 {\n\t\t\t\tmargin: auto;\n\t\t\t}\n\t\t\t#gallery-1 .gallery-item {\n\t\t\t\tfloat: left;\n\t\t\t\tmargin-top: 10px;\n\t\t\t\ttext-align: center;\n\t\t\t\twidth: 33%;\n\t\t\t}\n\t\t\t#gallery-1 img {\n\t\t\t\tborder: 2px solid #cfcfcf;\n\t\t\t}\n\t\t\t#gallery-1 .gallery-caption {\n\t\t\t\tmargin-left: 0;\n\t\t\t}\n\t\t\t\/* see gallery_shortcode() in wp-includes\/media.php *\/\n\t\t<\/style>\n\t\t<div id='gallery-1' class='gallery galleryid-27431 gallery-columns-3 gallery-size-thumbnail'><dl class='gallery-item'>\n\t\t\t<dt class='gallery-icon landscape'>\n\t\t\t\t<a href='https:\/\/www.riogrande.rs.gov.br\/smed\/wp-content\/uploads\/2018\/07\/20180713-ped-mec-image1.jpg' rel=\"lightbox[27431]\"><img loading=\"lazy\" decoding=\"async\" width=\"150\" height=\"150\" src=\"https:\/\/www.riogrande.rs.gov.br\/smed\/wp-content\/uploads\/2018\/07\/20180713-ped-mec-image1-150x150.jpg\" class=\"attachment-thumbnail size-thumbnail\" alt=\"\" aria-describedby=\"gallery-1-27432\" srcset=\"https:\/\/www.riogrande.rs.gov.br\/smed\/wp-content\/uploads\/2018\/07\/20180713-ped-mec-image1-150x150.jpg 150w, https:\/\/www.riogrande.rs.gov.br\/smed\/wp-content\/uploads\/2018\/07\/20180713-ped-mec-image1-485x485.jpg 485w, https:\/\/www.riogrande.rs.gov.br\/smed\/wp-content\/uploads\/2018\/07\/20180713-ped-mec-image1-768x768.jpg 768w, https:\/\/www.riogrande.rs.gov.br\/smed\/wp-content\/uploads\/2018\/07\/20180713-ped-mec-image1-207x207.jpg 207w, https:\/\/www.riogrande.rs.gov.br\/smed\/wp-content\/uploads\/2018\/07\/20180713-ped-mec-image1.jpg 800w\" sizes=\"(max-width: 150px) 100vw, 150px\" \/><\/a>\n\t\t\t<\/dt>\n\t\t\t\t<dd class='wp-caption-text gallery-caption' id='gallery-1-27432'>\n\t\t\t\tCr\u00e9dito: Roberton Reis\n\t\t\t\t<\/dd><\/dl><dl class='gallery-item'>\n\t\t\t<dt class='gallery-icon landscape'>\n\t\t\t\t<a href='https:\/\/www.riogrande.rs.gov.br\/smed\/wp-content\/uploads\/2018\/07\/20180713-ped-mec-image2.jpg' rel=\"lightbox[27431]\"><img loading=\"lazy\" decoding=\"async\" width=\"150\" height=\"150\" src=\"https:\/\/www.riogrande.rs.gov.br\/smed\/wp-content\/uploads\/2018\/07\/20180713-ped-mec-image2-150x150.jpg\" class=\"attachment-thumbnail size-thumbnail\" alt=\"\" aria-describedby=\"gallery-1-27433\" srcset=\"https:\/\/www.riogrande.rs.gov.br\/smed\/wp-content\/uploads\/2018\/07\/20180713-ped-mec-image2-150x150.jpg 150w, https:\/\/www.riogrande.rs.gov.br\/smed\/wp-content\/uploads\/2018\/07\/20180713-ped-mec-image2-485x485.jpg 485w, https:\/\/www.riogrande.rs.gov.br\/smed\/wp-content\/uploads\/2018\/07\/20180713-ped-mec-image2-768x768.jpg 768w, https:\/\/www.riogrande.rs.gov.br\/smed\/wp-content\/uploads\/2018\/07\/20180713-ped-mec-image2-207x207.jpg 207w, https:\/\/www.riogrande.rs.gov.br\/smed\/wp-content\/uploads\/2018\/07\/20180713-ped-mec-image2.jpg 800w\" sizes=\"(max-width: 150px) 100vw, 150px\" \/><\/a>\n\t\t\t<\/dt>\n\t\t\t\t<dd class='wp-caption-text gallery-caption' id='gallery-1-27433'>\n\t\t\t\tCr\u00e9dito: Roberton Reis\n\t\t\t\t<\/dd><\/dl><dl class='gallery-item'>\n\t\t\t<dt class='gallery-icon landscape'>\n\t\t\t\t<a href='https:\/\/www.riogrande.rs.gov.br\/smed\/wp-content\/uploads\/2018\/07\/20180713-ped-mec-image3.jpg' rel=\"lightbox[27431]\"><img loading=\"lazy\" decoding=\"async\" width=\"150\" height=\"150\" src=\"https:\/\/www.riogrande.rs.gov.br\/smed\/wp-content\/uploads\/2018\/07\/20180713-ped-mec-image3-150x150.jpg\" class=\"attachment-thumbnail size-thumbnail\" alt=\"\" aria-describedby=\"gallery-1-27434\" srcset=\"https:\/\/www.riogrande.rs.gov.br\/smed\/wp-content\/uploads\/2018\/07\/20180713-ped-mec-image3-150x150.jpg 150w, https:\/\/www.riogrande.rs.gov.br\/smed\/wp-content\/uploads\/2018\/07\/20180713-ped-mec-image3-485x485.jpg 485w, https:\/\/www.riogrande.rs.gov.br\/smed\/wp-content\/uploads\/2018\/07\/20180713-ped-mec-image3-768x768.jpg 768w, https:\/\/www.riogrande.rs.gov.br\/smed\/wp-content\/uploads\/2018\/07\/20180713-ped-mec-image3-207x207.jpg 207w, https:\/\/www.riogrande.rs.gov.br\/smed\/wp-content\/uploads\/2018\/07\/20180713-ped-mec-image3.jpg 800w\" sizes=\"(max-width: 150px) 100vw, 150px\" \/><\/a>\n\t\t\t<\/dt>\n\t\t\t\t<dd class='wp-caption-text gallery-caption' id='gallery-1-27434'>\n\t\t\t\tCr\u00e9dito: Roberton Reis\n\t\t\t\t<\/dd><\/dl><br style=\"clear: both\" \/><dl class='gallery-item'>\n\t\t\t<dt class='gallery-icon landscape'>\n\t\t\t\t<a href='https:\/\/www.riogrande.rs.gov.br\/smed\/wp-content\/uploads\/2018\/07\/20180713-ped-mec-image4.jpg' rel=\"lightbox[27431]\"><img loading=\"lazy\" decoding=\"async\" width=\"150\" height=\"150\" src=\"https:\/\/www.riogrande.rs.gov.br\/smed\/wp-content\/uploads\/2018\/07\/20180713-ped-mec-image4-150x150.jpg\" class=\"attachment-thumbnail size-thumbnail\" alt=\"\" aria-describedby=\"gallery-1-27435\" \/><\/a>\n\t\t\t<\/dt>\n\t\t\t\t<dd class='wp-caption-text gallery-caption' id='gallery-1-27435'>\n\t\t\t\tCr\u00e9dito: Roberton Reis\n\t\t\t\t<\/dd><\/dl><dl class='gallery-item'>\n\t\t\t<dt class='gallery-icon landscape'>\n\t\t\t\t<a href='https:\/\/www.riogrande.rs.gov.br\/smed\/wp-content\/uploads\/2018\/07\/20180713-ped-mec-image5.jpg' rel=\"lightbox[27431]\"><img loading=\"lazy\" decoding=\"async\" width=\"150\" height=\"150\" src=\"https:\/\/www.riogrande.rs.gov.br\/smed\/wp-content\/uploads\/2018\/07\/20180713-ped-mec-image5-150x150.jpg\" class=\"attachment-thumbnail size-thumbnail\" alt=\"\" aria-describedby=\"gallery-1-27436\" srcset=\"https:\/\/www.riogrande.rs.gov.br\/smed\/wp-content\/uploads\/2018\/07\/20180713-ped-mec-image5-150x150.jpg 150w, https:\/\/www.riogrande.rs.gov.br\/smed\/wp-content\/uploads\/2018\/07\/20180713-ped-mec-image5-485x485.jpg 485w, https:\/\/www.riogrande.rs.gov.br\/smed\/wp-content\/uploads\/2018\/07\/20180713-ped-mec-image5-768x768.jpg 768w, https:\/\/www.riogrande.rs.gov.br\/smed\/wp-content\/uploads\/2018\/07\/20180713-ped-mec-image5-207x207.jpg 207w, https:\/\/www.riogrande.rs.gov.br\/smed\/wp-content\/uploads\/2018\/07\/20180713-ped-mec-image5.jpg 800w\" sizes=\"(max-width: 150px) 100vw, 150px\" \/><\/a>\n\t\t\t<\/dt>\n\t\t\t\t<dd class='wp-caption-text gallery-caption' id='gallery-1-27436'>\n\t\t\t\tCr\u00e9dito: Roberton Reis\n\t\t\t\t<\/dd><\/dl><dl class='gallery-item'>\n\t\t\t<dt class='gallery-icon landscape'>\n\t\t\t\t<a href='https:\/\/www.riogrande.rs.gov.br\/smed\/wp-content\/uploads\/2018\/07\/20180713-ped-mec-image6.jpg' rel=\"lightbox[27431]\"><img loading=\"lazy\" decoding=\"async\" width=\"150\" height=\"150\" src=\"https:\/\/www.riogrande.rs.gov.br\/smed\/wp-content\/uploads\/2018\/07\/20180713-ped-mec-image6-150x150.jpg\" class=\"attachment-thumbnail size-thumbnail\" alt=\"\" aria-describedby=\"gallery-1-27437\" srcset=\"https:\/\/www.riogrande.rs.gov.br\/smed\/wp-content\/uploads\/2018\/07\/20180713-ped-mec-image6-150x150.jpg 150w, https:\/\/www.riogrande.rs.gov.br\/smed\/wp-content\/uploads\/2018\/07\/20180713-ped-mec-image6-485x485.jpg 485w, https:\/\/www.riogrande.rs.gov.br\/smed\/wp-content\/uploads\/2018\/07\/20180713-ped-mec-image6-768x768.jpg 768w, https:\/\/www.riogrande.rs.gov.br\/smed\/wp-content\/uploads\/2018\/07\/20180713-ped-mec-image6-207x207.jpg 207w, https:\/\/www.riogrande.rs.gov.br\/smed\/wp-content\/uploads\/2018\/07\/20180713-ped-mec-image6.jpg 800w\" sizes=\"(max-width: 150px) 100vw, 150px\" \/><\/a>\n\t\t\t<\/dt>\n\t\t\t\t<dd class='wp-caption-text gallery-caption' id='gallery-1-27437'>\n\t\t\t\tCr\u00e9dito: Roberton Reis\n\t\t\t\t<\/dd><\/dl><br style=\"clear: both\" \/>\n\t\t<\/div>\n\n<p style=\"text-align: justify;\">O <strong>Minist\u00e9rio da Educa\u00e7\u00e3o<\/strong> (MEC), por meio da articula\u00e7\u00e3o entre a <strong>Secretaria de Educa\u00e7\u00e3o B\u00e1sica<\/strong> (SEB) e a <strong>Secretaria de Articula\u00e7\u00e3o dos Sistemas de Ensino<\/strong> (SASE), disponibilizou aos munic\u00edpios brasileiros, durante os meses de outubro e novembro de 2017, question\u00e1rio sobre a organiza\u00e7\u00e3o da demanda por vagas em creche, com a inten\u00e7\u00e3o de auxiliar a Uni\u00e3o no atendimento de tr\u00eas estrat\u00e9gias da Meta 1 do Plano Nacional de Educa\u00e7\u00e3o: universalizar, at\u00e9 2016, a educa\u00e7\u00e3o infantil na pr\u00e9-escola para as crian\u00e7as de 4 (quatro) a 5 (cinco) anos de idade e ampliar a oferta de educa\u00e7\u00e3o infantil em creches de forma a atender, no m\u00ednimo, 50% (cinquenta por cento) das crian\u00e7as de at\u00e9 3 (tr\u00eas) anos at\u00e9 o final da vig\u00eancia deste PNE.<\/p>\n<p><!--more--><\/p>\n<p>&nbsp;<\/p>\n<p style=\"text-align: justify;\">Ao todo, 4.727 munic\u00edpios responderam o formul\u00e1rio on-line com nove perguntas sobre o tema, o que representa 84% dos 5.568 munic\u00edpios brasileiros. Foi poss\u00edvel identificar quantas e quais redes municipais de educa\u00e7\u00e3o fazem registro de lista de espera de crian\u00e7as de 0 a 3 anos de idade e usam crit\u00e9rios de prioriza\u00e7\u00e3o de matr\u00edcula; em qual inst\u00e2ncia das secretarias as listas s\u00e3o organizadas; a exist\u00eancia de sistema informatizado para organizar a demanda de vagas em creche; e, por fim, o interesse da secretaria em disponibilizar a tecnologia para outros munic\u00edpios.<\/p>\n<p style=\"text-align: justify;\">A partir dos dados coletados, a Diretoria de Curr\u00edculos e Educa\u00e7\u00e3o Integral (DICEI) da SEB, atrav\u00e9s da Coordena\u00e7\u00e3o-Geral de Educa\u00e7\u00e3o Infantil (COEDI), e a Diretoria de Coopera\u00e7\u00e3o e Planos de Educa\u00e7\u00e3o (DICOPE) da SASE, por meio da Coordena\u00e7\u00e3o-Geral de Implementa\u00e7\u00e3o dos Planos Estaduais, Distrital e Municipais de Educa\u00e7\u00e3o (CGIPEME), verificaram a necessidade de obter informa\u00e7\u00f5es mais qualificadas e consistentes sobre a organiza\u00e7\u00e3o da demanda por vagas na Educa\u00e7\u00e3o Infantil, para subsidiar tomadas de decis\u00e3o da Uni\u00e3o na escolha das melhores estrat\u00e9gias e ferramentas que apoiem os munic\u00edpios no atendimento da Educa\u00e7\u00e3o Infantil com qualidade.<\/p>\n<p style=\"text-align: justify;\">Foi desenhada, portanto, a continuidade do levantamento inicial mediante pesquisa baseada na coleta de dados quantitativos e qualitativos durante visitas t\u00e9cnicas em munic\u00edpios que utilizam sistema informatizado pr\u00f3prio e declararam interesse e possibilidade em disponibiliz\u00e1-lo com a finalidade de analisar os processos de concep\u00e7\u00e3o e funcionamento dos sistemas informatizados, os impactos na organiza\u00e7\u00e3o da demanda por vagas em creche em cada realidade e as condi\u00e7\u00f5es de replica\u00e7\u00e3o em outros contextos.<\/p>\n<p style=\"text-align: justify;\">Assim, 41 munic\u00edpios foram considerados aptos a participarem da segunda fase (presencial) da pesquisa, tendo sido selecionados, internamente, 14 deles por crit\u00e9rios que garantissem a diversidade da amostra: distribui\u00e7\u00e3o regional, popula\u00e7\u00e3o e \u00cdndice de Desenvolvimento Humano (IDH). Dentre os selecionados, est\u00e1 o munic\u00edpio de Rio Grande.<\/p>\n<p style=\"text-align: justify;\">Portanto, nos dias 09 e 10 de julho, a cidade do Rio Grande, atrav\u00e9s da Secretaria de Munic\u00edpio da Educa\u00e7\u00e3o (SMEd), recebeu a visita da pesquisadora Maria L\u00facia Salles, selecionada pela Coordena\u00e7\u00e3o-Geral de Educa\u00e7\u00e3o Infantil para tratar sobre a organiza\u00e7\u00e3o da demanda por vagas em creche no Munic\u00edpio, que conversou com a equipe da Secretaria, coletou os conhecimentos dispon\u00edveis no Sistema de Gest\u00e3o de Dados da SMEd (SISMED) e analisou as informa\u00e7\u00f5es de forma contextualizada.<\/p>\n<p>&nbsp;<\/p>\n<p style=\"text-align: right;\"><em>SMEd<\/em><br \/>\n<em>Roberton Reis<\/em><\/p>\n","protected":false},"excerpt":{"rendered":"<p>O Minist\u00e9rio da Educa\u00e7\u00e3o (MEC), por meio da articula\u00e7\u00e3o entre a Secretaria de Educa\u00e7\u00e3o B\u00e1sica (SEB) e a Secretaria de Articula\u00e7\u00e3o dos Sistemas de Ensino (SASE), disponibilizou aos munic\u00edpios brasileiros, durante os meses de outubro e novembro de 2017, question\u00e1rio sobre a organiza\u00e7\u00e3o da demanda por vagas em creche, com a inten\u00e7\u00e3o de auxiliar a [&hellip;]<\/p>\n","protected":false},"author":7,"featured_media":0,"comment_status":"closed","ping_status":"closed","sticky":false,"template":"","format":"standard","meta":{"footnotes":""},"categories":[1,13],"tags":[],"class_list":["post-27431","post","type-post","status-publish","format-standard","hentry","category-noticias","category-pedagogico"],"_links":{"self":[{"href":"https:\/\/www.riogrande.rs.gov.br\/smed\/index.php?rest_route=\/wp\/v2\/posts\/27431"}],"collection":[{"href":"https:\/\/www.riogrande.rs.gov.br\/smed\/index.php?rest_route=\/wp\/v2\/posts"}],"about":[{"href":"https:\/\/www.riogrande.rs.gov.br\/smed\/index.php?rest_route=\/wp\/v2\/types\/post"}],"author":[{"embeddable":true,"href":"https:\/\/www.riogrande.rs.gov.br\/smed\/index.php?rest_route=\/wp\/v2\/users\/7"}],"replies":[{"embeddable":true,"href":"https:\/\/www.riogrande.rs.gov.br\/smed\/index.php?rest_route=%2Fwp%2Fv2%2Fcomments&post=27431"}],"version-history":[{"count":1,"href":"https:\/\/www.riogrande.rs.gov.br\/smed\/index.php?rest_route=\/wp\/v2\/posts\/27431\/revisions"}],"predecessor-version":[{"id":27438,"href":"https:\/\/www.riogrande.rs.gov.br\/smed\/index.php?rest_route=\/wp\/v2\/posts\/27431\/revisions\/27438"}],"wp:attachment":[{"href":"https:\/\/www.riogrande.rs.gov.br\/smed\/index.php?rest_route=%2Fwp%2Fv2%2Fmedia&parent=27431"}],"wp:term":[{"taxonomy":"category","embeddable":true,"href":"https:\/\/www.riogrande.rs.gov.br\/smed\/index.php?rest_route=%2Fwp%2Fv2%2Fcategories&post=27431"},{"taxonomy":"post_tag","embeddable":true,"href":"https:\/\/www.riogrande.rs.gov.br\/smed\/index.php?rest_route=%2Fwp%2Fv2%2Ftags&post=27431"}],"curies":[{"name":"wp","href":"https:\/\/api.w.org\/{rel}","templated":true}]}}