{"id":27424,"date":"2018-07-12T21:46:17","date_gmt":"2018-07-13T00:46:17","guid":{"rendered":"http:\/\/www.riogrande.rs.gov.br\/smed\/?p=27424"},"modified":"2018-07-12T21:47:30","modified_gmt":"2018-07-13T00:47:30","slug":"inscricoes-para-o-8o-comed-irao-ate-a-proxima-sexta-feira-dia-13","status":"publish","type":"post","link":"https:\/\/www.riogrande.rs.gov.br\/smed\/?p=27424","title":{"rendered":"Inscri\u00e7\u00f5es para o 8\u00ba COMED ir\u00e3o at\u00e9 a pr\u00f3xima sexta-feira, dia 13"},"content":{"rendered":"<p style=\"text-align: justify;\">A Secretaria de Munic\u00edpio da Educa\u00e7\u00e3o de Rio Grande (SMEd), atrav\u00e9s da Superintend\u00eancia de Gest\u00e3o Pedag\u00f3gica, informa que as inscri\u00e7\u00f5es para o<strong> <a href=\"http:\/\/www.riogrande.rs.gov.br\/smed\/?page_id=27230\" target=\"_blank\" rel=\"noopener\">8\u00ba Congresso Municipal de Educa\u00e7\u00e3o<\/a><\/strong> (8\u00ba COMED) \u2013 \u201c<strong>Escola ComVida: Entrela\u00e7ando Saberes na Constru\u00e7\u00e3o do Curr\u00edculo<\/strong>\u201d, que acontecer\u00e1 nos dias 08 e 09 de agosto, no Cidec-Sul, da Universidade Federal do Rio Grande (FURG), ir\u00e3o at\u00e9 a pr\u00f3xima sexta-feira, dia 13 de julho.<\/p>\n<p><!--more--><\/p>\n<p>&nbsp;<\/p>\n<p style=\"text-align: justify;\">Para ter acesso a maiores informa\u00e7\u00f5es sobre o 8\u00ba COMED ou para conhecer o seu Cronograma, acesse <a href=\"http:\/\/www.riogrande.rs.gov.br\/smed\/?page_id=27230\" target=\"_blank\" rel=\"noopener\"><b>aqui<\/b><\/a>.<\/p>\n<p style=\"text-align: justify;\">Veja o n\u00famero de <a href=\"http:\/\/www.riogrande.rs.gov.br\/smed\/wp-content\/uploads\/2018\/07\/20180705-comed_lista_delegados_por_escola_corrigida.pdf\" target=\"_blank\" rel=\"noopener\"><b>Delegados por Escola<\/b><\/a>.<\/p>\n<p style=\"text-align: justify;\">Clique <a href=\"https:\/\/docs.google.com\/forms\/d\/e\/1FAIpQLSfJqf6L9MfAUGg_cAgLxUjHLbBb-VUL5NvRHdHRgKiPEqV93g\/viewform\" target=\"_blank\" rel=\"noopener\"><b>AQUI<\/b><\/a> para fazer a inscri\u00e7\u00e3o dos(as) delegados(as)<a href=\"https:\/\/docs.google.com\/forms\/d\/e\/1FAIpQLSfJqf6L9MfAUGg_cAgLxUjHLbBb-VUL5NvRHdHRgKiPEqV93g\/viewform\" target=\"_blank\" rel=\"noopener\"><b>Trabalhadores(as) em Educa\u00e7\u00e3o<\/b><\/a><\/p>\n<p style=\"text-align: justify;\">Clique <a href=\"https:\/\/docs.google.com\/forms\/d\/e\/1FAIpQLSe3tRDqUfXNWK1O4McOcU9vdPNnHuT9ZA8NsDRuhoGjGN9Nhw\/viewform\" target=\"_blank\" rel=\"noopener\"><b>AQUI<\/b><\/a> para fazer a inscri\u00e7\u00e3o dos(as) delegados(as) <a href=\"https:\/\/docs.google.com\/forms\/d\/e\/1FAIpQLSe3tRDqUfXNWK1O4McOcU9vdPNnHuT9ZA8NsDRuhoGjGN9Nhw\/viewform\" target=\"_blank\" rel=\"noopener\"><b>Pais e Respons\u00e1veis<\/b><\/a><\/p>\n<p style=\"text-align: justify;\">Clique <a href=\"https:\/\/docs.google.com\/forms\/d\/e\/1FAIpQLSf_vbxyWL89H4og-Lg1dvswRKop3fb0I1wzGudMSqdlEmlXlA\/viewform\" target=\"_blank\" rel=\"noopener\"><b>AQUI<\/b><\/a> para fazer a inscri\u00e7\u00e3o dos(as) delegados(as) <a href=\"https:\/\/docs.google.com\/forms\/d\/e\/1FAIpQLSf_vbxyWL89H4og-Lg1dvswRKop3fb0I1wzGudMSqdlEmlXlA\/viewform\" target=\"_blank\" rel=\"noopener\"><b>Outros(as) Participantes<\/b><\/a><\/p>\n<p style=\"text-align: justify;\">Clique <a href=\"https:\/\/docs.google.com\/forms\/d\/e\/1FAIpQLSevd_MfDCJKajbyOgWPKPyyUQuc2g-bVBAkye7RcF_EfyQT8A\/viewform\" target=\"_blank\" rel=\"noopener\"><b>AQUI<\/b><\/a> para fazer a inscri\u00e7\u00e3o dos(as) delegados(as) <a href=\"https:\/\/docs.google.com\/forms\/d\/e\/1FAIpQLSevd_MfDCJKajbyOgWPKPyyUQuc2g-bVBAkye7RcF_EfyQT8A\/viewform\" target=\"_blank\" rel=\"noopener\"><b>Estudantes<\/b><\/a><\/p>\n<p style=\"text-align: right;\"><em>SMEd<\/em><\/p>\n","protected":false},"excerpt":{"rendered":"<p>A Secretaria de Munic\u00edpio da Educa\u00e7\u00e3o de Rio Grande (SMEd), atrav\u00e9s da Superintend\u00eancia de Gest\u00e3o Pedag\u00f3gica, informa que as inscri\u00e7\u00f5es para o 8\u00ba Congresso Municipal de Educa\u00e7\u00e3o (8\u00ba COMED) \u2013 \u201cEscola ComVida: Entrela\u00e7ando Saberes na Constru\u00e7\u00e3o do Curr\u00edculo\u201d, que acontecer\u00e1 nos dias 08 e 09 de agosto, no Cidec-Sul, da Universidade Federal do Rio Grande [&hellip;]<\/p>\n","protected":false},"author":7,"featured_media":0,"comment_status":"closed","ping_status":"closed","sticky":false,"template":"","format":"standard","meta":{"footnotes":""},"categories":[45,1,13],"tags":[],"class_list":["post-27424","post","type-post","status-publish","format-standard","hentry","category-280anosriogrande","category-noticias","category-pedagogico"],"_links":{"self":[{"href":"https:\/\/www.riogrande.rs.gov.br\/smed\/index.php?rest_route=\/wp\/v2\/posts\/27424"}],"collection":[{"href":"https:\/\/www.riogrande.rs.gov.br\/smed\/index.php?rest_route=\/wp\/v2\/posts"}],"about":[{"href":"https:\/\/www.riogrande.rs.gov.br\/smed\/index.php?rest_route=\/wp\/v2\/types\/post"}],"author":[{"embeddable":true,"href":"https:\/\/www.riogrande.rs.gov.br\/smed\/index.php?rest_route=\/wp\/v2\/users\/7"}],"replies":[{"embeddable":true,"href":"https:\/\/www.riogrande.rs.gov.br\/smed\/index.php?rest_route=%2Fwp%2Fv2%2Fcomments&post=27424"}],"version-history":[{"count":3,"href":"https:\/\/www.riogrande.rs.gov.br\/smed\/index.php?rest_route=\/wp\/v2\/posts\/27424\/revisions"}],"predecessor-version":[{"id":27427,"href":"https:\/\/www.riogrande.rs.gov.br\/smed\/index.php?rest_route=\/wp\/v2\/posts\/27424\/revisions\/27427"}],"wp:attachment":[{"href":"https:\/\/www.riogrande.rs.gov.br\/smed\/index.php?rest_route=%2Fwp%2Fv2%2Fmedia&parent=27424"}],"wp:term":[{"taxonomy":"category","embeddable":true,"href":"https:\/\/www.riogrande.rs.gov.br\/smed\/index.php?rest_route=%2Fwp%2Fv2%2Fcategories&post=27424"},{"taxonomy":"post_tag","embeddable":true,"href":"https:\/\/www.riogrande.rs.gov.br\/smed\/index.php?rest_route=%2Fwp%2Fv2%2Ftags&post=27424"}],"curies":[{"name":"wp","href":"https:\/\/api.w.org\/{rel}","templated":true}]}}