{"id":27139,"date":"2018-06-27T16:44:20","date_gmt":"2018-06-27T19:44:20","guid":{"rendered":"http:\/\/www.riogrande.rs.gov.br\/smed\/?p=27139"},"modified":"2018-06-27T17:02:18","modified_gmt":"2018-06-27T20:02:18","slug":"equipe-do-nae-smed-participou-de-atividade-sobre-sustentabilidade-na-emef-viriato-correa","status":"publish","type":"post","link":"https:\/\/www.riogrande.rs.gov.br\/smed\/?p=27139","title":{"rendered":"Equipe do NAE\/SMEd participou de Atividade sobre Sustentabilidade na EMEF Viriato Corr\u00eaa"},"content":{"rendered":"\n\t\t<style type=\"text\/css\">\n\t\t\t#gallery-1 {\n\t\t\t\tmargin: auto;\n\t\t\t}\n\t\t\t#gallery-1 .gallery-item {\n\t\t\t\tfloat: left;\n\t\t\t\tmargin-top: 10px;\n\t\t\t\ttext-align: center;\n\t\t\t\twidth: 33%;\n\t\t\t}\n\t\t\t#gallery-1 img {\n\t\t\t\tborder: 2px solid #cfcfcf;\n\t\t\t}\n\t\t\t#gallery-1 .gallery-caption {\n\t\t\t\tmargin-left: 0;\n\t\t\t}\n\t\t\t\/* see gallery_shortcode() in wp-includes\/media.php *\/\n\t\t<\/style>\n\t\t<div id='gallery-1' class='gallery galleryid-27139 gallery-columns-3 gallery-size-thumbnail'><dl class='gallery-item'>\n\t\t\t<dt class='gallery-icon landscape'>\n\t\t\t\t<a href='https:\/\/www.riogrande.rs.gov.br\/smed\/wp-content\/uploads\/2018\/06\/20180627-nae-image1.jpg' rel=\"lightbox[27139]\"><img loading=\"lazy\" decoding=\"async\" width=\"150\" height=\"150\" src=\"https:\/\/www.riogrande.rs.gov.br\/smed\/wp-content\/uploads\/2018\/06\/20180627-nae-image1-150x150.jpg\" class=\"attachment-thumbnail size-thumbnail\" alt=\"\" aria-describedby=\"gallery-1-27140\" \/><\/a>\n\t\t\t<\/dt>\n\t\t\t\t<dd class='wp-caption-text gallery-caption' id='gallery-1-27140'>\n\t\t\t\tDivulga\u00e7\u00e3o\n\t\t\t\t<\/dd><\/dl><dl class='gallery-item'>\n\t\t\t<dt class='gallery-icon portrait'>\n\t\t\t\t<a href='https:\/\/www.riogrande.rs.gov.br\/smed\/wp-content\/uploads\/2018\/06\/20180627-nae-image2.jpg' rel=\"lightbox[27139]\"><img loading=\"lazy\" decoding=\"async\" width=\"150\" height=\"150\" src=\"https:\/\/www.riogrande.rs.gov.br\/smed\/wp-content\/uploads\/2018\/06\/20180627-nae-image2-150x150.jpg\" class=\"attachment-thumbnail size-thumbnail\" alt=\"\" aria-describedby=\"gallery-1-27141\" \/><\/a>\n\t\t\t<\/dt>\n\t\t\t\t<dd class='wp-caption-text gallery-caption' id='gallery-1-27141'>\n\t\t\t\tDivulga\u00e7\u00e3o\n\t\t\t\t<\/dd><\/dl><dl class='gallery-item'>\n\t\t\t<dt class='gallery-icon landscape'>\n\t\t\t\t<a href='https:\/\/www.riogrande.rs.gov.br\/smed\/wp-content\/uploads\/2018\/06\/20180627-nae-image3.jpg' rel=\"lightbox[27139]\"><img loading=\"lazy\" decoding=\"async\" width=\"150\" height=\"150\" src=\"https:\/\/www.riogrande.rs.gov.br\/smed\/wp-content\/uploads\/2018\/06\/20180627-nae-image3-150x150.jpg\" class=\"attachment-thumbnail size-thumbnail\" alt=\"\" aria-describedby=\"gallery-1-27142\" \/><\/a>\n\t\t\t<\/dt>\n\t\t\t\t<dd class='wp-caption-text gallery-caption' id='gallery-1-27142'>\n\t\t\t\tDivulga\u00e7\u00e3o\n\t\t\t\t<\/dd><\/dl><br style=\"clear: both\" \/><dl class='gallery-item'>\n\t\t\t<dt class='gallery-icon portrait'>\n\t\t\t\t<a href='https:\/\/www.riogrande.rs.gov.br\/smed\/wp-content\/uploads\/2018\/06\/20180627-nae-image4.jpg' rel=\"lightbox[27139]\"><img loading=\"lazy\" decoding=\"async\" width=\"150\" height=\"150\" src=\"https:\/\/www.riogrande.rs.gov.br\/smed\/wp-content\/uploads\/2018\/06\/20180627-nae-image4-150x150.jpg\" class=\"attachment-thumbnail size-thumbnail\" alt=\"\" aria-describedby=\"gallery-1-27143\" \/><\/a>\n\t\t\t<\/dt>\n\t\t\t\t<dd class='wp-caption-text gallery-caption' id='gallery-1-27143'>\n\t\t\t\tDivulga\u00e7\u00e3o\n\t\t\t\t<\/dd><\/dl><dl class='gallery-item'>\n\t\t\t<dt class='gallery-icon landscape'>\n\t\t\t\t<a href='https:\/\/www.riogrande.rs.gov.br\/smed\/wp-content\/uploads\/2018\/06\/20180627-nae-image5.jpg' rel=\"lightbox[27139]\"><img loading=\"lazy\" decoding=\"async\" width=\"150\" height=\"150\" src=\"https:\/\/www.riogrande.rs.gov.br\/smed\/wp-content\/uploads\/2018\/06\/20180627-nae-image5-150x150.jpg\" class=\"attachment-thumbnail size-thumbnail\" alt=\"\" aria-describedby=\"gallery-1-27144\" \/><\/a>\n\t\t\t<\/dt>\n\t\t\t\t<dd class='wp-caption-text gallery-caption' id='gallery-1-27144'>\n\t\t\t\tDivulga\u00e7\u00e3o\n\t\t\t\t<\/dd><\/dl><dl class='gallery-item'>\n\t\t\t<dt class='gallery-icon landscape'>\n\t\t\t\t<a href='https:\/\/www.riogrande.rs.gov.br\/smed\/wp-content\/uploads\/2018\/06\/20180627-nae-image6.jpg' rel=\"lightbox[27139]\"><img loading=\"lazy\" decoding=\"async\" width=\"150\" height=\"150\" src=\"https:\/\/www.riogrande.rs.gov.br\/smed\/wp-content\/uploads\/2018\/06\/20180627-nae-image6-150x150.jpg\" class=\"attachment-thumbnail size-thumbnail\" alt=\"\" aria-describedby=\"gallery-1-27145\" \/><\/a>\n\t\t\t<\/dt>\n\t\t\t\t<dd class='wp-caption-text gallery-caption' id='gallery-1-27145'>\n\t\t\t\tDivulga\u00e7\u00e3o\n\t\t\t\t<\/dd><\/dl><br style=\"clear: both\" \/>\n\t\t<\/div>\n\n<p>&nbsp;<\/p>\n<p style=\"text-align: justify;\"><span style=\"font-weight: 400;\">A Secretaria de Munic\u00edpio da Educa\u00e7\u00e3o de Rio Grande (SMEd), atrav\u00e9s do N\u00facleo de Alimenta\u00e7\u00e3o Escolar (NAE), realizou, no dia <\/span><b>21 de junho<\/b><span style=\"font-weight: 400;\">, na Escola Municipal de Ensino Fundamental <\/span><b>Viriato Corr\u00eaa<\/b><span style=\"font-weight: 400;\">, que est\u00e1 localizada no bairro Get\u00falio Vargas, uma atividade para compor o Projeto Pedag\u00f3gico desenvolvido nos 4\u00ba Anos, sobre \u201c<\/span><b>Sustentabilidade<\/b><span style=\"font-weight: 400;\">\u201d. <\/span><\/p>\n<p><!--more--><\/p>\n<p style=\"text-align: justify;\"><span style=\"font-weight: 400;\">Os estudantes assistiram a uma apresenta\u00e7\u00e3o de slides e conversaram com as nutricionistas Bruna Mendon\u00e7a Limons e Suelen Xavier Dias sobre as in\u00fameras maneiras de aproveitar os alimentos, dentre outros temas abordados. <\/span><\/p>\n<p style=\"text-align: justify;\"><span style=\"font-weight: 400;\">Auxiliaram nesta atividade as acad\u00eamicas de Nutri\u00e7\u00e3o da Universidade Federal de Pelotas (UFPel), Manuela Montes e Manoela Bicho, que est\u00e3o realizando est\u00e1gio no N\u00facleo de Alimenta\u00e7\u00e3o Escolar da SMEd. <\/span><\/p>\n<p style=\"text-align: justify;\"><span style=\"font-weight: 400;\">Ao final da atividade, os estudantes degustaram <\/span><i><span style=\"font-weight: 400;\">cupcakes<\/span><\/i><span style=\"font-weight: 400;\"> de casca de ab\u00f3bora e de bananas maduras. A equipe do NAE agradece o convite da professora Michele Ribeiro e da equipe diretiva, na pessoa da professora Gl\u00e1dis Lemos<\/span><\/p>\n<p>&nbsp;<\/p>\n<p style=\"text-align: right;\"><em>SMEd<\/em><br \/>\n<em>Roberton Reis<\/em><br \/>\n<em>Com informa\u00e7\u00f5es do NAE<\/em><\/p>\n","protected":false},"excerpt":{"rendered":"<p>&nbsp; A Secretaria de Munic\u00edpio da Educa\u00e7\u00e3o de Rio Grande (SMEd), atrav\u00e9s do N\u00facleo de Alimenta\u00e7\u00e3o Escolar (NAE), realizou, no dia 21 de junho, na Escola Municipal de Ensino Fundamental Viriato Corr\u00eaa, que est\u00e1 localizada no bairro Get\u00falio Vargas, uma atividade para compor o Projeto Pedag\u00f3gico desenvolvido nos 4\u00ba Anos, sobre \u201cSustentabilidade\u201d.<\/p>\n","protected":false},"author":7,"featured_media":0,"comment_status":"closed","ping_status":"closed","sticky":false,"template":"","format":"standard","meta":{"footnotes":""},"categories":[1,12],"tags":[],"class_list":["post-27139","post","type-post","status-publish","format-standard","hentry","category-noticias","category-administrativo"],"_links":{"self":[{"href":"https:\/\/www.riogrande.rs.gov.br\/smed\/index.php?rest_route=\/wp\/v2\/posts\/27139"}],"collection":[{"href":"https:\/\/www.riogrande.rs.gov.br\/smed\/index.php?rest_route=\/wp\/v2\/posts"}],"about":[{"href":"https:\/\/www.riogrande.rs.gov.br\/smed\/index.php?rest_route=\/wp\/v2\/types\/post"}],"author":[{"embeddable":true,"href":"https:\/\/www.riogrande.rs.gov.br\/smed\/index.php?rest_route=\/wp\/v2\/users\/7"}],"replies":[{"embeddable":true,"href":"https:\/\/www.riogrande.rs.gov.br\/smed\/index.php?rest_route=%2Fwp%2Fv2%2Fcomments&post=27139"}],"version-history":[{"count":4,"href":"https:\/\/www.riogrande.rs.gov.br\/smed\/index.php?rest_route=\/wp\/v2\/posts\/27139\/revisions"}],"predecessor-version":[{"id":27149,"href":"https:\/\/www.riogrande.rs.gov.br\/smed\/index.php?rest_route=\/wp\/v2\/posts\/27139\/revisions\/27149"}],"wp:attachment":[{"href":"https:\/\/www.riogrande.rs.gov.br\/smed\/index.php?rest_route=%2Fwp%2Fv2%2Fmedia&parent=27139"}],"wp:term":[{"taxonomy":"category","embeddable":true,"href":"https:\/\/www.riogrande.rs.gov.br\/smed\/index.php?rest_route=%2Fwp%2Fv2%2Fcategories&post=27139"},{"taxonomy":"post_tag","embeddable":true,"href":"https:\/\/www.riogrande.rs.gov.br\/smed\/index.php?rest_route=%2Fwp%2Fv2%2Ftags&post=27139"}],"curies":[{"name":"wp","href":"https:\/\/api.w.org\/{rel}","templated":true}]}}