{"id":27119,"date":"2018-06-26T14:38:26","date_gmt":"2018-06-26T17:38:26","guid":{"rendered":"http:\/\/www.riogrande.rs.gov.br\/smed\/?p=27119"},"modified":"2018-06-26T14:38:26","modified_gmt":"2018-06-26T17:38:26","slug":"alunos-da-emef-cidade-do-rio-grande-caic-participam-do-projeto-educando-o-olhar-o-ouvir-o-sentir","status":"publish","type":"post","link":"https:\/\/www.riogrande.rs.gov.br\/smed\/?p=27119","title":{"rendered":"Alunos da EMEF Cidade do Rio Grande\/CAIC participam do Projeto \u201cEducando o olhar, o ouvir, o sentir\u2026\u201d"},"content":{"rendered":"\n\t\t<style type=\"text\/css\">\n\t\t\t#gallery-1 {\n\t\t\t\tmargin: auto;\n\t\t\t}\n\t\t\t#gallery-1 .gallery-item {\n\t\t\t\tfloat: left;\n\t\t\t\tmargin-top: 10px;\n\t\t\t\ttext-align: center;\n\t\t\t\twidth: 33%;\n\t\t\t}\n\t\t\t#gallery-1 img {\n\t\t\t\tborder: 2px solid #cfcfcf;\n\t\t\t}\n\t\t\t#gallery-1 .gallery-caption {\n\t\t\t\tmargin-left: 0;\n\t\t\t}\n\t\t\t\/* see gallery_shortcode() in wp-includes\/media.php *\/\n\t\t<\/style>\n\t\t<div id='gallery-1' class='gallery galleryid-27119 gallery-columns-3 gallery-size-thumbnail'><dl class='gallery-item'>\n\t\t\t<dt class='gallery-icon landscape'>\n\t\t\t\t<a href='https:\/\/www.riogrande.rs.gov.br\/smed\/wp-content\/uploads\/2018\/06\/20180626-ped-caic-image1.jpg' rel=\"lightbox[27119]\"><img loading=\"lazy\" decoding=\"async\" width=\"150\" height=\"150\" src=\"https:\/\/www.riogrande.rs.gov.br\/smed\/wp-content\/uploads\/2018\/06\/20180626-ped-caic-image1-150x150.jpg\" class=\"attachment-thumbnail size-thumbnail\" alt=\"\" aria-describedby=\"gallery-1-27120\" \/><\/a>\n\t\t\t<\/dt>\n\t\t\t\t<dd class='wp-caption-text gallery-caption' id='gallery-1-27120'>\n\t\t\t\tDivulga\u00e7\u00e3o\n\t\t\t\t<\/dd><\/dl><dl class='gallery-item'>\n\t\t\t<dt class='gallery-icon landscape'>\n\t\t\t\t<a href='https:\/\/www.riogrande.rs.gov.br\/smed\/wp-content\/uploads\/2018\/06\/20180626-ped-caic-image2.jpg' rel=\"lightbox[27119]\"><img loading=\"lazy\" decoding=\"async\" width=\"150\" height=\"150\" src=\"https:\/\/www.riogrande.rs.gov.br\/smed\/wp-content\/uploads\/2018\/06\/20180626-ped-caic-image2-150x150.jpg\" class=\"attachment-thumbnail size-thumbnail\" alt=\"\" aria-describedby=\"gallery-1-27121\" \/><\/a>\n\t\t\t<\/dt>\n\t\t\t\t<dd class='wp-caption-text gallery-caption' id='gallery-1-27121'>\n\t\t\t\tDivulga\u00e7\u00e3o\n\t\t\t\t<\/dd><\/dl><dl class='gallery-item'>\n\t\t\t<dt class='gallery-icon landscape'>\n\t\t\t\t<a href='https:\/\/www.riogrande.rs.gov.br\/smed\/wp-content\/uploads\/2018\/06\/20180626-ped-caic-image3.jpg' rel=\"lightbox[27119]\"><img loading=\"lazy\" decoding=\"async\" width=\"150\" height=\"150\" src=\"https:\/\/www.riogrande.rs.gov.br\/smed\/wp-content\/uploads\/2018\/06\/20180626-ped-caic-image3-150x150.jpg\" class=\"attachment-thumbnail size-thumbnail\" alt=\"\" aria-describedby=\"gallery-1-27122\" \/><\/a>\n\t\t\t<\/dt>\n\t\t\t\t<dd class='wp-caption-text gallery-caption' id='gallery-1-27122'>\n\t\t\t\tDivulga\u00e7\u00e3o\n\t\t\t\t<\/dd><\/dl><br style=\"clear: both\" \/><dl class='gallery-item'>\n\t\t\t<dt class='gallery-icon landscape'>\n\t\t\t\t<a href='https:\/\/www.riogrande.rs.gov.br\/smed\/wp-content\/uploads\/2018\/06\/20180626-ped-caic-image4.jpg' rel=\"lightbox[27119]\"><img loading=\"lazy\" decoding=\"async\" width=\"150\" height=\"150\" src=\"https:\/\/www.riogrande.rs.gov.br\/smed\/wp-content\/uploads\/2018\/06\/20180626-ped-caic-image4-150x150.jpg\" class=\"attachment-thumbnail size-thumbnail\" alt=\"\" aria-describedby=\"gallery-1-27123\" \/><\/a>\n\t\t\t<\/dt>\n\t\t\t\t<dd class='wp-caption-text gallery-caption' id='gallery-1-27123'>\n\t\t\t\tDivulga\u00e7\u00e3o\n\t\t\t\t<\/dd><\/dl><dl class='gallery-item'>\n\t\t\t<dt class='gallery-icon landscape'>\n\t\t\t\t<a href='https:\/\/www.riogrande.rs.gov.br\/smed\/wp-content\/uploads\/2018\/06\/20180626-ped-caic-image5.jpg' rel=\"lightbox[27119]\"><img loading=\"lazy\" decoding=\"async\" width=\"150\" height=\"150\" src=\"https:\/\/www.riogrande.rs.gov.br\/smed\/wp-content\/uploads\/2018\/06\/20180626-ped-caic-image5-150x150.jpg\" class=\"attachment-thumbnail size-thumbnail\" alt=\"\" aria-describedby=\"gallery-1-27124\" \/><\/a>\n\t\t\t<\/dt>\n\t\t\t\t<dd class='wp-caption-text gallery-caption' id='gallery-1-27124'>\n\t\t\t\tDivulga\u00e7\u00e3o\n\t\t\t\t<\/dd><\/dl><dl class='gallery-item'>\n\t\t\t<dt class='gallery-icon landscape'>\n\t\t\t\t<a href='https:\/\/www.riogrande.rs.gov.br\/smed\/wp-content\/uploads\/2018\/06\/20180626-ped-caic-image6.jpg' rel=\"lightbox[27119]\"><img loading=\"lazy\" decoding=\"async\" width=\"150\" height=\"150\" src=\"https:\/\/www.riogrande.rs.gov.br\/smed\/wp-content\/uploads\/2018\/06\/20180626-ped-caic-image6-150x150.jpg\" class=\"attachment-thumbnail size-thumbnail\" alt=\"\" aria-describedby=\"gallery-1-27125\" \/><\/a>\n\t\t\t<\/dt>\n\t\t\t\t<dd class='wp-caption-text gallery-caption' id='gallery-1-27125'>\n\t\t\t\tDivulga\u00e7\u00e3o\n\t\t\t\t<\/dd><\/dl><br style=\"clear: both\" \/>\n\t\t<\/div>\n\n<p style=\"text-align: justify;\">Coordenados pelo professor Guilherme Botelho Chagas, os alunos do 5\u00ba ano A da Escola Municipal de Ensino Fundamental <b>Cidade do Rio Grande\/CAIC<\/b> t\u00eam participado de um trabalho que tem como objetivo <b>educar: o olhar <\/b>sobre as coisas e as pessoas que est\u00e3o ao nosso redor cotidianamente; <b>o ouvir<\/b> os outros e os sons da natureza; e <b>o sentir <\/b>as sensa\u00e7\u00f5es e as emo\u00e7\u00f5es que desenvolvemos em contato com o mundo.<\/p>\n<p style=\"text-align: justify;\"><!--more--><\/p>\n<p style=\"text-align: justify;\">\n<p style=\"text-align: justify;\">Por meio de atividades como leitura e interpreta\u00e7\u00e3o de m\u00fasicas, imagens sobre as paisagens, constru\u00e7\u00e3o de legendas para essas imagens, que s\u00e3o lindas poesias, os estudantes est\u00e3o desenvolvendo perspectivas diferentes sobre a vida, sobre o ser humano, sobre o mundo.<\/p>\n<p style=\"text-align: justify;\">Na manh\u00e3 do dia <b>14 de junho<\/b>, os alunos compareceram ao evento \u201c<b>Interfaces Pedag\u00f3gicas: Licenciaturas em Di\u00e1logo<\/b>\u201d, que acontece anualmente na Universidade Federal do Rio Grande (FURG). \u201c<b>O mesmo \u00e9 organizado pelos professores Luiz Paulo da Silva Soares e V\u00e2nia Alves Martins Chaigar, entre outros estudantes, professores e colaboradores que tornaram nossa manh\u00e3 mais quente e acolhedora, repleta de carinho, aplausos e um caf\u00e9 muito saboroso e especial<\/b>\u201d, destacou o professor Guilherme.<\/p>\n<p style=\"text-align: justify;\">\u201c<b>Foi um momento lindo em que nossos estudantes tiveram a oportunidade de protagonizar uma bel\u00edssima apresenta\u00e7\u00e3o das imagens, das poesias e do jeito de ser \u2018CAIC\u2019. Esse Projeto n\u00e3o visa um momento final, pois pode ser seguido por toda nossa vida e pretendemos ocupar os espa\u00e7os da nossa Universidade, da nossa Cidade e de tantos outros que queiram nos receber para nos olhar, nos ouvir e nos sentir. Da mesma forma, estamos dispostos a receber pessoas que queiram nos mostrar modos diferentes de pensar, olhar, ouvir e sentir<\/b>\u201d, finalizou Guilherme Chagas.<\/p>\n<p>&nbsp;<\/p>\n<p style=\"text-align: right;\"><em>SMEd<\/em><br \/>\n<em>Roberton Reis<\/em><br \/>\n<em>Com informa\u00e7\u00f5es da EMEF Cidade do Rio Grande\/CAIC<\/em><\/p>\n","protected":false},"excerpt":{"rendered":"<p>Coordenados pelo professor Guilherme Botelho Chagas, os alunos do 5\u00ba ano A da Escola Municipal de Ensino Fundamental Cidade do Rio Grande\/CAIC t\u00eam participado de um trabalho que tem como objetivo educar: o olhar sobre as coisas e as pessoas que est\u00e3o ao nosso redor cotidianamente; o ouvir os outros e os sons da natureza; [&hellip;]<\/p>\n","protected":false},"author":7,"featured_media":0,"comment_status":"closed","ping_status":"closed","sticky":false,"template":"","format":"standard","meta":{"footnotes":""},"categories":[1,13],"tags":[],"class_list":["post-27119","post","type-post","status-publish","format-standard","hentry","category-noticias","category-pedagogico"],"_links":{"self":[{"href":"https:\/\/www.riogrande.rs.gov.br\/smed\/index.php?rest_route=\/wp\/v2\/posts\/27119"}],"collection":[{"href":"https:\/\/www.riogrande.rs.gov.br\/smed\/index.php?rest_route=\/wp\/v2\/posts"}],"about":[{"href":"https:\/\/www.riogrande.rs.gov.br\/smed\/index.php?rest_route=\/wp\/v2\/types\/post"}],"author":[{"embeddable":true,"href":"https:\/\/www.riogrande.rs.gov.br\/smed\/index.php?rest_route=\/wp\/v2\/users\/7"}],"replies":[{"embeddable":true,"href":"https:\/\/www.riogrande.rs.gov.br\/smed\/index.php?rest_route=%2Fwp%2Fv2%2Fcomments&post=27119"}],"version-history":[{"count":1,"href":"https:\/\/www.riogrande.rs.gov.br\/smed\/index.php?rest_route=\/wp\/v2\/posts\/27119\/revisions"}],"predecessor-version":[{"id":27126,"href":"https:\/\/www.riogrande.rs.gov.br\/smed\/index.php?rest_route=\/wp\/v2\/posts\/27119\/revisions\/27126"}],"wp:attachment":[{"href":"https:\/\/www.riogrande.rs.gov.br\/smed\/index.php?rest_route=%2Fwp%2Fv2%2Fmedia&parent=27119"}],"wp:term":[{"taxonomy":"category","embeddable":true,"href":"https:\/\/www.riogrande.rs.gov.br\/smed\/index.php?rest_route=%2Fwp%2Fv2%2Fcategories&post=27119"},{"taxonomy":"post_tag","embeddable":true,"href":"https:\/\/www.riogrande.rs.gov.br\/smed\/index.php?rest_route=%2Fwp%2Fv2%2Ftags&post=27119"}],"curies":[{"name":"wp","href":"https:\/\/api.w.org\/{rel}","templated":true}]}}