{"id":27099,"date":"2018-06-26T13:55:35","date_gmt":"2018-06-26T16:55:35","guid":{"rendered":"http:\/\/www.riogrande.rs.gov.br\/smed\/?p=27099"},"modified":"2018-06-26T13:55:35","modified_gmt":"2018-06-26T16:55:35","slug":"exclusao-evasao-e-estetica-nas-escolas-municipais-foram-temas-de-seminario-promovido-pela-smed","status":"publish","type":"post","link":"https:\/\/www.riogrande.rs.gov.br\/smed\/?p=27099","title":{"rendered":"EXCLUS\u00c3O, EVAS\u00c3O E EST\u00c9TICA NAS ESCOLAS MUNICIPAIS FORAM TEMAS DE SEMIN\u00c1RIO PROMOVIDO PELA SMED"},"content":{"rendered":"\n\t\t<style type=\"text\/css\">\n\t\t\t#gallery-1 {\n\t\t\t\tmargin: auto;\n\t\t\t}\n\t\t\t#gallery-1 .gallery-item {\n\t\t\t\tfloat: left;\n\t\t\t\tmargin-top: 10px;\n\t\t\t\ttext-align: center;\n\t\t\t\twidth: 33%;\n\t\t\t}\n\t\t\t#gallery-1 img {\n\t\t\t\tborder: 2px solid #cfcfcf;\n\t\t\t}\n\t\t\t#gallery-1 .gallery-caption {\n\t\t\t\tmargin-left: 0;\n\t\t\t}\n\t\t\t\/* see gallery_shortcode() in wp-includes\/media.php *\/\n\t\t<\/style>\n\t\t<div id='gallery-1' class='gallery galleryid-27099 gallery-columns-3 gallery-size-thumbnail'><dl class='gallery-item'>\n\t\t\t<dt class='gallery-icon landscape'>\n\t\t\t\t<a href='https:\/\/www.riogrande.rs.gov.br\/smed\/wp-content\/uploads\/2018\/06\/20180626-pmrg1.jpg' rel=\"lightbox[27099]\"><img loading=\"lazy\" decoding=\"async\" width=\"150\" height=\"150\" src=\"https:\/\/www.riogrande.rs.gov.br\/smed\/wp-content\/uploads\/2018\/06\/20180626-pmrg1-150x150.jpg\" class=\"attachment-thumbnail size-thumbnail\" alt=\"\" aria-describedby=\"gallery-1-27100\" \/><\/a>\n\t\t\t<\/dt>\n\t\t\t\t<dd class='wp-caption-text gallery-caption' id='gallery-1-27100'>\n\t\t\t\tCr\u00e9dito: Marcos Jatahy\n\t\t\t\t<\/dd><\/dl><dl class='gallery-item'>\n\t\t\t<dt class='gallery-icon landscape'>\n\t\t\t\t<a href='https:\/\/www.riogrande.rs.gov.br\/smed\/wp-content\/uploads\/2018\/06\/20180626-pmrg2.jpg' rel=\"lightbox[27099]\"><img loading=\"lazy\" decoding=\"async\" width=\"150\" height=\"150\" src=\"https:\/\/www.riogrande.rs.gov.br\/smed\/wp-content\/uploads\/2018\/06\/20180626-pmrg2-150x150.jpg\" class=\"attachment-thumbnail size-thumbnail\" alt=\"\" aria-describedby=\"gallery-1-27101\" \/><\/a>\n\t\t\t<\/dt>\n\t\t\t\t<dd class='wp-caption-text gallery-caption' id='gallery-1-27101'>\n\t\t\t\tCr\u00e9dito: Marcos Jatahy\n\t\t\t\t<\/dd><\/dl><dl class='gallery-item'>\n\t\t\t<dt class='gallery-icon landscape'>\n\t\t\t\t<a href='https:\/\/www.riogrande.rs.gov.br\/smed\/wp-content\/uploads\/2018\/06\/20180626-pmrg3.jpg' rel=\"lightbox[27099]\"><img loading=\"lazy\" decoding=\"async\" width=\"150\" height=\"150\" src=\"https:\/\/www.riogrande.rs.gov.br\/smed\/wp-content\/uploads\/2018\/06\/20180626-pmrg3-150x150.jpg\" class=\"attachment-thumbnail size-thumbnail\" alt=\"\" aria-describedby=\"gallery-1-27102\" \/><\/a>\n\t\t\t<\/dt>\n\t\t\t\t<dd class='wp-caption-text gallery-caption' id='gallery-1-27102'>\n\t\t\t\tCr\u00e9dito: Marcos Jatahy\n\t\t\t\t<\/dd><\/dl><br style=\"clear: both\" \/><dl class='gallery-item'>\n\t\t\t<dt class='gallery-icon landscape'>\n\t\t\t\t<a href='https:\/\/www.riogrande.rs.gov.br\/smed\/wp-content\/uploads\/2018\/06\/20180626-pmrg4.jpg' rel=\"lightbox[27099]\"><img loading=\"lazy\" decoding=\"async\" width=\"150\" height=\"150\" src=\"https:\/\/www.riogrande.rs.gov.br\/smed\/wp-content\/uploads\/2018\/06\/20180626-pmrg4-150x150.jpg\" class=\"attachment-thumbnail size-thumbnail\" alt=\"\" aria-describedby=\"gallery-1-27103\" \/><\/a>\n\t\t\t<\/dt>\n\t\t\t\t<dd class='wp-caption-text gallery-caption' id='gallery-1-27103'>\n\t\t\t\tCr\u00e9dito: Marcos Jatahy\n\t\t\t\t<\/dd><\/dl><dl class='gallery-item'>\n\t\t\t<dt class='gallery-icon landscape'>\n\t\t\t\t<a href='https:\/\/www.riogrande.rs.gov.br\/smed\/wp-content\/uploads\/2018\/06\/20180626-pmrg5.jpg' rel=\"lightbox[27099]\"><img loading=\"lazy\" decoding=\"async\" width=\"150\" height=\"150\" src=\"https:\/\/www.riogrande.rs.gov.br\/smed\/wp-content\/uploads\/2018\/06\/20180626-pmrg5-150x150.jpg\" class=\"attachment-thumbnail size-thumbnail\" alt=\"\" aria-describedby=\"gallery-1-27104\" \/><\/a>\n\t\t\t<\/dt>\n\t\t\t\t<dd class='wp-caption-text gallery-caption' id='gallery-1-27104'>\n\t\t\t\tCr\u00e9dito: Marcos Jatahy\n\t\t\t\t<\/dd><\/dl><dl class='gallery-item'>\n\t\t\t<dt class='gallery-icon landscape'>\n\t\t\t\t<a href='https:\/\/www.riogrande.rs.gov.br\/smed\/wp-content\/uploads\/2018\/06\/20180626-pmrg6.jpg' rel=\"lightbox[27099]\"><img loading=\"lazy\" decoding=\"async\" width=\"150\" height=\"150\" src=\"https:\/\/www.riogrande.rs.gov.br\/smed\/wp-content\/uploads\/2018\/06\/20180626-pmrg6-150x150.jpg\" class=\"attachment-thumbnail size-thumbnail\" alt=\"\" aria-describedby=\"gallery-1-27105\" \/><\/a>\n\t\t\t<\/dt>\n\t\t\t\t<dd class='wp-caption-text gallery-caption' id='gallery-1-27105'>\n\t\t\t\tCr\u00e9dito: Marcos Jatahy\n\t\t\t\t<\/dd><\/dl><br style=\"clear: both\" \/>\n\t\t<\/div>\n\n<p style=\"text-align: justify;\">Fonte: <a href=\"http:\/\/www.riogrande.rs.gov.br\/pagina\/index.php\/noticias\/detalhes+3e6247,,exclusao-evasao-e-estetica-nas-escolas-municipais-foram-temas-de-seminario-promovido-pela-smed.html#.WzJs9q0lHGJ\" target=\"_blank\" rel=\"noopener\"><strong>www.riogrande.rs.gov.br<\/strong><\/a><\/p>\n<p style=\"text-align: justify;\">A Prefeitura Municipal do Rio Grande, por meio da Secretaria de Munic\u00edpio da Educa\u00e7\u00e3o (SMEd), promoveu na noite de segunda-feira (25), o 4\u00b0 Semin\u00e1rio Municipal da Educa\u00e7\u00e3o de Jovens e Adultos com o tema \u201c<strong>Linguagens da Juventude: conversas sobre exclus\u00e3o, evas\u00e3o e est\u00e9tica<\/strong>\u201d.<\/p>\n<p><!--more--><\/p>\n<p style=\"text-align: justify;\">Com o objetivo de enfatizar os caminhos da est\u00e9tica como alternativa para qualificar as pr\u00e1ticas da modalidade da educa\u00e7\u00e3o de jovens e adultos, enfrentando a exclus\u00e3o escolar, a discuss\u00e3o a respeito do tema tem sido pauta constante nas escolas, especialmente entre professores e professoras que atendem a educa\u00e7\u00e3o de jovens e adultos.<\/p>\n<p style=\"text-align: justify;\">O in\u00edcio do evento foi marcado por uma palestra, ministrada pelo jornalista e soci\u00f3logo Marcos Rolim, que possibilitou aos presentes \u00e0 discuss\u00e3o acerca da evas\u00e3o e viol\u00eancia escolares. Autor dos livros \u201c<strong>Mais educa\u00e7\u00e3o, menos viol\u00eancia. Caminhos inovadores do programa de abertura das escolas p\u00fablicas nos fins de seman<\/strong>a\u201d e \u201c<strong>Bullying, o pesadelo da escola<\/strong>\u201d, Marcos p\u00f4de mostrar um pouco do trabalho que vem realizando na \u00e1rea da seguran\u00e7a p\u00fablica e na interface espec\u00edfica com a educa\u00e7\u00e3o.<\/p>\n<p style=\"text-align: justify;\">O palestrante apresentou dados relativos ao seu trabalho de pesquisa, defendido em 2014, o qual teve como foco principal analisar o que leva um jovem a se tornar o que classifica como um &#8220;<strong>matador<\/strong>&#8220;, algu\u00e9m capaz de cometer m\u00faltiplos homic\u00eddios. A pesquisa salienta os piores casos de viol\u00eancias entre os jovens e porque isso se torna poss\u00edvel, bem como o que os leva a cometerem tais atos infracionais.<\/p>\n<p style=\"text-align: justify;\">\u201c<strong>Pesquisei e pude entrevistar 17 jovens com o perfil que eu procurava, meninos em medida socioeducativa de priva\u00e7\u00e3o da liberdade, envolvidos em atos de viol\u00eancia extrema. Realizei entrevistas longas, n\u00e3o me interessava os atos cometidos mas sim a vida anterior desses jovens, escola, fam\u00edlia, inf\u00e2ncia, tudo que eles pudessem lembrar<\/strong>\u201d, destacou o palestrante.<\/p>\n<p style=\"text-align: justify;\">Marcos conta que \u00e9 comum que as pessoas tenham dificuldade de entender como algu\u00e9m \u00e9 capaz de praticar atos de viol\u00eancia extrema e que, na maioria das vezes, existe algo por tr\u00e1s na hist\u00f3ria de quem cometeu esses atos. \u201c<strong>\u00c9 preciso lembrar isso quando tratamos de situa\u00e7\u00f5es como essa e imaginar que a biologia humana n\u00e3o \u00e9 uma senten\u00e7a, mas sim uma intera\u00e7\u00e3o. A intera\u00e7\u00e3o social que constru\u00edmos na vida real altera o corpo das pessoas, inclusive seu c\u00e9rebro. Uma crian\u00e7a abusada sexualmente tem a sua configura\u00e7\u00e3o cerebral alterada<\/strong>\u201d, esclarece. Ainda durante a palestra, foram discutidas teorias importantes que tentam explicar a viol\u00eancia nestes casos.<\/p>\n<p style=\"text-align: justify;\">A Secret\u00e1ria Adjunta de Munic\u00edpio da Educa\u00e7\u00e3o, Neci Bandeira, esteve presente representando o prefeito Alexandre Lindenmeyer. \u201c<strong>Diante da situa\u00e7\u00e3o que estamos enfrentando neste pa\u00eds, a palavra de ordem \u00e9 resist\u00eancia, resist\u00eancia na luta pela educa\u00e7\u00e3o p\u00fablica. Por isso estamos aqui resistindo neste espa\u00e7o, um espa\u00e7o de forma\u00e7\u00e3o. Para n\u00f3s, professores, a educa\u00e7\u00e3o \u00e9 fazer com que trabalhadores e trabalhadoras sejam capazes de ler o mundo e, juntos, fazer a transforma\u00e7\u00e3o. Precisamos ter uma consci\u00eancia revolucion\u00e1ria, nos assumirmos como seres humanos capazes de lutar, pois a luta faz a transforma\u00e7\u00e3o<\/strong>\u201d, finalizou.<\/p>\n<p style=\"text-align: justify;\">O Superintendente de Gest\u00e3o Pedag\u00f3gica da SMEd, Felipe Alonso, representou o Secret\u00e1rio de Munic\u00edpio da Educa\u00e7\u00e3o, Andr\u00e9 Lemes, e destacou a import\u00e2ncia e o papel do professor em a\u00e7\u00f5es como essa. \u201c<strong>N\u00e3o se faz um professor sem ele querer estar dentro de um processo formativo e, esse encontro, possibilita a troca de experi\u00eancias e conhecimentos<\/strong>\u201d, disse. Felipe fez quest\u00e3o de lembrar a inaugura\u00e7\u00e3o das EMEJAs Paulo Freire. Em junho, as comunidades da Mangueira e Quer\u00eancia receberam a escola, fato que marca o avan\u00e7o do munic\u00edpio na educa\u00e7\u00e3o de jovens e adultos. \u201c<strong>\u00c9 um desafio para cidade pois em cada bairro podemos encontrar v\u00e1rios jovens e adultos querendo retomar os estudos. Precisamos celebrar as oportunidades que temos como educadores e estarmos juntos dentro do espa\u00e7o formativo. Precisamos discutir novas metodologias, buscar novos processos de avalia\u00e7\u00e3o, outras estrat\u00e9gias e, acima de tudo, saber que n\u00f3s somos uma metodologia de ensino<\/strong>\u201d, disse,<\/p>\n<p style=\"text-align: justify;\">Como encerramento do 4\u00ba Semin\u00e1rio Municipal de Educa\u00e7\u00e3o de Jovens e Adultos, a SMEd promover\u00e1 ainda, na pr\u00f3xima ter\u00e7a-feira (26), uma Mesa Redonda com o tema: \u201c<strong>Pelos caminhos da est\u00e9tica<\/strong>\u201d, com a participa\u00e7\u00e3o de Caroline Bonilha, Karine Sanchez e Law Tissot. A a\u00e7\u00e3o ocorrer\u00e1 no audit\u00f3rio do Hospital Universit\u00e1rio, a partir das 18h30 e as inscri\u00e7\u00f5es poder\u00e3o ser feitas no local.<\/p>\n<p style=\"text-align: justify;\"><strong>Sobre o palestrante<\/strong><\/p>\n<p style=\"text-align: justify;\">Marcos Fl\u00e1vio Rolim \u00e9 jornalista e soci\u00f3logo, que atua como professor universit\u00e1rio e consultor em seguran\u00e7a p\u00fablica e direitos humanos. Formado em jornalismo pela Universidade Federal de Santa Maria (UFSM), estudou doutorado e mestrado em sociologia pela Universidade Federal do Rio Grande do Sul (UFRGS) e \u00e9 professor da C\u00e1tedra de Direitos Humanos do Centro Universit\u00e1rio Metodista.<\/p>\n<p style=\"text-align: justify;\">Na Assembleia Legislativa, presidiu a Comiss\u00e3o de Cidadania e Direitos Humanos durante seis anos. Mudou-se com a fam\u00edlia para a Inglaterra em 2003, onde foi professor-visitante da Universidade de Oxford. Atualmente, \u00e9 coordenador de Comunica\u00e7\u00e3o Social do Tribunal de Contas do Estado do Rio Grande do Sul (TCE-RS) e membro do Conselho Nacional de Pol\u00edtica Criminal.Tamb\u00e9m \u00e9 articulista do jornal Zero Hora.<\/p>\n<p style=\"text-align: justify;\">Em mar\u00e7o de 2010, recebeu o t\u00edtulo de Cidad\u00e3o Em\u00e9rito de Porto Alegre, pela C\u00e2mara Municipal de Porto Alegre.<\/p>\n","protected":false},"excerpt":{"rendered":"<p>Fonte: www.riogrande.rs.gov.br A Prefeitura Municipal do Rio Grande, por meio da Secretaria de Munic\u00edpio da Educa\u00e7\u00e3o (SMEd), promoveu na noite de segunda-feira (25), o 4\u00b0 Semin\u00e1rio Municipal da Educa\u00e7\u00e3o de Jovens e Adultos com o tema \u201cLinguagens da Juventude: conversas sobre exclus\u00e3o, evas\u00e3o e est\u00e9tica\u201d.<\/p>\n","protected":false},"author":7,"featured_media":0,"comment_status":"closed","ping_status":"closed","sticky":false,"template":"","format":"standard","meta":{"footnotes":""},"categories":[1,13],"tags":[],"class_list":["post-27099","post","type-post","status-publish","format-standard","hentry","category-noticias","category-pedagogico"],"_links":{"self":[{"href":"https:\/\/www.riogrande.rs.gov.br\/smed\/index.php?rest_route=\/wp\/v2\/posts\/27099"}],"collection":[{"href":"https:\/\/www.riogrande.rs.gov.br\/smed\/index.php?rest_route=\/wp\/v2\/posts"}],"about":[{"href":"https:\/\/www.riogrande.rs.gov.br\/smed\/index.php?rest_route=\/wp\/v2\/types\/post"}],"author":[{"embeddable":true,"href":"https:\/\/www.riogrande.rs.gov.br\/smed\/index.php?rest_route=\/wp\/v2\/users\/7"}],"replies":[{"embeddable":true,"href":"https:\/\/www.riogrande.rs.gov.br\/smed\/index.php?rest_route=%2Fwp%2Fv2%2Fcomments&post=27099"}],"version-history":[{"count":1,"href":"https:\/\/www.riogrande.rs.gov.br\/smed\/index.php?rest_route=\/wp\/v2\/posts\/27099\/revisions"}],"predecessor-version":[{"id":27106,"href":"https:\/\/www.riogrande.rs.gov.br\/smed\/index.php?rest_route=\/wp\/v2\/posts\/27099\/revisions\/27106"}],"wp:attachment":[{"href":"https:\/\/www.riogrande.rs.gov.br\/smed\/index.php?rest_route=%2Fwp%2Fv2%2Fmedia&parent=27099"}],"wp:term":[{"taxonomy":"category","embeddable":true,"href":"https:\/\/www.riogrande.rs.gov.br\/smed\/index.php?rest_route=%2Fwp%2Fv2%2Fcategories&post=27099"},{"taxonomy":"post_tag","embeddable":true,"href":"https:\/\/www.riogrande.rs.gov.br\/smed\/index.php?rest_route=%2Fwp%2Fv2%2Ftags&post=27099"}],"curies":[{"name":"wp","href":"https:\/\/api.w.org\/{rel}","templated":true}]}}