{"id":27093,"date":"2018-06-25T18:41:20","date_gmt":"2018-06-25T21:41:20","guid":{"rendered":"http:\/\/www.riogrande.rs.gov.br\/smed\/?p=27093"},"modified":"2018-06-25T18:47:47","modified_gmt":"2018-06-25T21:47:47","slug":"smed-divulga-lista-com-inscricoes-homologadas-para-o-encontro-formativo-as-contribuicoes-da-neurociencia-para-a-pratica-pedagogica","status":"publish","type":"post","link":"https:\/\/www.riogrande.rs.gov.br\/smed\/?p=27093","title":{"rendered":"SMEd divulga Lista com Inscri\u00e7\u00f5es Homologadas para o Encontro Formativo \u201cAs Contribui\u00e7\u00f5es da Neuroci\u00eancia para a Pr\u00e1tica Pedag\u00f3gica\u201d"},"content":{"rendered":"<p style=\"text-align: justify;\">A Secretaria de Munic\u00edpio da Educa\u00e7\u00e3o de Rio Grande (SMEd), atrav\u00e9s da Superintend\u00eancia de Gest\u00e3o Pedag\u00f3gica, torna p\u00fablica a rela\u00e7\u00e3o das inscri\u00e7\u00f5es homologadas para o Encontro Formativo \u201c<b>As Contribui\u00e7\u00f5es da Neuroci\u00eancia para a Pr\u00e1tica Pedag\u00f3gica<\/b>\u201d, que acontecer\u00e1 nesta ter\u00e7a-feira, dia <b>26 de junho<\/b>, no <b>Teatro Municipal<\/b>, com a palestra da Prof.\u00aa Dr.\u00aa Fernanda Antoniolo Hammes de Oliveira.<\/p>\n<p style=\"text-align: justify;\"><!--more--><\/p>\n<p style=\"text-align: justify;\">A atividade ter\u00e1 in\u00edcio \u00e0s <b>14h<\/b>, mas a acolhida aos professores(as) ser\u00e1 realizada a partir das <b>13h30min<\/b>. Acesse <a href=\"http:\/\/www.riogrande.rs.gov.br\/smed\/wp-content\/uploads\/2018\/06\/20180625-lista_inscricoes_homologadas_encontro_fomativo_as_contribuicoes_neurociencia_pratica_pedagogica.pdf\" target=\"_blank\" rel=\"noopener\"><strong>aqui<\/strong><\/a> a <a href=\"http:\/\/www.riogrande.rs.gov.br\/smed\/wp-content\/uploads\/2018\/06\/20180625-lista_inscricoes_homologadas_encontro_fomativo_as_contribuicoes_neurociencia_pratica_pedagogica.pdf\" target=\"_blank\" rel=\"noopener\"><strong>Lista com as Inscri\u00e7\u00f5es Homologadas<\/strong><\/a>. Contato atrav\u00e9s do e-mail <a href=\"mailto:nucleoanosiniciaismed@hotmail.com\" target=\"_blank\" rel=\"noopener\"><strong>nucleoanosiniciaismed@hotmail.com<\/strong><\/a><\/p>\n<p style=\"text-align: right;\"><em>SMEd<\/em><\/p>\n","protected":false},"excerpt":{"rendered":"<p>A Secretaria de Munic\u00edpio da Educa\u00e7\u00e3o de Rio Grande (SMEd), atrav\u00e9s da Superintend\u00eancia de Gest\u00e3o Pedag\u00f3gica, torna p\u00fablica a rela\u00e7\u00e3o das inscri\u00e7\u00f5es homologadas para o Encontro Formativo \u201cAs Contribui\u00e7\u00f5es da Neuroci\u00eancia para a Pr\u00e1tica Pedag\u00f3gica\u201d, que acontecer\u00e1 nesta ter\u00e7a-feira, dia 26 de junho, no Teatro Municipal, com a palestra da Prof.\u00aa Dr.\u00aa Fernanda Antoniolo Hammes [&hellip;]<\/p>\n","protected":false},"author":7,"featured_media":0,"comment_status":"closed","ping_status":"closed","sticky":false,"template":"","format":"standard","meta":{"footnotes":""},"categories":[1,13],"tags":[],"class_list":["post-27093","post","type-post","status-publish","format-standard","hentry","category-noticias","category-pedagogico"],"_links":{"self":[{"href":"https:\/\/www.riogrande.rs.gov.br\/smed\/index.php?rest_route=\/wp\/v2\/posts\/27093"}],"collection":[{"href":"https:\/\/www.riogrande.rs.gov.br\/smed\/index.php?rest_route=\/wp\/v2\/posts"}],"about":[{"href":"https:\/\/www.riogrande.rs.gov.br\/smed\/index.php?rest_route=\/wp\/v2\/types\/post"}],"author":[{"embeddable":true,"href":"https:\/\/www.riogrande.rs.gov.br\/smed\/index.php?rest_route=\/wp\/v2\/users\/7"}],"replies":[{"embeddable":true,"href":"https:\/\/www.riogrande.rs.gov.br\/smed\/index.php?rest_route=%2Fwp%2Fv2%2Fcomments&post=27093"}],"version-history":[{"count":2,"href":"https:\/\/www.riogrande.rs.gov.br\/smed\/index.php?rest_route=\/wp\/v2\/posts\/27093\/revisions"}],"predecessor-version":[{"id":27097,"href":"https:\/\/www.riogrande.rs.gov.br\/smed\/index.php?rest_route=\/wp\/v2\/posts\/27093\/revisions\/27097"}],"wp:attachment":[{"href":"https:\/\/www.riogrande.rs.gov.br\/smed\/index.php?rest_route=%2Fwp%2Fv2%2Fmedia&parent=27093"}],"wp:term":[{"taxonomy":"category","embeddable":true,"href":"https:\/\/www.riogrande.rs.gov.br\/smed\/index.php?rest_route=%2Fwp%2Fv2%2Fcategories&post=27093"},{"taxonomy":"post_tag","embeddable":true,"href":"https:\/\/www.riogrande.rs.gov.br\/smed\/index.php?rest_route=%2Fwp%2Fv2%2Ftags&post=27093"}],"curies":[{"name":"wp","href":"https:\/\/api.w.org\/{rel}","templated":true}]}}