{"id":27073,"date":"2018-06-22T19:49:06","date_gmt":"2018-06-22T22:49:06","guid":{"rendered":"http:\/\/www.riogrande.rs.gov.br\/smed\/?p=27073"},"modified":"2018-06-22T19:57:17","modified_gmt":"2018-06-22T22:57:17","slug":"arraial-da-emei-nilza-alves-goncalves-foi-transferido-para-o-dia-07","status":"publish","type":"post","link":"https:\/\/www.riogrande.rs.gov.br\/smed\/?p=27073","title":{"rendered":"&#8220;Arraial&#8221; da EMEI Nilza Alves Gon\u00e7alves foi transferido para o dia 07"},"content":{"rendered":"<p style=\"text-align: justify;\">A Escola Municipal de Educa\u00e7\u00e3o Infantil Prof.\u00aa Nilza Alves Gon\u00e7alves, que est\u00e1 localizada no bairro Am\u00e9rica, em virtude da previs\u00e3o de chuva para este s\u00e1bado, dia 23, transferiu para o dia 07 de julho, \u00e0s 14h30min, o \u201cArraial da Nilza\u201d.<\/p>\n<p>&nbsp;<\/p>\n<p style=\"text-align: right;\"><em>SMEd<\/em><br \/>\n<em>Roberton Reis<\/em><br \/>\n<em>Com informa\u00e7\u00f5es da EMEI Nilza Alves Gon\u00e7alves<\/em><\/p>\n","protected":false},"excerpt":{"rendered":"<p>A Escola Municipal de Educa\u00e7\u00e3o Infantil Prof.\u00aa Nilza Alves Gon\u00e7alves, que est\u00e1 localizada no bairro Am\u00e9rica, em virtude da previs\u00e3o de chuva para este s\u00e1bado, dia 23, transferiu para o dia 07 de julho, \u00e0s 14h30min, o \u201cArraial da Nilza\u201d. &nbsp; SMEd Roberton Reis Com informa\u00e7\u00f5es da EMEI Nilza Alves Gon\u00e7alves<\/p>\n","protected":false},"author":7,"featured_media":0,"comment_status":"closed","ping_status":"closed","sticky":false,"template":"","format":"standard","meta":{"footnotes":""},"categories":[1,13],"tags":[],"class_list":["post-27073","post","type-post","status-publish","format-standard","hentry","category-noticias","category-pedagogico"],"_links":{"self":[{"href":"https:\/\/www.riogrande.rs.gov.br\/smed\/index.php?rest_route=\/wp\/v2\/posts\/27073"}],"collection":[{"href":"https:\/\/www.riogrande.rs.gov.br\/smed\/index.php?rest_route=\/wp\/v2\/posts"}],"about":[{"href":"https:\/\/www.riogrande.rs.gov.br\/smed\/index.php?rest_route=\/wp\/v2\/types\/post"}],"author":[{"embeddable":true,"href":"https:\/\/www.riogrande.rs.gov.br\/smed\/index.php?rest_route=\/wp\/v2\/users\/7"}],"replies":[{"embeddable":true,"href":"https:\/\/www.riogrande.rs.gov.br\/smed\/index.php?rest_route=%2Fwp%2Fv2%2Fcomments&post=27073"}],"version-history":[{"count":2,"href":"https:\/\/www.riogrande.rs.gov.br\/smed\/index.php?rest_route=\/wp\/v2\/posts\/27073\/revisions"}],"predecessor-version":[{"id":27075,"href":"https:\/\/www.riogrande.rs.gov.br\/smed\/index.php?rest_route=\/wp\/v2\/posts\/27073\/revisions\/27075"}],"wp:attachment":[{"href":"https:\/\/www.riogrande.rs.gov.br\/smed\/index.php?rest_route=%2Fwp%2Fv2%2Fmedia&parent=27073"}],"wp:term":[{"taxonomy":"category","embeddable":true,"href":"https:\/\/www.riogrande.rs.gov.br\/smed\/index.php?rest_route=%2Fwp%2Fv2%2Fcategories&post=27073"},{"taxonomy":"post_tag","embeddable":true,"href":"https:\/\/www.riogrande.rs.gov.br\/smed\/index.php?rest_route=%2Fwp%2Fv2%2Ftags&post=27073"}],"curies":[{"name":"wp","href":"https:\/\/api.w.org\/{rel}","templated":true}]}}