{"id":27053,"date":"2018-06-22T16:06:13","date_gmt":"2018-06-22T19:06:13","guid":{"rendered":"http:\/\/www.riogrande.rs.gov.br\/smed\/?p=27053"},"modified":"2018-06-22T16:06:13","modified_gmt":"2018-06-22T19:06:13","slug":"emef-frederico-ernesto-buchholz-e-eee-jose-alvares-de-azevedo-promoveram-acao-de-inclusao","status":"publish","type":"post","link":"https:\/\/www.riogrande.rs.gov.br\/smed\/?p=27053","title":{"rendered":"EMEF Frederico Ernesto Buchholz e EEE Jos\u00e9 Alvares de Azevedo promoveram A\u00e7\u00e3o de Inclus\u00e3o"},"content":{"rendered":"\n\t\t<style type=\"text\/css\">\n\t\t\t#gallery-1 {\n\t\t\t\tmargin: auto;\n\t\t\t}\n\t\t\t#gallery-1 .gallery-item {\n\t\t\t\tfloat: left;\n\t\t\t\tmargin-top: 10px;\n\t\t\t\ttext-align: center;\n\t\t\t\twidth: 33%;\n\t\t\t}\n\t\t\t#gallery-1 img {\n\t\t\t\tborder: 2px solid #cfcfcf;\n\t\t\t}\n\t\t\t#gallery-1 .gallery-caption {\n\t\t\t\tmargin-left: 0;\n\t\t\t}\n\t\t\t\/* see gallery_shortcode() in wp-includes\/media.php *\/\n\t\t<\/style>\n\t\t<div id='gallery-1' class='gallery galleryid-27053 gallery-columns-3 gallery-size-thumbnail'><dl class='gallery-item'>\n\t\t\t<dt class='gallery-icon portrait'>\n\t\t\t\t<a href='https:\/\/www.riogrande.rs.gov.br\/smed\/wp-content\/uploads\/2018\/06\/20180622-ped-buchholz-image1.jpg' rel=\"lightbox[27053]\"><img loading=\"lazy\" decoding=\"async\" width=\"150\" height=\"150\" src=\"https:\/\/www.riogrande.rs.gov.br\/smed\/wp-content\/uploads\/2018\/06\/20180622-ped-buchholz-image1-150x150.jpg\" class=\"attachment-thumbnail size-thumbnail\" alt=\"\" aria-describedby=\"gallery-1-27054\" \/><\/a>\n\t\t\t<\/dt>\n\t\t\t\t<dd class='wp-caption-text gallery-caption' id='gallery-1-27054'>\n\t\t\t\tDivulga\u00e7\u00e3o\n\t\t\t\t<\/dd><\/dl><dl class='gallery-item'>\n\t\t\t<dt class='gallery-icon landscape'>\n\t\t\t\t<a href='https:\/\/www.riogrande.rs.gov.br\/smed\/wp-content\/uploads\/2018\/06\/20180622-ped-buchholz-image2.jpg' rel=\"lightbox[27053]\"><img loading=\"lazy\" decoding=\"async\" width=\"150\" height=\"150\" src=\"https:\/\/www.riogrande.rs.gov.br\/smed\/wp-content\/uploads\/2018\/06\/20180622-ped-buchholz-image2-150x150.jpg\" class=\"attachment-thumbnail size-thumbnail\" alt=\"\" aria-describedby=\"gallery-1-27055\" \/><\/a>\n\t\t\t<\/dt>\n\t\t\t\t<dd class='wp-caption-text gallery-caption' id='gallery-1-27055'>\n\t\t\t\tDivulga\u00e7\u00e3o\n\t\t\t\t<\/dd><\/dl><dl class='gallery-item'>\n\t\t\t<dt class='gallery-icon landscape'>\n\t\t\t\t<a href='https:\/\/www.riogrande.rs.gov.br\/smed\/wp-content\/uploads\/2018\/06\/20180622-ped-buchholz-image3.jpg' rel=\"lightbox[27053]\"><img loading=\"lazy\" decoding=\"async\" width=\"150\" height=\"150\" src=\"https:\/\/www.riogrande.rs.gov.br\/smed\/wp-content\/uploads\/2018\/06\/20180622-ped-buchholz-image3-150x150.jpg\" class=\"attachment-thumbnail size-thumbnail\" alt=\"\" aria-describedby=\"gallery-1-27056\" \/><\/a>\n\t\t\t<\/dt>\n\t\t\t\t<dd class='wp-caption-text gallery-caption' id='gallery-1-27056'>\n\t\t\t\tDivulga\u00e7\u00e3o\n\t\t\t\t<\/dd><\/dl><br style=\"clear: both\" \/><dl class='gallery-item'>\n\t\t\t<dt class='gallery-icon portrait'>\n\t\t\t\t<a href='https:\/\/www.riogrande.rs.gov.br\/smed\/wp-content\/uploads\/2018\/06\/20180622-ped-buchholz-image4.jpg' rel=\"lightbox[27053]\"><img loading=\"lazy\" decoding=\"async\" width=\"150\" height=\"150\" src=\"https:\/\/www.riogrande.rs.gov.br\/smed\/wp-content\/uploads\/2018\/06\/20180622-ped-buchholz-image4-150x150.jpg\" class=\"attachment-thumbnail size-thumbnail\" alt=\"\" aria-describedby=\"gallery-1-27057\" \/><\/a>\n\t\t\t<\/dt>\n\t\t\t\t<dd class='wp-caption-text gallery-caption' id='gallery-1-27057'>\n\t\t\t\tDivulga\u00e7\u00e3o\n\t\t\t\t<\/dd><\/dl><dl class='gallery-item'>\n\t\t\t<dt class='gallery-icon landscape'>\n\t\t\t\t<a href='https:\/\/www.riogrande.rs.gov.br\/smed\/wp-content\/uploads\/2018\/06\/20180622-ped-buchholz-image5.jpg' rel=\"lightbox[27053]\"><img loading=\"lazy\" decoding=\"async\" width=\"150\" height=\"150\" src=\"https:\/\/www.riogrande.rs.gov.br\/smed\/wp-content\/uploads\/2018\/06\/20180622-ped-buchholz-image5-150x150.jpg\" class=\"attachment-thumbnail size-thumbnail\" alt=\"\" aria-describedby=\"gallery-1-27058\" \/><\/a>\n\t\t\t<\/dt>\n\t\t\t\t<dd class='wp-caption-text gallery-caption' id='gallery-1-27058'>\n\t\t\t\tDivulga\u00e7\u00e3o\n\t\t\t\t<\/dd><\/dl><dl class='gallery-item'>\n\t\t\t<dt class='gallery-icon landscape'>\n\t\t\t\t<a href='https:\/\/www.riogrande.rs.gov.br\/smed\/wp-content\/uploads\/2018\/06\/20180622-ped-buchholz-image6.jpg' rel=\"lightbox[27053]\"><img loading=\"lazy\" decoding=\"async\" width=\"150\" height=\"150\" src=\"https:\/\/www.riogrande.rs.gov.br\/smed\/wp-content\/uploads\/2018\/06\/20180622-ped-buchholz-image6-150x150.jpg\" class=\"attachment-thumbnail size-thumbnail\" alt=\"\" aria-describedby=\"gallery-1-27059\" \/><\/a>\n\t\t\t<\/dt>\n\t\t\t\t<dd class='wp-caption-text gallery-caption' id='gallery-1-27059'>\n\t\t\t\tDivulga\u00e7\u00e3o\n\t\t\t\t<\/dd><\/dl><br style=\"clear: both\" \/>\n\t\t<\/div>\n\n<p style=\"text-align: justify;\">Na \u00faltima ter\u00e7a-feira, dia <b>19 de junho<\/b>, a Escola Municipal de Ensino Fundamental <b>Frederico Ernesto Buchholz<\/b> e a Escola de Educa\u00e7\u00e3o Especial <b>Jos\u00e9 Alvares de Azevedo<\/b> promoveram uma importante manh\u00e3 de integra\u00e7\u00e3o, mostrando que a Inclus\u00e3o \u00e9 a grande promotora de mudan\u00e7a social.<\/p>\n<p style=\"text-align: justify;\"><!--more--><\/p>\n<p style=\"text-align: justify;\">As professoras Deise Sim\u00f5es, Katiani Velleda, Renata Pinheiro (EMEF Frederico E. Buchholz), Carla Farias (EEE Jos\u00e9 A. de Azevedo) e Karen Barbosa (que atua nas duas Escolas) fizeram uma \u201cRoda Musical\u201d para a turma do Ber\u00e7\u00e1rio, na qual os alunos com defici\u00eancia visual foram os protagonistas daquele momento, ao proporcionar ao grupo de crian\u00e7as a \u00a0oportunidade de conviver e respeitar as diferen\u00e7as desde a primeira idade.<\/p>\n<p style=\"text-align: justify;\">A EMEF Frederico E. Buchholz trabalha com o Projeto \u201cMais Amor Por Favor\u201d e, dentro dessa ideia, as professoras do Ber\u00e7\u00e1rio perceberam a necessidade de abordar quest\u00f5es de amorosidade com os pequenos. A atividade iniciou com muitas a\u00e7\u00f5es e a abordagem da hist\u00f3ria &#8220;Bento, o Ouri\u00e7o&#8221;, na qual o personagem quer um abra\u00e7o e ningu\u00e9m pode dar, pois ele \u00e9 diferente; at\u00e9 que ele encontra um jacar\u00e9 que quer beijar e n\u00e3o consegue, mostrando que padr\u00f5es de normalidade s\u00e3o apenas imposi\u00e7\u00f5es sociais.<\/p>\n<p style=\"text-align: justify;\">Surge assim a ideia de levar \u00e0 EMEF Buchholz o Grupo de Atividades da \u201cVida Aut\u00f4noma e Social\u201d (AVAS), que se faz ser visto nos diversos lugares da Cidade, demonstrando que n\u00e3o h\u00e1 barreiras que a Inclus\u00e3o n\u00e3o possa transpor.<\/p>\n<p style=\"text-align: justify;\">\u201c<b>As fam\u00edlias do Ber\u00e7\u00e1rio confeccionaram as Celas Braille L\u00fadicas com a frase \u2018Mais Amor Por Favor\u2019, ou seja, envolvimento total de afeto e amor<\/b>\u201d, destacou a professora Priscila Wally Chagas.<\/p>\n<p>&nbsp;<\/p>\n<p style=\"text-align: right;\"><em>SMEd<\/em><br \/>\n<em>Roberton Reis<\/em><br \/>\n<em>Com informa\u00e7\u00f5es da EMEF Frederico Ernesto Buchholz<\/em><\/p>\n","protected":false},"excerpt":{"rendered":"<p>Na \u00faltima ter\u00e7a-feira, dia 19 de junho, a Escola Municipal de Ensino Fundamental Frederico Ernesto Buchholz e a Escola de Educa\u00e7\u00e3o Especial Jos\u00e9 Alvares de Azevedo promoveram uma importante manh\u00e3 de integra\u00e7\u00e3o, mostrando que a Inclus\u00e3o \u00e9 a grande promotora de mudan\u00e7a social.<\/p>\n","protected":false},"author":7,"featured_media":0,"comment_status":"closed","ping_status":"closed","sticky":false,"template":"","format":"standard","meta":{"footnotes":""},"categories":[1,13],"tags":[],"class_list":["post-27053","post","type-post","status-publish","format-standard","hentry","category-noticias","category-pedagogico"],"_links":{"self":[{"href":"https:\/\/www.riogrande.rs.gov.br\/smed\/index.php?rest_route=\/wp\/v2\/posts\/27053"}],"collection":[{"href":"https:\/\/www.riogrande.rs.gov.br\/smed\/index.php?rest_route=\/wp\/v2\/posts"}],"about":[{"href":"https:\/\/www.riogrande.rs.gov.br\/smed\/index.php?rest_route=\/wp\/v2\/types\/post"}],"author":[{"embeddable":true,"href":"https:\/\/www.riogrande.rs.gov.br\/smed\/index.php?rest_route=\/wp\/v2\/users\/7"}],"replies":[{"embeddable":true,"href":"https:\/\/www.riogrande.rs.gov.br\/smed\/index.php?rest_route=%2Fwp%2Fv2%2Fcomments&post=27053"}],"version-history":[{"count":1,"href":"https:\/\/www.riogrande.rs.gov.br\/smed\/index.php?rest_route=\/wp\/v2\/posts\/27053\/revisions"}],"predecessor-version":[{"id":27060,"href":"https:\/\/www.riogrande.rs.gov.br\/smed\/index.php?rest_route=\/wp\/v2\/posts\/27053\/revisions\/27060"}],"wp:attachment":[{"href":"https:\/\/www.riogrande.rs.gov.br\/smed\/index.php?rest_route=%2Fwp%2Fv2%2Fmedia&parent=27053"}],"wp:term":[{"taxonomy":"category","embeddable":true,"href":"https:\/\/www.riogrande.rs.gov.br\/smed\/index.php?rest_route=%2Fwp%2Fv2%2Fcategories&post=27053"},{"taxonomy":"post_tag","embeddable":true,"href":"https:\/\/www.riogrande.rs.gov.br\/smed\/index.php?rest_route=%2Fwp%2Fv2%2Ftags&post=27053"}],"curies":[{"name":"wp","href":"https:\/\/api.w.org\/{rel}","templated":true}]}}