{"id":27040,"date":"2018-06-21T15:37:53","date_gmt":"2018-06-21T18:37:53","guid":{"rendered":"http:\/\/www.riogrande.rs.gov.br\/smed\/?p=27040"},"modified":"2018-06-21T15:37:53","modified_gmt":"2018-06-21T18:37:53","slug":"inscricoes-para-o-encontro-formativo-as-contribuicoes-da-neurociencia-para-a-pratica-docente-foram-prorrogadas-ate-o-dia-24-de-junho","status":"publish","type":"post","link":"https:\/\/www.riogrande.rs.gov.br\/smed\/?p=27040","title":{"rendered":"Inscri\u00e7\u00f5es para o Encontro Formativo \u201cAs Contribui\u00e7\u00f5es da Neuroci\u00eancia para a Pr\u00e1tica Docente\u201d foram prorrogadas at\u00e9 o dia 24 de junho"},"content":{"rendered":"<p style=\"text-align: justify;\"><span style=\"font-weight: 400;\">A Secretaria de Munic\u00edpio da Educa\u00e7\u00e3o de Rio Grande (SMEd), atrav\u00e9s dos N\u00facleos dos Anos Iniciais e Finais do Ensino Fundamental, informa que o per\u00edodo de inscri\u00e7\u00f5es para o Encontro Formativo \u201c<\/span><b>As Contribui\u00e7\u00f5es da Neuroci\u00eancia para a Pr\u00e1tica Docente\u201d<\/b><span style=\"font-weight: 400;\"> foi prorrogado at\u00e9 o pr\u00f3ximo domingo, dia <\/span><b>24 de junho<\/b><span style=\"font-weight: 400;\">.<\/span><\/p>\n<p><!--more--><\/p>\n<p style=\"text-align: justify;\"><span style=\"font-weight: 400;\">O Encontro Formativo acontecer\u00e1 no dia <\/span><b>26 de junho<\/b><span style=\"font-weight: 400;\">, \u00e0s <\/span><b>14h<\/b><span style=\"font-weight: 400;\">, no <\/span><b>Teatro Municipal<\/b><span style=\"font-weight: 400;\">, com a palestra da Prof.\u00aa Dr.\u00aa Fernanda Antoniolo Hammes de Oliveira.<\/span><\/p>\n<p style=\"text-align: justify;\"><span style=\"font-weight: 400;\">Para participar do Encontro, os(as) professores(as) do Ensino Fundamental que atuam nas escolas da rede p\u00fablica municipal de ensino devem realizar a inscri\u00e7\u00e3o atrav\u00e9s do site <\/span><a href=\"http:\/\/www.riogrande.rs.gov.br\/smed\"><b>www.riogrande.rs.gov.br\/smed<\/b><\/a><\/p>\n<p style=\"text-align: justify;\"><span style=\"font-weight: 400;\">As vagas s\u00e3o limitadas e as inscri\u00e7\u00f5es ser\u00e3o encerradas no momento em que as mesmas forem preenchidas. Clique <\/span><a href=\"https:\/\/docs.google.com\/forms\/d\/e\/1FAIpQLSdwB44l1PEePdrR-JdkiSSFcNu078Gfg-G_4sBlaxkIhvSHbw\/viewform\"><b>AQUI<\/b><\/a> <span style=\"font-weight: 400;\">para fazer a sua inscri\u00e7\u00e3o.<\/span><\/p>\n<p style=\"text-align: right;\"><em>SMEd<\/em><br \/>\n<em>Roberton Reis<\/em><br \/>\n<em>Com informa\u00e7\u00f5es dos N\u00facleos dos Anos Iniciais e Finais do Ensino Fundamental<\/em><\/p>\n","protected":false},"excerpt":{"rendered":"<p>A Secretaria de Munic\u00edpio da Educa\u00e7\u00e3o de Rio Grande (SMEd), atrav\u00e9s dos N\u00facleos dos Anos Iniciais e Finais do Ensino Fundamental, informa que o per\u00edodo de inscri\u00e7\u00f5es para o Encontro Formativo \u201cAs Contribui\u00e7\u00f5es da Neuroci\u00eancia para a Pr\u00e1tica Docente\u201d foi prorrogado at\u00e9 o pr\u00f3ximo domingo, dia 24 de junho.<\/p>\n","protected":false},"author":7,"featured_media":0,"comment_status":"closed","ping_status":"closed","sticky":false,"template":"","format":"standard","meta":{"footnotes":""},"categories":[1,13],"tags":[],"class_list":["post-27040","post","type-post","status-publish","format-standard","hentry","category-noticias","category-pedagogico"],"_links":{"self":[{"href":"https:\/\/www.riogrande.rs.gov.br\/smed\/index.php?rest_route=\/wp\/v2\/posts\/27040"}],"collection":[{"href":"https:\/\/www.riogrande.rs.gov.br\/smed\/index.php?rest_route=\/wp\/v2\/posts"}],"about":[{"href":"https:\/\/www.riogrande.rs.gov.br\/smed\/index.php?rest_route=\/wp\/v2\/types\/post"}],"author":[{"embeddable":true,"href":"https:\/\/www.riogrande.rs.gov.br\/smed\/index.php?rest_route=\/wp\/v2\/users\/7"}],"replies":[{"embeddable":true,"href":"https:\/\/www.riogrande.rs.gov.br\/smed\/index.php?rest_route=%2Fwp%2Fv2%2Fcomments&post=27040"}],"version-history":[{"count":1,"href":"https:\/\/www.riogrande.rs.gov.br\/smed\/index.php?rest_route=\/wp\/v2\/posts\/27040\/revisions"}],"predecessor-version":[{"id":27041,"href":"https:\/\/www.riogrande.rs.gov.br\/smed\/index.php?rest_route=\/wp\/v2\/posts\/27040\/revisions\/27041"}],"wp:attachment":[{"href":"https:\/\/www.riogrande.rs.gov.br\/smed\/index.php?rest_route=%2Fwp%2Fv2%2Fmedia&parent=27040"}],"wp:term":[{"taxonomy":"category","embeddable":true,"href":"https:\/\/www.riogrande.rs.gov.br\/smed\/index.php?rest_route=%2Fwp%2Fv2%2Fcategories&post=27040"},{"taxonomy":"post_tag","embeddable":true,"href":"https:\/\/www.riogrande.rs.gov.br\/smed\/index.php?rest_route=%2Fwp%2Fv2%2Ftags&post=27040"}],"curies":[{"name":"wp","href":"https:\/\/api.w.org\/{rel}","templated":true}]}}