{"id":27023,"date":"2018-06-21T15:18:19","date_gmt":"2018-06-21T18:18:19","guid":{"rendered":"http:\/\/www.riogrande.rs.gov.br\/smed\/?p=27023"},"modified":"2018-06-21T15:18:19","modified_gmt":"2018-06-21T18:18:19","slug":"alunos-rio-grandinos-sao-destaque-no-paracergs-2018","status":"publish","type":"post","link":"https:\/\/www.riogrande.rs.gov.br\/smed\/?p=27023","title":{"rendered":"Alunos rio-grandinos s\u00e3o destaque no Paracergs 2018"},"content":{"rendered":"\n\t\t<style type=\"text\/css\">\n\t\t\t#gallery-1 {\n\t\t\t\tmargin: auto;\n\t\t\t}\n\t\t\t#gallery-1 .gallery-item {\n\t\t\t\tfloat: left;\n\t\t\t\tmargin-top: 10px;\n\t\t\t\ttext-align: center;\n\t\t\t\twidth: 33%;\n\t\t\t}\n\t\t\t#gallery-1 img {\n\t\t\t\tborder: 2px solid #cfcfcf;\n\t\t\t}\n\t\t\t#gallery-1 .gallery-caption {\n\t\t\t\tmargin-left: 0;\n\t\t\t}\n\t\t\t\/* see gallery_shortcode() in wp-includes\/media.php *\/\n\t\t<\/style>\n\t\t<div id='gallery-1' class='gallery galleryid-27023 gallery-columns-3 gallery-size-thumbnail'><dl class='gallery-item'>\n\t\t\t<dt class='gallery-icon landscape'>\n\t\t\t\t<a href='https:\/\/www.riogrande.rs.gov.br\/smed\/wp-content\/uploads\/2018\/06\/20180621-ped-paracergs-image1.jpg' rel=\"lightbox[27023]\"><img loading=\"lazy\" decoding=\"async\" width=\"150\" height=\"150\" src=\"https:\/\/www.riogrande.rs.gov.br\/smed\/wp-content\/uploads\/2018\/06\/20180621-ped-paracergs-image1-150x150.jpg\" class=\"attachment-thumbnail size-thumbnail\" alt=\"\" aria-describedby=\"gallery-1-27024\" \/><\/a>\n\t\t\t<\/dt>\n\t\t\t\t<dd class='wp-caption-text gallery-caption' id='gallery-1-27024'>\n\t\t\t\tCr\u00e9dito: Felipe Motta\n\t\t\t\t<\/dd><\/dl><dl class='gallery-item'>\n\t\t\t<dt class='gallery-icon landscape'>\n\t\t\t\t<a href='https:\/\/www.riogrande.rs.gov.br\/smed\/wp-content\/uploads\/2018\/06\/20180621-ped-paracergs-image2.jpg' rel=\"lightbox[27023]\"><img loading=\"lazy\" decoding=\"async\" width=\"150\" height=\"150\" src=\"https:\/\/www.riogrande.rs.gov.br\/smed\/wp-content\/uploads\/2018\/06\/20180621-ped-paracergs-image2-150x150.jpg\" class=\"attachment-thumbnail size-thumbnail\" alt=\"\" aria-describedby=\"gallery-1-27025\" \/><\/a>\n\t\t\t<\/dt>\n\t\t\t\t<dd class='wp-caption-text gallery-caption' id='gallery-1-27025'>\n\t\t\t\tCr\u00e9dito: Felipe Motta\n\t\t\t\t<\/dd><\/dl><dl class='gallery-item'>\n\t\t\t<dt class='gallery-icon portrait'>\n\t\t\t\t<a href='https:\/\/www.riogrande.rs.gov.br\/smed\/wp-content\/uploads\/2018\/06\/20180621-ped-paracergs-image3.jpg' rel=\"lightbox[27023]\"><img loading=\"lazy\" decoding=\"async\" width=\"150\" height=\"150\" src=\"https:\/\/www.riogrande.rs.gov.br\/smed\/wp-content\/uploads\/2018\/06\/20180621-ped-paracergs-image3-150x150.jpg\" class=\"attachment-thumbnail size-thumbnail\" alt=\"\" aria-describedby=\"gallery-1-27026\" \/><\/a>\n\t\t\t<\/dt>\n\t\t\t\t<dd class='wp-caption-text gallery-caption' id='gallery-1-27026'>\n\t\t\t\tCr\u00e9dito: Felipe Motta\n\t\t\t\t<\/dd><\/dl><br style=\"clear: both\" \/><dl class='gallery-item'>\n\t\t\t<dt class='gallery-icon portrait'>\n\t\t\t\t<a href='https:\/\/www.riogrande.rs.gov.br\/smed\/wp-content\/uploads\/2018\/06\/20180621-ped-paracergs-image4.jpg' rel=\"lightbox[27023]\"><img loading=\"lazy\" decoding=\"async\" width=\"150\" height=\"150\" src=\"https:\/\/www.riogrande.rs.gov.br\/smed\/wp-content\/uploads\/2018\/06\/20180621-ped-paracergs-image4-150x150.jpg\" class=\"attachment-thumbnail size-thumbnail\" alt=\"\" aria-describedby=\"gallery-1-27027\" \/><\/a>\n\t\t\t<\/dt>\n\t\t\t\t<dd class='wp-caption-text gallery-caption' id='gallery-1-27027'>\n\t\t\t\tCr\u00e9dito: Felipe Motta\n\t\t\t\t<\/dd><\/dl><dl class='gallery-item'>\n\t\t\t<dt class='gallery-icon landscape'>\n\t\t\t\t<a href='https:\/\/www.riogrande.rs.gov.br\/smed\/wp-content\/uploads\/2018\/06\/20180621-ped-paracergs-image5.jpg' rel=\"lightbox[27023]\"><img loading=\"lazy\" decoding=\"async\" width=\"150\" height=\"150\" src=\"https:\/\/www.riogrande.rs.gov.br\/smed\/wp-content\/uploads\/2018\/06\/20180621-ped-paracergs-image5-150x150.jpg\" class=\"attachment-thumbnail size-thumbnail\" alt=\"\" aria-describedby=\"gallery-1-27028\" \/><\/a>\n\t\t\t<\/dt>\n\t\t\t\t<dd class='wp-caption-text gallery-caption' id='gallery-1-27028'>\n\t\t\t\tCr\u00e9dito: Felipe Motta\n\t\t\t\t<\/dd><\/dl><dl class='gallery-item'>\n\t\t\t<dt class='gallery-icon landscape'>\n\t\t\t\t<a href='https:\/\/www.riogrande.rs.gov.br\/smed\/wp-content\/uploads\/2018\/06\/20180621-ped-paracergs-image6.jpg' rel=\"lightbox[27023]\"><img loading=\"lazy\" decoding=\"async\" width=\"150\" height=\"150\" src=\"https:\/\/www.riogrande.rs.gov.br\/smed\/wp-content\/uploads\/2018\/06\/20180621-ped-paracergs-image6-150x150.jpg\" class=\"attachment-thumbnail size-thumbnail\" alt=\"\" aria-describedby=\"gallery-1-27029\" \/><\/a>\n\t\t\t<\/dt>\n\t\t\t\t<dd class='wp-caption-text gallery-caption' id='gallery-1-27029'>\n\t\t\t\tCr\u00e9dito: Felipe Motta\n\t\t\t\t<\/dd><\/dl><br style=\"clear: both\" \/><dl class='gallery-item'>\n\t\t\t<dt class='gallery-icon portrait'>\n\t\t\t\t<a href='https:\/\/www.riogrande.rs.gov.br\/smed\/wp-content\/uploads\/2018\/06\/20180621-ped-paracergs-image7.jpg' rel=\"lightbox[27023]\"><img loading=\"lazy\" decoding=\"async\" width=\"150\" height=\"150\" src=\"https:\/\/www.riogrande.rs.gov.br\/smed\/wp-content\/uploads\/2018\/06\/20180621-ped-paracergs-image7-150x150.jpg\" class=\"attachment-thumbnail size-thumbnail\" alt=\"\" aria-describedby=\"gallery-1-27030\" \/><\/a>\n\t\t\t<\/dt>\n\t\t\t\t<dd class='wp-caption-text gallery-caption' id='gallery-1-27030'>\n\t\t\t\tCr\u00e9dito: Felipe Motta\n\t\t\t\t<\/dd><\/dl><dl class='gallery-item'>\n\t\t\t<dt class='gallery-icon landscape'>\n\t\t\t\t<a href='https:\/\/www.riogrande.rs.gov.br\/smed\/wp-content\/uploads\/2018\/06\/20180621-ped-paracergs-image8.jpg' rel=\"lightbox[27023]\"><img loading=\"lazy\" decoding=\"async\" width=\"150\" height=\"150\" src=\"https:\/\/www.riogrande.rs.gov.br\/smed\/wp-content\/uploads\/2018\/06\/20180621-ped-paracergs-image8-150x150.jpg\" class=\"attachment-thumbnail size-thumbnail\" alt=\"\" aria-describedby=\"gallery-1-27031\" \/><\/a>\n\t\t\t<\/dt>\n\t\t\t\t<dd class='wp-caption-text gallery-caption' id='gallery-1-27031'>\n\t\t\t\tCr\u00e9dito: Felipe Motta\n\t\t\t\t<\/dd><\/dl><dl class='gallery-item'>\n\t\t\t<dt class='gallery-icon landscape'>\n\t\t\t\t<a href='https:\/\/www.riogrande.rs.gov.br\/smed\/wp-content\/uploads\/2018\/06\/20180621-ped-paracergs-image9.jpg' rel=\"lightbox[27023]\"><img loading=\"lazy\" decoding=\"async\" width=\"150\" height=\"150\" src=\"https:\/\/www.riogrande.rs.gov.br\/smed\/wp-content\/uploads\/2018\/06\/20180621-ped-paracergs-image9-150x150.jpg\" class=\"attachment-thumbnail size-thumbnail\" alt=\"\" aria-describedby=\"gallery-1-27032\" \/><\/a>\n\t\t\t<\/dt>\n\t\t\t\t<dd class='wp-caption-text gallery-caption' id='gallery-1-27032'>\n\t\t\t\tCr\u00e9dito: Felipe Motta\n\t\t\t\t<\/dd><\/dl><br style=\"clear: both\" \/><dl class='gallery-item'>\n\t\t\t<dt class='gallery-icon landscape'>\n\t\t\t\t<a href='https:\/\/www.riogrande.rs.gov.br\/smed\/wp-content\/uploads\/2018\/06\/20180621-ped-paracergs-image10.jpg' rel=\"lightbox[27023]\"><img loading=\"lazy\" decoding=\"async\" width=\"150\" height=\"150\" src=\"https:\/\/www.riogrande.rs.gov.br\/smed\/wp-content\/uploads\/2018\/06\/20180621-ped-paracergs-image10-150x150.jpg\" class=\"attachment-thumbnail size-thumbnail\" alt=\"\" aria-describedby=\"gallery-1-27033\" \/><\/a>\n\t\t\t<\/dt>\n\t\t\t\t<dd class='wp-caption-text gallery-caption' id='gallery-1-27033'>\n\t\t\t\tCr\u00e9dito: Felipe Motta\n\t\t\t\t<\/dd><\/dl><dl class='gallery-item'>\n\t\t\t<dt class='gallery-icon landscape'>\n\t\t\t\t<a href='https:\/\/www.riogrande.rs.gov.br\/smed\/wp-content\/uploads\/2018\/06\/20180621-ped-paracergs-image11.jpg' rel=\"lightbox[27023]\"><img loading=\"lazy\" decoding=\"async\" width=\"150\" height=\"150\" src=\"https:\/\/www.riogrande.rs.gov.br\/smed\/wp-content\/uploads\/2018\/06\/20180621-ped-paracergs-image11-150x150.jpg\" class=\"attachment-thumbnail size-thumbnail\" alt=\"\" aria-describedby=\"gallery-1-27034\" \/><\/a>\n\t\t\t<\/dt>\n\t\t\t\t<dd class='wp-caption-text gallery-caption' id='gallery-1-27034'>\n\t\t\t\tCr\u00e9dito: Felipe Motta\n\t\t\t\t<\/dd><\/dl><dl class='gallery-item'>\n\t\t\t<dt class='gallery-icon landscape'>\n\t\t\t\t<a href='https:\/\/www.riogrande.rs.gov.br\/smed\/wp-content\/uploads\/2018\/06\/20180621-ped-paracergs-image12.jpg' rel=\"lightbox[27023]\"><img loading=\"lazy\" decoding=\"async\" width=\"150\" height=\"150\" src=\"https:\/\/www.riogrande.rs.gov.br\/smed\/wp-content\/uploads\/2018\/06\/20180621-ped-paracergs-image12-150x150.jpg\" class=\"attachment-thumbnail size-thumbnail\" alt=\"\" aria-describedby=\"gallery-1-27035\" \/><\/a>\n\t\t\t<\/dt>\n\t\t\t\t<dd class='wp-caption-text gallery-caption' id='gallery-1-27035'>\n\t\t\t\tCr\u00e9dito: Felipe Motta\n\t\t\t\t<\/dd><\/dl><br style=\"clear: both\" \/><dl class='gallery-item'>\n\t\t\t<dt class='gallery-icon landscape'>\n\t\t\t\t<a href='https:\/\/www.riogrande.rs.gov.br\/smed\/wp-content\/uploads\/2018\/06\/20180621-ped-paracergs-image13.jpg' rel=\"lightbox[27023]\"><img loading=\"lazy\" decoding=\"async\" width=\"150\" height=\"150\" src=\"https:\/\/www.riogrande.rs.gov.br\/smed\/wp-content\/uploads\/2018\/06\/20180621-ped-paracergs-image13-150x150.jpg\" class=\"attachment-thumbnail size-thumbnail\" alt=\"\" aria-describedby=\"gallery-1-27036\" \/><\/a>\n\t\t\t<\/dt>\n\t\t\t\t<dd class='wp-caption-text gallery-caption' id='gallery-1-27036'>\n\t\t\t\tCr\u00e9dito: Felipe Motta\n\t\t\t\t<\/dd><\/dl><dl class='gallery-item'>\n\t\t\t<dt class='gallery-icon landscape'>\n\t\t\t\t<a href='https:\/\/www.riogrande.rs.gov.br\/smed\/wp-content\/uploads\/2018\/06\/20180621-ped-paracergs-image14.jpg' rel=\"lightbox[27023]\"><img loading=\"lazy\" decoding=\"async\" width=\"150\" height=\"150\" src=\"https:\/\/www.riogrande.rs.gov.br\/smed\/wp-content\/uploads\/2018\/06\/20180621-ped-paracergs-image14-150x150.jpg\" class=\"attachment-thumbnail size-thumbnail\" alt=\"\" aria-describedby=\"gallery-1-27037\" \/><\/a>\n\t\t\t<\/dt>\n\t\t\t\t<dd class='wp-caption-text gallery-caption' id='gallery-1-27037'>\n\t\t\t\tCr\u00e9dito: Felipe Motta\n\t\t\t\t<\/dd><\/dl><dl class='gallery-item'>\n\t\t\t<dt class='gallery-icon landscape'>\n\t\t\t\t<a href='https:\/\/www.riogrande.rs.gov.br\/smed\/wp-content\/uploads\/2018\/06\/20180621-ped-paracergs-image15.jpg' rel=\"lightbox[27023]\"><img loading=\"lazy\" decoding=\"async\" width=\"150\" height=\"150\" src=\"https:\/\/www.riogrande.rs.gov.br\/smed\/wp-content\/uploads\/2018\/06\/20180621-ped-paracergs-image15-150x150.jpg\" class=\"attachment-thumbnail size-thumbnail\" alt=\"\" aria-describedby=\"gallery-1-27038\" \/><\/a>\n\t\t\t<\/dt>\n\t\t\t\t<dd class='wp-caption-text gallery-caption' id='gallery-1-27038'>\n\t\t\t\tCr\u00e9dito: Felipe Motta\n\t\t\t\t<\/dd><\/dl><br style=\"clear: both\" \/>\n\t\t<\/div>\n\n<p style=\"text-align: justify;\"><span style=\"font-weight: 400;\">O munic\u00edpio de Rio Grande esteve mais uma vez representado no <\/span><b>Campeonato Paradesportivo Estudantil do Rio Grande do Sul<\/b><span style=\"font-weight: 400;\">, o \u201c<strong>Paracergs<\/strong>\u201d, que foi realizado nos dias 15 e 16 de junho, em Porto Alegre, e reuniu atletas de todo o Estado no Centro Estadual de Treinamento Esportivo. <\/span><\/p>\n<p style=\"text-align: justify;\"><!--more--><\/p>\n<p>&nbsp;<\/p>\n<p style=\"text-align: justify;\"><span style=\"font-weight: 400;\">Os alunos do <\/span><b>Projeto Paradesporto<\/b><span style=\"font-weight: 400;\">, da Secretaria de Munic\u00edpio da Educa\u00e7\u00e3o de Rio Grande (SMEd), e da Escola Jos\u00e9 Alvarez de Azevedo, fizeram parte da comitiva rio-grandina. 13 atletas participantes trouxeram 30 medalhas: 12 deles participaram da modalidade de Atletismo e 1 na modalidade de Futebol de 5 para cegos. Todos conquistaram medalhas e aguardam a convoca\u00e7\u00e3o para as Paralimp\u00edadas Escolares 2018, organizada pelo Comit\u00ea Paral\u00edmpico Brasileiro.<\/span><\/p>\n<p style=\"text-align: justify;\"><span style=\"font-weight: 400;\">O coordenador do Projeto, professor Felipe Motta, participa pelo sexto ano consecutivo e afirma que as atividades v\u00e3o al\u00e9m do treinamento esportivo, pois trabalha a autoestima dos alunos.<\/span><b>\u201cTenho alunos que nunca imaginaram fazer as coisas que fazem hoje, especialmente em um grupo grande\u201d<\/b><span style=\"font-weight: 400;\">, comenta Felipe. <\/span><b>\u201c\u00c0s vezes, a fam\u00edlia deixa muito tempo as pessoas com defici\u00eancia dentro de casa ou mesmo a falta de projetos, faz com que eles tenham uma pequena perspectiva de vida, mas podemos vivenciar a mudan\u00e7a na vida dos alunos, ap\u00f3s a participa\u00e7\u00e3o de atividades esportivas, porque s\u00e3o, especialmente, de inclus\u00e3o, <\/b><span style=\"font-weight: 400;\">conclui. <\/span><b>\u201c\u00c9 a maior delega\u00e7\u00e3o que a cidade j\u00e1 enviou, no ano passado, foram 10 alunos de 5 escolas; este ano s\u00e3o 11 escolas\u201d<\/b><span style=\"font-weight: 400;\">, completa.<\/span><\/p>\n<p style=\"text-align: justify;\"><span style=\"font-weight: 400;\">Em 2017, o Projeto Paradesporto realizou cerca de 90 atendimentos. S\u00f3 neste ano, j\u00e1 foram 110. <\/span><b>\u201cQuero que as pessoas nos vejam como ferramenta no processo de inclus\u00e3o\u201d<\/b><span style=\"font-weight: 400;\">, ratifica o professor.<\/span><\/p>\n<p style=\"text-align: justify;\"><span style=\"font-weight: 400;\">Acompanharam a equipe o professor Felipe de Oliveira Motta, coordenador do Projeto Paradesporto e professor da Escola Jos\u00e9 \u00c1lvares de Azevedo; professora Rosaura Caurio, do Projeto paradesporto e EMEF Frederico Ernesto Buchholz; Frederico Neves e Frederico Fran\u00e7a, estagi\u00e1rios do Projeto Paradesporto; professora Carine Fernandes, vice-diretora da Escola Jos\u00e9 Alvares de Azevedo; Dinair Fran\u00e7a, professora de Educa\u00e7\u00e3o F\u00edsica da EMEB Carmen Regina Teixeira Baldino; professor Marcio Fran\u00e7a e professora Paola Machado, vice-diretora da EMEF Peixoto Primo, al\u00e9m do atleta-guia, Nicolas Maxwell Pereira, e 4 m\u00e3es de alunos.<\/span><\/p>\n<p style=\"text-align: justify;\"><span style=\"font-weight: 400;\">\u201c<\/span><b>Gratid\u00e3o \u00e9 a palavra de ordem, simples assim. Estou muito grata por poder trabalhar no que gosto e poder participar de eventos como esse. Muito grata em ver que o esporte muda a vida das pessoas; ele une, re\u00fane e fortalece. Eu vi pessoas felizes e realizadas, competindo lealmente e fazendo amigos. O Paracergs 2018, para mim, foi um grande marco e ficar\u00e1 \u00a0para sempre na minha lembran\u00e7a e no meu cora\u00e7\u00e3o<\/b><span style=\"font-weight: 400;\">\u201d, destacou a professora Rosaura Caurio.<\/span><\/p>\n<p style=\"text-align: justify;\"><span style=\"font-weight: 400;\">\u201c<\/span><b>A participa\u00e7\u00e3o dos nossos alunos num evento deste porte fortalece a ideia de que estamos no caminho certo. A nossa equipe de trabalho, composta pelo coordenador Felipe Motta, professora Rosaura Caurio e os monitores Frederico Neves e Frederico Fran\u00e7a vem desenvolvendo um trabalho de alto n\u00edvel, pois utilizar o esporte como ferramenta de inclus\u00e3o social \u00e9 nosso objetivo, o qual estamos alcan\u00e7ando a cada ano que passa. Essa foi a maior delega\u00e7\u00e3o dos \u00faltimos anos a participar do Paracergs, e os resultados foram muito expressivos. Aguardaremos ansiosos pela listagem dos convocados do Estado do Rio Grande do Sul para a Paralimp\u00edada Nacional, na torcida para que tenhamos v\u00e1rios de nossos alunos entre eles<\/b><span style=\"font-weight: 400;\">\u201d, ressalta Leontine Santos, assessora de Educa\u00e7\u00e3o F\u00edsica da SMEd.<\/span><\/p>\n<p style=\"text-align: justify;\">\n<p style=\"text-align: justify;\"><b>Confira os alunos rio-grandinos premiados no Paracergs 2018:<\/b><\/p>\n<p style=\"text-align: justify;\"><b>Escola Jos\u00e9 \u00c1lvares de Azevedo<\/b><span style=\"font-weight: 400;\">: <\/span><\/p>\n<ul>\n<li style=\"text-align: justify;\"><span style=\"font-weight: 400;\">&#8211; Gabrielli Amaral, classe 11, categoria C, campe\u00e3 nos 100m, 400m e arremesso de peso.<\/span><\/li>\n<li style=\"text-align: justify;\"><span style=\"font-weight: 400;\">&#8211; Rhuan Duarte, Classe 11, categoria C, campe\u00e3o nos 100m, 400m e arremesso de peso.<\/span><\/li>\n<li style=\"text-align: justify;\"><span style=\"font-weight: 400;\">&#8211; Ayslan Fernandes, aguarda convoca\u00e7\u00e3o para a sele\u00e7\u00e3o ga\u00facha de Futebol de 5 (cegos)<\/span><\/li>\n<\/ul>\n<p style=\"text-align: justify;\"><b>EMEB Carmen Regina Teixeira Baldino: <\/b><\/p>\n<ul>\n<li style=\"text-align: justify;\"><span style=\"font-weight: 400;\">&#8211; Matheus da Gama, Classe 35\/36, categoria B, campe\u00e3o nos 60m, 150m e lan\u00e7amento de pelota<\/span><\/li>\n<\/ul>\n<p style=\"text-align: justify;\"><b>EMEF Frederico Ernesto Buchholz:<\/b><\/p>\n<ul>\n<li style=\"text-align: justify;\"><span style=\"font-weight: 400;\">&#8211; Natalia Siqueira, Categoria A, Classe 46, campe\u00e3 nos 60m, 150m e lan\u00e7amento de pelota<\/span><\/li>\n<\/ul>\n<p style=\"text-align: justify;\"><b>Escola Estadual Marc\u00edlio Dias:<\/b><\/p>\n<ul>\n<li style=\"text-align: justify;\"><span style=\"font-weight: 400;\">&#8211; Keimilyn Amaral, categoria A, classe 38, campe\u00e3 nos 60m, 150m e lan\u00e7amento de pelota.<\/span><\/li>\n<\/ul>\n<p style=\"text-align: justify;\"><b>EMEF Dolores Garcia: <\/b><\/p>\n<ul>\n<li style=\"text-align: justify;\"><span style=\"font-weight: 400;\">&#8211; Aaron Lucas Bonilla, categoria C, classe 35, campe\u00e3o nos 100m e arremesso de peso.<\/span><\/li>\n<\/ul>\n<p style=\"text-align: justify;\"><b>EMEF Peixoto Primo: <\/b><\/p>\n<ul>\n<li style=\"text-align: justify;\"><span style=\"font-weight: 400;\">&#8211; Bruna Gonzales, categoria B, Classe 36, campe\u00e3 nos 75m, 250m e arremesso de peso.<\/span><\/li>\n<li style=\"text-align: justify;\"><span style=\"font-weight: 400;\">&#8211; Matheus Munhoz, categoria C, Classe 20, participou dos 100m, arremesso de peso e salto em dist\u00e2ncia.<\/span><\/li>\n<\/ul>\n<p style=\"text-align: justify;\"><b>EMEF Admar Corr\u00eaa: <\/b><\/p>\n<ul>\n<li style=\"text-align: justify;\"><span style=\"font-weight: 400;\">&#8211; Tailander Martins, Categoria C, Classe 20, 3\u00ba lugar no arremesso de peso e no salto em dist\u00e2ncia<\/span><\/li>\n<\/ul>\n<p style=\"text-align: justify;\"><b>EMEF <\/b><b>Prof. Eli\u00e9zer de Carvalho Rios<\/b><b>: <\/b><\/p>\n<ul>\n<li style=\"text-align: justify;\"><span style=\"font-weight: 400;\">&#8211; C\u00e1ssio Rolim, Classe 20, participou no 400m, arremesso de peso e salto em dist\u00e2ncia<\/span><\/li>\n<\/ul>\n<p style=\"text-align: justify;\"><b>Escola CESAM:<\/b><\/p>\n<ul>\n<li style=\"text-align: justify;\"><span style=\"font-weight: 400;\">&#8211; Wellisson Dorneles, Categoria C, Classe 20, 2\u00ba nos 1500m e 3\u00ba nos 400m<\/span><\/li>\n<\/ul>\n<p style=\"text-align: justify;\"><b>EMEF Manoel Martins Mano:<\/b><\/p>\n<ul style=\"text-align: justify;\">\n<li style=\"text-align: justify;\"><span style=\"font-weight: 400;\">&#8211; Luciane Bica, Categoria C, Classe 20, 3\u00aa arremesso de peso, salto em dist\u00e2ncia e 400m<\/span><\/li>\n<\/ul>\n<p style=\"text-align: justify;\"><span style=\"font-weight: 400;\">Acesse <\/span><a href=\"https:\/\/www.facebook.com\/media\/set\/?set=a.1933888919996025.1073742009.337147619670171&amp;type=3\" target=\"_blank\" rel=\"noopener\"><b>aqui<\/b><\/a><span style=\"font-weight: 400;\"> para ver mais fotos do Paracergs 2018.<\/span><\/p>\n<p>&nbsp;<\/p>\n<p style=\"text-align: right;\"><em>SMEd<\/em><br \/>\n<em>Roberton Reis<\/em><br \/>\n<em>Com informa\u00e7\u00f5es da Assessoria de Educa\u00e7\u00e3o F\u00edsica<\/em><\/p>\n","protected":false},"excerpt":{"rendered":"<p>O munic\u00edpio de Rio Grande esteve mais uma vez representado no Campeonato Paradesportivo Estudantil do Rio Grande do Sul, o \u201cParacergs\u201d, que foi realizado nos dias 15 e 16 de junho, em Porto Alegre, e reuniu atletas de todo o Estado no Centro Estadual de Treinamento Esportivo.<\/p>\n","protected":false},"author":7,"featured_media":0,"comment_status":"closed","ping_status":"closed","sticky":false,"template":"","format":"standard","meta":{"footnotes":""},"categories":[1,13],"tags":[],"class_list":["post-27023","post","type-post","status-publish","format-standard","hentry","category-noticias","category-pedagogico"],"_links":{"self":[{"href":"https:\/\/www.riogrande.rs.gov.br\/smed\/index.php?rest_route=\/wp\/v2\/posts\/27023"}],"collection":[{"href":"https:\/\/www.riogrande.rs.gov.br\/smed\/index.php?rest_route=\/wp\/v2\/posts"}],"about":[{"href":"https:\/\/www.riogrande.rs.gov.br\/smed\/index.php?rest_route=\/wp\/v2\/types\/post"}],"author":[{"embeddable":true,"href":"https:\/\/www.riogrande.rs.gov.br\/smed\/index.php?rest_route=\/wp\/v2\/users\/7"}],"replies":[{"embeddable":true,"href":"https:\/\/www.riogrande.rs.gov.br\/smed\/index.php?rest_route=%2Fwp%2Fv2%2Fcomments&post=27023"}],"version-history":[{"count":1,"href":"https:\/\/www.riogrande.rs.gov.br\/smed\/index.php?rest_route=\/wp\/v2\/posts\/27023\/revisions"}],"predecessor-version":[{"id":27039,"href":"https:\/\/www.riogrande.rs.gov.br\/smed\/index.php?rest_route=\/wp\/v2\/posts\/27023\/revisions\/27039"}],"wp:attachment":[{"href":"https:\/\/www.riogrande.rs.gov.br\/smed\/index.php?rest_route=%2Fwp%2Fv2%2Fmedia&parent=27023"}],"wp:term":[{"taxonomy":"category","embeddable":true,"href":"https:\/\/www.riogrande.rs.gov.br\/smed\/index.php?rest_route=%2Fwp%2Fv2%2Fcategories&post=27023"},{"taxonomy":"post_tag","embeddable":true,"href":"https:\/\/www.riogrande.rs.gov.br\/smed\/index.php?rest_route=%2Fwp%2Fv2%2Ftags&post=27023"}],"curies":[{"name":"wp","href":"https:\/\/api.w.org\/{rel}","templated":true}]}}