{"id":27007,"date":"2018-06-21T14:20:02","date_gmt":"2018-06-21T17:20:02","guid":{"rendered":"http:\/\/www.riogrande.rs.gov.br\/smed\/?p=27007"},"modified":"2018-06-21T14:22:18","modified_gmt":"2018-06-21T17:22:18","slug":"27007","status":"publish","type":"post","link":"https:\/\/www.riogrande.rs.gov.br\/smed\/?p=27007","title":{"rendered":"SMEd realizou capacita\u00e7\u00e3o sobre o Projeto MPT na Escola para os Coordenadores e Supervisores Pedag\u00f3gicos da Rede Municipal"},"content":{"rendered":"\n\t\t<style type=\"text\/css\">\n\t\t\t#gallery-1 {\n\t\t\t\tmargin: auto;\n\t\t\t}\n\t\t\t#gallery-1 .gallery-item {\n\t\t\t\tfloat: left;\n\t\t\t\tmargin-top: 10px;\n\t\t\t\ttext-align: center;\n\t\t\t\twidth: 33%;\n\t\t\t}\n\t\t\t#gallery-1 img {\n\t\t\t\tborder: 2px solid #cfcfcf;\n\t\t\t}\n\t\t\t#gallery-1 .gallery-caption {\n\t\t\t\tmargin-left: 0;\n\t\t\t}\n\t\t\t\/* see gallery_shortcode() in wp-includes\/media.php *\/\n\t\t<\/style>\n\t\t<div id='gallery-1' class='gallery galleryid-27007 gallery-columns-3 gallery-size-thumbnail'><dl class='gallery-item'>\n\t\t\t<dt class='gallery-icon landscape'>\n\t\t\t\t<a href='https:\/\/www.riogrande.rs.gov.br\/smed\/wp-content\/uploads\/2018\/06\/20180621-ped-nos-image1.jpg' rel=\"lightbox[27007]\"><img loading=\"lazy\" decoding=\"async\" width=\"150\" height=\"150\" src=\"https:\/\/www.riogrande.rs.gov.br\/smed\/wp-content\/uploads\/2018\/06\/20180621-ped-nos-image1-150x150.jpg\" class=\"attachment-thumbnail size-thumbnail\" alt=\"\" aria-describedby=\"gallery-1-27008\" \/><\/a>\n\t\t\t<\/dt>\n\t\t\t\t<dd class='wp-caption-text gallery-caption' id='gallery-1-27008'>\n\t\t\t\tDivulga\u00e7\u00e3o\n\t\t\t\t<\/dd><\/dl><dl class='gallery-item'>\n\t\t\t<dt class='gallery-icon portrait'>\n\t\t\t\t<a href='https:\/\/www.riogrande.rs.gov.br\/smed\/wp-content\/uploads\/2018\/06\/20180621-ped-nos-image2.jpg' rel=\"lightbox[27007]\"><img loading=\"lazy\" decoding=\"async\" width=\"150\" height=\"150\" src=\"https:\/\/www.riogrande.rs.gov.br\/smed\/wp-content\/uploads\/2018\/06\/20180621-ped-nos-image2-150x150.jpg\" class=\"attachment-thumbnail size-thumbnail\" alt=\"\" aria-describedby=\"gallery-1-27009\" \/><\/a>\n\t\t\t<\/dt>\n\t\t\t\t<dd class='wp-caption-text gallery-caption' id='gallery-1-27009'>\n\t\t\t\tDivulga\u00e7\u00e3o\n\t\t\t\t<\/dd><\/dl><dl class='gallery-item'>\n\t\t\t<dt class='gallery-icon landscape'>\n\t\t\t\t<a href='https:\/\/www.riogrande.rs.gov.br\/smed\/wp-content\/uploads\/2018\/06\/20180621-ped-nos-image3.jpg' rel=\"lightbox[27007]\"><img loading=\"lazy\" decoding=\"async\" width=\"150\" height=\"150\" src=\"https:\/\/www.riogrande.rs.gov.br\/smed\/wp-content\/uploads\/2018\/06\/20180621-ped-nos-image3-150x150.jpg\" class=\"attachment-thumbnail size-thumbnail\" alt=\"\" aria-describedby=\"gallery-1-27010\" \/><\/a>\n\t\t\t<\/dt>\n\t\t\t\t<dd class='wp-caption-text gallery-caption' id='gallery-1-27010'>\n\t\t\t\tDivulga\u00e7\u00e3o\n\t\t\t\t<\/dd><\/dl><br style=\"clear: both\" \/><dl class='gallery-item'>\n\t\t\t<dt class='gallery-icon landscape'>\n\t\t\t\t<a href='https:\/\/www.riogrande.rs.gov.br\/smed\/wp-content\/uploads\/2018\/06\/20180621-ped-nos-image4.jpg' rel=\"lightbox[27007]\"><img loading=\"lazy\" decoding=\"async\" width=\"150\" height=\"150\" src=\"https:\/\/www.riogrande.rs.gov.br\/smed\/wp-content\/uploads\/2018\/06\/20180621-ped-nos-image4-150x150.jpg\" class=\"attachment-thumbnail size-thumbnail\" alt=\"\" aria-describedby=\"gallery-1-27011\" \/><\/a>\n\t\t\t<\/dt>\n\t\t\t\t<dd class='wp-caption-text gallery-caption' id='gallery-1-27011'>\n\t\t\t\tDivulga\u00e7\u00e3o\n\t\t\t\t<\/dd><\/dl><dl class='gallery-item'>\n\t\t\t<dt class='gallery-icon landscape'>\n\t\t\t\t<a href='https:\/\/www.riogrande.rs.gov.br\/smed\/wp-content\/uploads\/2018\/06\/20180621-ped-nos-image5.jpg' rel=\"lightbox[27007]\"><img loading=\"lazy\" decoding=\"async\" width=\"150\" height=\"150\" src=\"https:\/\/www.riogrande.rs.gov.br\/smed\/wp-content\/uploads\/2018\/06\/20180621-ped-nos-image5-150x150.jpg\" class=\"attachment-thumbnail size-thumbnail\" alt=\"\" aria-describedby=\"gallery-1-27012\" \/><\/a>\n\t\t\t<\/dt>\n\t\t\t\t<dd class='wp-caption-text gallery-caption' id='gallery-1-27012'>\n\t\t\t\tDivulga\u00e7\u00e3o\n\t\t\t\t<\/dd><\/dl><dl class='gallery-item'>\n\t\t\t<dt class='gallery-icon landscape'>\n\t\t\t\t<a href='https:\/\/www.riogrande.rs.gov.br\/smed\/wp-content\/uploads\/2018\/06\/20180621-ped-nos-image6.jpg' rel=\"lightbox[27007]\"><img loading=\"lazy\" decoding=\"async\" width=\"150\" height=\"150\" src=\"https:\/\/www.riogrande.rs.gov.br\/smed\/wp-content\/uploads\/2018\/06\/20180621-ped-nos-image6-150x150.jpg\" class=\"attachment-thumbnail size-thumbnail\" alt=\"\" aria-describedby=\"gallery-1-27013\" \/><\/a>\n\t\t\t<\/dt>\n\t\t\t\t<dd class='wp-caption-text gallery-caption' id='gallery-1-27013'>\n\t\t\t\tDivulga\u00e7\u00e3o\n\t\t\t\t<\/dd><\/dl><br style=\"clear: both\" \/><dl class='gallery-item'>\n\t\t\t<dt class='gallery-icon portrait'>\n\t\t\t\t<a href='https:\/\/www.riogrande.rs.gov.br\/smed\/wp-content\/uploads\/2018\/06\/20180621-ped-nos-image7.jpg' rel=\"lightbox[27007]\"><img loading=\"lazy\" decoding=\"async\" width=\"150\" height=\"150\" src=\"https:\/\/www.riogrande.rs.gov.br\/smed\/wp-content\/uploads\/2018\/06\/20180621-ped-nos-image7-150x150.jpg\" class=\"attachment-thumbnail size-thumbnail\" alt=\"\" aria-describedby=\"gallery-1-27014\" \/><\/a>\n\t\t\t<\/dt>\n\t\t\t\t<dd class='wp-caption-text gallery-caption' id='gallery-1-27014'>\n\t\t\t\tDivulga\u00e7\u00e3o\n\t\t\t\t<\/dd><\/dl><dl class='gallery-item'>\n\t\t\t<dt class='gallery-icon landscape'>\n\t\t\t\t<a href='https:\/\/www.riogrande.rs.gov.br\/smed\/wp-content\/uploads\/2018\/06\/20180621-ped-nos-image8.jpg' rel=\"lightbox[27007]\"><img loading=\"lazy\" decoding=\"async\" width=\"150\" height=\"150\" src=\"https:\/\/www.riogrande.rs.gov.br\/smed\/wp-content\/uploads\/2018\/06\/20180621-ped-nos-image8-150x150.jpg\" class=\"attachment-thumbnail size-thumbnail\" alt=\"\" aria-describedby=\"gallery-1-27015\" \/><\/a>\n\t\t\t<\/dt>\n\t\t\t\t<dd class='wp-caption-text gallery-caption' id='gallery-1-27015'>\n\t\t\t\tDivulga\u00e7\u00e3o\n\t\t\t\t<\/dd><\/dl><dl class='gallery-item'>\n\t\t\t<dt class='gallery-icon landscape'>\n\t\t\t\t<a href='https:\/\/www.riogrande.rs.gov.br\/smed\/wp-content\/uploads\/2018\/06\/20180621-ped-nos-image9.jpg' rel=\"lightbox[27007]\"><img loading=\"lazy\" decoding=\"async\" width=\"150\" height=\"150\" src=\"https:\/\/www.riogrande.rs.gov.br\/smed\/wp-content\/uploads\/2018\/06\/20180621-ped-nos-image9-150x150.jpg\" class=\"attachment-thumbnail size-thumbnail\" alt=\"\" aria-describedby=\"gallery-1-27016\" \/><\/a>\n\t\t\t<\/dt>\n\t\t\t\t<dd class='wp-caption-text gallery-caption' id='gallery-1-27016'>\n\t\t\t\tDivulga\u00e7\u00e3o\n\t\t\t\t<\/dd><\/dl><br style=\"clear: both\" \/>\n\t\t<\/div>\n\n<p style=\"text-align: justify;\"><span style=\"font-weight: 400;\">A Secretaria de Munic\u00edpio da Educa\u00e7\u00e3o de Rio Grande (SMEd), atrav\u00e9s do N\u00facleo de Orienta\u00e7\u00e3o e Supervis\u00e3o, realizou forma\u00e7\u00e3o com os Coordenadores e Supervisores Pedag\u00f3gicos dos Anos Iniciais e dos Anos Finais do Ensino Fundamental, que atuam nas escolas da rede p\u00fablica municipal de ensino, sobre o \u201cPrograma PETECA\u201d, proposto pelo Minist\u00e9rio P\u00fablico do Trabalho: \u201cMPT na Escola\u201d.<\/span><\/p>\n<p style=\"text-align: justify;\"><!--more--><\/p>\n<p style=\"text-align: justify;\"><span style=\"font-weight: 400;\">A reuni\u00e3o, que objetivou fomentar as discuss\u00f5es nos espa\u00e7os escolares sobre a \u201c<strong>Erradica\u00e7\u00e3o do trabalho infantil e prote\u00e7\u00e3o do trabalho adolescente<\/strong>\u201d, iniciou com a acolhida aos Coordenadores, dispondo na \u201c<strong>rede<\/strong>\u201d (s\u00edmbolo da proposta formativa no ano de 2018) um \u201c<strong>cata-vento<\/strong>\u201d com frases sobre o trabalho infantil, onde foi poss\u00edvel come\u00e7ar as discuss\u00f5es sobre a tem\u00e1tica.<\/span><\/p>\n<p style=\"text-align: justify;\"><span style=\"font-weight: 400;\">Na sequ\u00eancia, o v\u00eddeo \u201c<strong>Vida de Maria<\/strong>\u201d suscitou reflex\u00f5es acerca do desafio da escola nesse \u201c<strong>romper<\/strong>\u201d de ciclos culturais, promovido atrav\u00e9s do conhecimento, possibilitando diferentes perspectivas de vida aos educandos.<\/span><\/p>\n<p style=\"text-align: justify;\"><span style=\"font-weight: 400;\">\u201c<\/span><b>O papel da escola no combate ao trabalho infantil \u00e9 necess\u00e1rio diante da conjuntura de dados revelados em nosso Estado<\/b><span style=\"font-weight: 400;\">\u201d, afirmou Sandra Greque, coordenadora do Projeto na esfera Municipal, que tamb\u00e9m enfatizou &#8220;que<\/span><b> a \u2018Pesquisa Nacional por Amostra de Domic\u00edlios-PNAD\u201d revela que o trabalho infantil est\u00e1 associado a \u00edndices menores de escolariza\u00e7\u00e3o, bem como baixo rendimento econ\u00f4mico familiar. Mesmo as crian\u00e7as matriculadas na escola, quando trabalham, t\u00eam reduzido seu rendimento e aumentado o absente\u00edsmo e a evas\u00e3o escolar, consequ\u00eancias estas que chegam diretamente ao \u00e2mbito escolar<\/b><span style=\"font-weight: 400;\">\u201d<\/span><\/p>\n<p style=\"text-align: justify;\"><span style=\"font-weight: 400;\">Os profissionais do Programa de Erradica\u00e7\u00e3o ao Trabalho Infantil do Munic\u00edpio\/PETI participaram da reuni\u00e3o e trouxeram a divulga\u00e7\u00e3o das metas do programa na esfera municipal, explicando como o mesmo \u00e9 desenvolvido e monitorado na cidade do Rio Grande.<\/span><\/p>\n<p style=\"text-align: justify;\"><span style=\"font-weight: 400;\">O material de apoio ao desenvolvimento do Programa PETECA, que \u00e9 composto por dois jogos de tabuleiros, um caderno de orienta\u00e7\u00f5es pedag\u00f3gicas, um cartaz informativo e uma revista de hist\u00f3rias em quadrinhos foi entregue nas escolas e est\u00e1 sendo desenvolvido com as turmas do 4\u00ba ao 7\u00ba Anos. O cronograma de atividades do MPT na escola segue com as a\u00e7\u00f5es das etapas Municipal, Estadual e Nacional.<\/span><\/p>\n<p>&nbsp;<\/p>\n<p style=\"text-align: right;\"><em>SMEd<\/em><br \/>\n<em>Roberton Reis<\/em><br \/>\n<em>Com informa\u00e7\u00f5es do N\u00facleo de Orienta\u00e7\u00e3o e Supervis\u00e3o<\/em><\/p>\n","protected":false},"excerpt":{"rendered":"<p>A Secretaria de Munic\u00edpio da Educa\u00e7\u00e3o de Rio Grande (SMEd), atrav\u00e9s do N\u00facleo de Orienta\u00e7\u00e3o e Supervis\u00e3o, realizou forma\u00e7\u00e3o com os Coordenadores e Supervisores Pedag\u00f3gicos dos Anos Iniciais e dos Anos Finais do Ensino Fundamental, que atuam nas escolas da rede p\u00fablica municipal de ensino, sobre o \u201cPrograma PETECA\u201d, proposto pelo Minist\u00e9rio P\u00fablico do Trabalho: [&hellip;]<\/p>\n","protected":false},"author":7,"featured_media":0,"comment_status":"closed","ping_status":"closed","sticky":false,"template":"","format":"standard","meta":{"footnotes":""},"categories":[1,13],"tags":[],"class_list":["post-27007","post","type-post","status-publish","format-standard","hentry","category-noticias","category-pedagogico"],"_links":{"self":[{"href":"https:\/\/www.riogrande.rs.gov.br\/smed\/index.php?rest_route=\/wp\/v2\/posts\/27007"}],"collection":[{"href":"https:\/\/www.riogrande.rs.gov.br\/smed\/index.php?rest_route=\/wp\/v2\/posts"}],"about":[{"href":"https:\/\/www.riogrande.rs.gov.br\/smed\/index.php?rest_route=\/wp\/v2\/types\/post"}],"author":[{"embeddable":true,"href":"https:\/\/www.riogrande.rs.gov.br\/smed\/index.php?rest_route=\/wp\/v2\/users\/7"}],"replies":[{"embeddable":true,"href":"https:\/\/www.riogrande.rs.gov.br\/smed\/index.php?rest_route=%2Fwp%2Fv2%2Fcomments&post=27007"}],"version-history":[{"count":3,"href":"https:\/\/www.riogrande.rs.gov.br\/smed\/index.php?rest_route=\/wp\/v2\/posts\/27007\/revisions"}],"predecessor-version":[{"id":27019,"href":"https:\/\/www.riogrande.rs.gov.br\/smed\/index.php?rest_route=\/wp\/v2\/posts\/27007\/revisions\/27019"}],"wp:attachment":[{"href":"https:\/\/www.riogrande.rs.gov.br\/smed\/index.php?rest_route=%2Fwp%2Fv2%2Fmedia&parent=27007"}],"wp:term":[{"taxonomy":"category","embeddable":true,"href":"https:\/\/www.riogrande.rs.gov.br\/smed\/index.php?rest_route=%2Fwp%2Fv2%2Fcategories&post=27007"},{"taxonomy":"post_tag","embeddable":true,"href":"https:\/\/www.riogrande.rs.gov.br\/smed\/index.php?rest_route=%2Fwp%2Fv2%2Ftags&post=27007"}],"curies":[{"name":"wp","href":"https:\/\/api.w.org\/{rel}","templated":true}]}}