{"id":27002,"date":"2018-06-20T18:23:53","date_gmt":"2018-06-20T21:23:53","guid":{"rendered":"http:\/\/www.riogrande.rs.gov.br\/smed\/?p=27002"},"modified":"2018-06-20T18:23:53","modified_gmt":"2018-06-20T21:23:53","slug":"smed-realizara-formacao-mensal-com-professores-da-educacao-especial-inclusiva-nos-dias-21-e-22","status":"publish","type":"post","link":"https:\/\/www.riogrande.rs.gov.br\/smed\/?p=27002","title":{"rendered":"SMEd realizar\u00e1 forma\u00e7\u00e3o mensal com Professores da Educa\u00e7\u00e3o Especial\/Inclusiva nos dias 21 e 22"},"content":{"rendered":"<p style=\"text-align: justify;\"><span style=\"font-weight: 400;\">A Secretaria de Munic\u00edpio da Educa\u00e7\u00e3o de Rio Grande (SMEd), atrav\u00e9s do N\u00facleo de Diversidade e Inclus\u00e3o (NDI), realizar\u00e1 a forma\u00e7\u00e3o mensal com os Professores da Educa\u00e7\u00e3o Especial\/Inclusiva (Salas de Recursos e Salas de Recursos de Inclus\u00e3o), que atuam nas escolas da rede p\u00fablica municipal de ensino, nos dias <\/span><b>21 e 22 de junho<\/b><span style=\"font-weight: 400;\">, no <\/span><b>Audit\u00f3rio da EMEF Cipriano Porto Alegre<\/b><span style=\"font-weight: 400;\">.<\/span><\/p>\n<p style=\"text-align: justify;\"><!--more--><\/p>\n<p style=\"text-align: justify;\"><span style=\"font-weight: 400;\">De acordo com o N\u00facleo de Diversidade e Inclus\u00e3o, a reuni\u00e3o\/forma\u00e7\u00e3o do dia 21, que acontecer\u00e1 \u00e0s 8h30min, \u00e9 para os profissionais que atuam no turno da manh\u00e3; j\u00e1 a do dia 22, que ocorrer\u00e1 \u00e0s 14h, para os que atuam no turno da tarde. Os profissionais que trabalham no turno vespertino ou noite, poder\u00e3o optar por comparecer no dia 21 ou no dia 22.<\/span><\/p>\n<p style=\"text-align: right;\"><em>SMEd<\/em><br \/>\n<em>Roberton Reis<\/em><br \/>\n<em>Com informa\u00e7\u00f5es do N\u00facleo de Diversidade e Inclus\u00e3o<\/em><\/p>\n","protected":false},"excerpt":{"rendered":"<p>A Secretaria de Munic\u00edpio da Educa\u00e7\u00e3o de Rio Grande (SMEd), atrav\u00e9s do N\u00facleo de Diversidade e Inclus\u00e3o (NDI), realizar\u00e1 a forma\u00e7\u00e3o mensal com os Professores da Educa\u00e7\u00e3o Especial\/Inclusiva (Salas de Recursos e Salas de Recursos de Inclus\u00e3o), que atuam nas escolas da rede p\u00fablica municipal de ensino, nos dias 21 e 22 de junho, no [&hellip;]<\/p>\n","protected":false},"author":7,"featured_media":0,"comment_status":"closed","ping_status":"closed","sticky":false,"template":"","format":"standard","meta":{"footnotes":""},"categories":[1,13],"tags":[],"class_list":["post-27002","post","type-post","status-publish","format-standard","hentry","category-noticias","category-pedagogico"],"_links":{"self":[{"href":"https:\/\/www.riogrande.rs.gov.br\/smed\/index.php?rest_route=\/wp\/v2\/posts\/27002"}],"collection":[{"href":"https:\/\/www.riogrande.rs.gov.br\/smed\/index.php?rest_route=\/wp\/v2\/posts"}],"about":[{"href":"https:\/\/www.riogrande.rs.gov.br\/smed\/index.php?rest_route=\/wp\/v2\/types\/post"}],"author":[{"embeddable":true,"href":"https:\/\/www.riogrande.rs.gov.br\/smed\/index.php?rest_route=\/wp\/v2\/users\/7"}],"replies":[{"embeddable":true,"href":"https:\/\/www.riogrande.rs.gov.br\/smed\/index.php?rest_route=%2Fwp%2Fv2%2Fcomments&post=27002"}],"version-history":[{"count":1,"href":"https:\/\/www.riogrande.rs.gov.br\/smed\/index.php?rest_route=\/wp\/v2\/posts\/27002\/revisions"}],"predecessor-version":[{"id":27003,"href":"https:\/\/www.riogrande.rs.gov.br\/smed\/index.php?rest_route=\/wp\/v2\/posts\/27002\/revisions\/27003"}],"wp:attachment":[{"href":"https:\/\/www.riogrande.rs.gov.br\/smed\/index.php?rest_route=%2Fwp%2Fv2%2Fmedia&parent=27002"}],"wp:term":[{"taxonomy":"category","embeddable":true,"href":"https:\/\/www.riogrande.rs.gov.br\/smed\/index.php?rest_route=%2Fwp%2Fv2%2Fcategories&post=27002"},{"taxonomy":"post_tag","embeddable":true,"href":"https:\/\/www.riogrande.rs.gov.br\/smed\/index.php?rest_route=%2Fwp%2Fv2%2Ftags&post=27002"}],"curies":[{"name":"wp","href":"https:\/\/api.w.org\/{rel}","templated":true}]}}