{"id":26993,"date":"2018-06-19T16:26:59","date_gmt":"2018-06-19T19:26:59","guid":{"rendered":"http:\/\/www.riogrande.rs.gov.br\/smed\/?p=26993"},"modified":"2018-06-19T16:26:59","modified_gmt":"2018-06-19T19:26:59","slug":"matematizando-a-copa-do-mundo-2018-na-emef-prof-a-zenir-de-souza-braga","status":"publish","type":"post","link":"https:\/\/www.riogrande.rs.gov.br\/smed\/?p=26993","title":{"rendered":"&#8220;Matematizando a Copa do Mundo 2018&#8221; na EMEF Prof.\u00aa Zenir de Souza Braga"},"content":{"rendered":"<div id=\"attachment_26994\" style=\"width: 495px\" class=\"wp-caption aligncenter\"><a href=\"http:\/\/www.riogrande.rs.gov.br\/smed\/wp-content\/uploads\/2018\/06\/20180619-ped-zenir-image1.jpg\" rel=\"lightbox[26993]\"><img loading=\"lazy\" decoding=\"async\" aria-describedby=\"caption-attachment-26994\" class=\"size-medium wp-image-26994\" src=\"http:\/\/www.riogrande.rs.gov.br\/smed\/wp-content\/uploads\/2018\/06\/20180619-ped-zenir-image1-485x273.jpg\" alt=\"\" width=\"485\" height=\"273\" srcset=\"https:\/\/www.riogrande.rs.gov.br\/smed\/wp-content\/uploads\/2018\/06\/20180619-ped-zenir-image1-485x273.jpg 485w, https:\/\/www.riogrande.rs.gov.br\/smed\/wp-content\/uploads\/2018\/06\/20180619-ped-zenir-image1-768x432.jpg 768w, https:\/\/www.riogrande.rs.gov.br\/smed\/wp-content\/uploads\/2018\/06\/20180619-ped-zenir-image1-368x207.jpg 368w, https:\/\/www.riogrande.rs.gov.br\/smed\/wp-content\/uploads\/2018\/06\/20180619-ped-zenir-image1.jpg 800w\" sizes=\"(max-width: 485px) 100vw, 485px\" \/><\/a><p id=\"caption-attachment-26994\" class=\"wp-caption-text\">Divulga\u00e7\u00e3o<\/p><\/div>\n<p style=\"text-align: justify;\">Na \u00faltima sexta-feira, dia <b>15 de junho<\/b>, os alunos dos Anos Finais da Escola Municipal de Ensino Fundamental <b>Prof.\u00aa Zenir de Souza Braga<\/b>, que est\u00e1 localizada no bairro Humait\u00e1, coordenados pela professora N\u00e1dia Barcelo Martins, da disciplina de Matem\u00e1tica, confeccionaram material referente \u00e0 Copa do Mundo 2018.<\/p>\n<p style=\"text-align: justify;\"><!--more--><\/p>\n<p style=\"text-align: justify;\">\n<p style=\"text-align: justify;\">A atividade, denominada &#8220;<b>Matematizando a Copa do Mundo 2018<\/b>&#8220;, envolveu alunos da turma 73, que pesquisaram dados de alguns pa\u00edses que est\u00e3o disputando a Copa do Mundo (capital, bandeira, moeda, l\u00edngua, base da economia); \u00a0e dos 9\u00ba Anos, que confeccionaram maquetes sobre pontos tur\u00edsticos dos pa\u00edses, onde ser\u00e3o analisadas as formas encontradas, per\u00edmetros e \u00e1reas existentes. Os dados coletados foram colocados num cartaz e os mesmos foram analisados e discutidos em sala de aula.<\/p>\n<p>&nbsp;<\/p>\n<p style=\"text-align: right;\"><em>SMEd<\/em><br \/>\n<em>Roberton Reis<\/em><br \/>\n<em>Com informa\u00e7\u00f5es da EMEF Prof.\u00aa Zenir de Souza Braga<\/em><\/p>\n","protected":false},"excerpt":{"rendered":"<p>Na \u00faltima sexta-feira, dia 15 de junho, os alunos dos Anos Finais da Escola Municipal de Ensino Fundamental Prof.\u00aa Zenir de Souza Braga, que est\u00e1 localizada no bairro Humait\u00e1, coordenados pela professora N\u00e1dia Barcelo Martins, da disciplina de Matem\u00e1tica, confeccionaram material referente \u00e0 Copa do Mundo 2018.<\/p>\n","protected":false},"author":7,"featured_media":0,"comment_status":"closed","ping_status":"closed","sticky":false,"template":"","format":"standard","meta":{"footnotes":""},"categories":[1,13],"tags":[],"class_list":["post-26993","post","type-post","status-publish","format-standard","hentry","category-noticias","category-pedagogico"],"_links":{"self":[{"href":"https:\/\/www.riogrande.rs.gov.br\/smed\/index.php?rest_route=\/wp\/v2\/posts\/26993"}],"collection":[{"href":"https:\/\/www.riogrande.rs.gov.br\/smed\/index.php?rest_route=\/wp\/v2\/posts"}],"about":[{"href":"https:\/\/www.riogrande.rs.gov.br\/smed\/index.php?rest_route=\/wp\/v2\/types\/post"}],"author":[{"embeddable":true,"href":"https:\/\/www.riogrande.rs.gov.br\/smed\/index.php?rest_route=\/wp\/v2\/users\/7"}],"replies":[{"embeddable":true,"href":"https:\/\/www.riogrande.rs.gov.br\/smed\/index.php?rest_route=%2Fwp%2Fv2%2Fcomments&post=26993"}],"version-history":[{"count":1,"href":"https:\/\/www.riogrande.rs.gov.br\/smed\/index.php?rest_route=\/wp\/v2\/posts\/26993\/revisions"}],"predecessor-version":[{"id":26995,"href":"https:\/\/www.riogrande.rs.gov.br\/smed\/index.php?rest_route=\/wp\/v2\/posts\/26993\/revisions\/26995"}],"wp:attachment":[{"href":"https:\/\/www.riogrande.rs.gov.br\/smed\/index.php?rest_route=%2Fwp%2Fv2%2Fmedia&parent=26993"}],"wp:term":[{"taxonomy":"category","embeddable":true,"href":"https:\/\/www.riogrande.rs.gov.br\/smed\/index.php?rest_route=%2Fwp%2Fv2%2Fcategories&post=26993"},{"taxonomy":"post_tag","embeddable":true,"href":"https:\/\/www.riogrande.rs.gov.br\/smed\/index.php?rest_route=%2Fwp%2Fv2%2Ftags&post=26993"}],"curies":[{"name":"wp","href":"https:\/\/api.w.org\/{rel}","templated":true}]}}