{"id":26952,"date":"2018-06-15T15:22:30","date_gmt":"2018-06-15T18:22:30","guid":{"rendered":"http:\/\/www.riogrande.rs.gov.br\/smed\/?p=26952"},"modified":"2018-06-15T15:22:30","modified_gmt":"2018-06-15T18:22:30","slug":"as-contribuicoes-da-neurociencia-para-a-pratica-docente-encontro-formativo-promovido-pela-smed-acontecera-no-dia-26","status":"publish","type":"post","link":"https:\/\/www.riogrande.rs.gov.br\/smed\/?p=26952","title":{"rendered":"\u201cAs Contribui\u00e7\u00f5es da Neuroci\u00eancia para a Pr\u00e1tica Docente\u201d: Encontro Formativo promovido pela SMEd acontecer\u00e1 no dia 26"},"content":{"rendered":"<p style=\"text-align: justify;\">A Secretaria de Munic\u00edpio da Educa\u00e7\u00e3o de Rio Grande (SMEd), atrav\u00e9s dos N\u00facleos dos Anos Iniciais e Finais do Ensino Fundamental, promover\u00e1, no dia <b>26 de junho<\/b>, \u00e0s <b>14h<\/b>, no <b>Teatro Municipal<\/b>, Encontro Formativo \u201c<b>As Contribui\u00e7\u00f5es da Neuroci\u00eancia para a Pr\u00e1tica Docente\u201d<\/b>, com a palestra da Prof.\u00aa Dr.\u00aa Fernanda Antoniolo Hammes de Oliveira.<\/p>\n<p><!--more--><\/p>\n<p>&nbsp;<\/p>\n<p style=\"text-align: justify;\">Para participar do Encontro, os(as) professores(as) do Ensino Fundamental que atuam nas escolas da rede p\u00fablica municipal de ensino devem realizar a inscri\u00e7\u00e3o, no per\u00edodo <b>de 11 a 21 de junho<\/b>, atrav\u00e9s do site <a href=\"http:\/\/www.riogrande.rs.gov.br\/smed\" target=\"_blank\" rel=\"noopener\"><b>www.riogrande.rs.gov.br\/smed<\/b><\/a><\/p>\n<p style=\"text-align: justify;\">As vagas s\u00e3o limitadas e as inscri\u00e7\u00f5es ser\u00e3o encerradas no momento em que as mesmas forem preenchidas. Clique <a href=\"https:\/\/docs.google.com\/forms\/d\/e\/1FAIpQLSdwB44l1PEePdrR-JdkiSSFcNu078Gfg-G_4sBlaxkIhvSHbw\/viewform\" target=\"_blank\" rel=\"noopener\"><b>AQUI<\/b><\/a> para fazer a sua inscri\u00e7\u00e3o.<\/p>\n<p>&nbsp;<\/p>\n<p style=\"text-align: right;\"><em>SMEd<\/em><br \/>\n<em>Roberton Reis<\/em><br \/>\n<em>Com informa\u00e7\u00f5es dos N\u00facleos dos Anos Iniciais e Finais do Ensino Fundamental<\/em><\/p>\n","protected":false},"excerpt":{"rendered":"<p>A Secretaria de Munic\u00edpio da Educa\u00e7\u00e3o de Rio Grande (SMEd), atrav\u00e9s dos N\u00facleos dos Anos Iniciais e Finais do Ensino Fundamental, promover\u00e1, no dia 26 de junho, \u00e0s 14h, no Teatro Municipal, Encontro Formativo \u201cAs Contribui\u00e7\u00f5es da Neuroci\u00eancia para a Pr\u00e1tica Docente\u201d, com a palestra da Prof.\u00aa Dr.\u00aa Fernanda Antoniolo Hammes de Oliveira.<\/p>\n","protected":false},"author":7,"featured_media":0,"comment_status":"closed","ping_status":"closed","sticky":false,"template":"","format":"standard","meta":{"footnotes":""},"categories":[1,13],"tags":[],"class_list":["post-26952","post","type-post","status-publish","format-standard","hentry","category-noticias","category-pedagogico"],"_links":{"self":[{"href":"https:\/\/www.riogrande.rs.gov.br\/smed\/index.php?rest_route=\/wp\/v2\/posts\/26952"}],"collection":[{"href":"https:\/\/www.riogrande.rs.gov.br\/smed\/index.php?rest_route=\/wp\/v2\/posts"}],"about":[{"href":"https:\/\/www.riogrande.rs.gov.br\/smed\/index.php?rest_route=\/wp\/v2\/types\/post"}],"author":[{"embeddable":true,"href":"https:\/\/www.riogrande.rs.gov.br\/smed\/index.php?rest_route=\/wp\/v2\/users\/7"}],"replies":[{"embeddable":true,"href":"https:\/\/www.riogrande.rs.gov.br\/smed\/index.php?rest_route=%2Fwp%2Fv2%2Fcomments&post=26952"}],"version-history":[{"count":1,"href":"https:\/\/www.riogrande.rs.gov.br\/smed\/index.php?rest_route=\/wp\/v2\/posts\/26952\/revisions"}],"predecessor-version":[{"id":26953,"href":"https:\/\/www.riogrande.rs.gov.br\/smed\/index.php?rest_route=\/wp\/v2\/posts\/26952\/revisions\/26953"}],"wp:attachment":[{"href":"https:\/\/www.riogrande.rs.gov.br\/smed\/index.php?rest_route=%2Fwp%2Fv2%2Fmedia&parent=26952"}],"wp:term":[{"taxonomy":"category","embeddable":true,"href":"https:\/\/www.riogrande.rs.gov.br\/smed\/index.php?rest_route=%2Fwp%2Fv2%2Fcategories&post=26952"},{"taxonomy":"post_tag","embeddable":true,"href":"https:\/\/www.riogrande.rs.gov.br\/smed\/index.php?rest_route=%2Fwp%2Fv2%2Ftags&post=26952"}],"curies":[{"name":"wp","href":"https:\/\/api.w.org\/{rel}","templated":true}]}}