{"id":26949,"date":"2018-06-15T15:15:50","date_gmt":"2018-06-15T18:15:50","guid":{"rendered":"http:\/\/www.riogrande.rs.gov.br\/smed\/?p=26949"},"modified":"2018-06-15T15:15:50","modified_gmt":"2018-06-15T18:15:50","slug":"1o-viva-mulher-acao-dedicada-as-maes-dos-alunos-da-emee-maria-lucia-luzzardi-acontecera-no-dia-19","status":"publish","type":"post","link":"https:\/\/www.riogrande.rs.gov.br\/smed\/?p=26949","title":{"rendered":"\u201c1\u00ba Viva Mulher\u201d: A\u00e7\u00e3o dedicada \u00e0s M\u00e3es dos Alunos da EMEE Maria Lucia Luzzardi acontecer\u00e1 no dia 19"},"content":{"rendered":"<div id=\"attachment_26950\" style=\"width: 495px\" class=\"wp-caption aligncenter\"><a href=\"http:\/\/www.riogrande.rs.gov.br\/smed\/wp-content\/uploads\/2018\/06\/20180615-ped-luzzardi-image1.jpg\" rel=\"lightbox[26949]\"><img loading=\"lazy\" decoding=\"async\" aria-describedby=\"caption-attachment-26950\" class=\"size-medium wp-image-26950\" src=\"http:\/\/www.riogrande.rs.gov.br\/smed\/wp-content\/uploads\/2018\/06\/20180615-ped-luzzardi-image1-485x535.jpg\" alt=\"\" width=\"485\" height=\"535\" srcset=\"https:\/\/www.riogrande.rs.gov.br\/smed\/wp-content\/uploads\/2018\/06\/20180615-ped-luzzardi-image1-485x535.jpg 485w, https:\/\/www.riogrande.rs.gov.br\/smed\/wp-content\/uploads\/2018\/06\/20180615-ped-luzzardi-image1-768x848.jpg 768w, https:\/\/www.riogrande.rs.gov.br\/smed\/wp-content\/uploads\/2018\/06\/20180615-ped-luzzardi-image1-188x207.jpg 188w, https:\/\/www.riogrande.rs.gov.br\/smed\/wp-content\/uploads\/2018\/06\/20180615-ped-luzzardi-image1.jpg 800w\" sizes=\"(max-width: 485px) 100vw, 485px\" \/><\/a><p id=\"caption-attachment-26950\" class=\"wp-caption-text\">Divulga\u00e7\u00e3o<\/p><\/div>\n<p style=\"text-align: justify;\">Na pr\u00f3xima ter\u00e7a-feira, dia <b>19 de junho<\/b>, das 8h30min \u00e0s 11h30min e das 14h \u00e0s 17h, na Sociedade Cultural \u00c1guia Branca, acontecer\u00e1 o \u201c<b>1\u00ba Viva Mulher<\/b>\u201d, a\u00e7\u00e3o social promovida atrav\u00e9s da parceria entre o Psic\u00f3logo Vin\u00edcius Rodrigues, a Escola Municipal de Educa\u00e7\u00e3o Especial Maria Lucia Luzzardi e a Associa\u00e7\u00e3o de Pais e Amigos dos Autistas de Rio Grande (AMAR), e elaborada especialmente para todas as m\u00e3es de da Escola.<\/p>\n<p style=\"text-align: right;\"><em>SMEd<\/em><br \/>\n<em>Roberton Reis<\/em><br \/>\n<em>Com informa\u00e7\u00f5es da EMEE Maria Lucia Luzzardi<\/em><\/p>\n","protected":false},"excerpt":{"rendered":"<p>Na pr\u00f3xima ter\u00e7a-feira, dia 19 de junho, das 8h30min \u00e0s 11h30min e das 14h \u00e0s 17h, na Sociedade Cultural \u00c1guia Branca, acontecer\u00e1 o \u201c1\u00ba Viva Mulher\u201d, a\u00e7\u00e3o social promovida atrav\u00e9s da parceria entre o Psic\u00f3logo Vin\u00edcius Rodrigues, a Escola Municipal de Educa\u00e7\u00e3o Especial Maria Lucia Luzzardi e a Associa\u00e7\u00e3o de Pais e Amigos dos Autistas [&hellip;]<\/p>\n","protected":false},"author":7,"featured_media":0,"comment_status":"closed","ping_status":"closed","sticky":false,"template":"","format":"standard","meta":{"footnotes":""},"categories":[1,13],"tags":[],"class_list":["post-26949","post","type-post","status-publish","format-standard","hentry","category-noticias","category-pedagogico"],"_links":{"self":[{"href":"https:\/\/www.riogrande.rs.gov.br\/smed\/index.php?rest_route=\/wp\/v2\/posts\/26949"}],"collection":[{"href":"https:\/\/www.riogrande.rs.gov.br\/smed\/index.php?rest_route=\/wp\/v2\/posts"}],"about":[{"href":"https:\/\/www.riogrande.rs.gov.br\/smed\/index.php?rest_route=\/wp\/v2\/types\/post"}],"author":[{"embeddable":true,"href":"https:\/\/www.riogrande.rs.gov.br\/smed\/index.php?rest_route=\/wp\/v2\/users\/7"}],"replies":[{"embeddable":true,"href":"https:\/\/www.riogrande.rs.gov.br\/smed\/index.php?rest_route=%2Fwp%2Fv2%2Fcomments&post=26949"}],"version-history":[{"count":1,"href":"https:\/\/www.riogrande.rs.gov.br\/smed\/index.php?rest_route=\/wp\/v2\/posts\/26949\/revisions"}],"predecessor-version":[{"id":26951,"href":"https:\/\/www.riogrande.rs.gov.br\/smed\/index.php?rest_route=\/wp\/v2\/posts\/26949\/revisions\/26951"}],"wp:attachment":[{"href":"https:\/\/www.riogrande.rs.gov.br\/smed\/index.php?rest_route=%2Fwp%2Fv2%2Fmedia&parent=26949"}],"wp:term":[{"taxonomy":"category","embeddable":true,"href":"https:\/\/www.riogrande.rs.gov.br\/smed\/index.php?rest_route=%2Fwp%2Fv2%2Fcategories&post=26949"},{"taxonomy":"post_tag","embeddable":true,"href":"https:\/\/www.riogrande.rs.gov.br\/smed\/index.php?rest_route=%2Fwp%2Fv2%2Ftags&post=26949"}],"curies":[{"name":"wp","href":"https:\/\/api.w.org\/{rel}","templated":true}]}}