{"id":26937,"date":"2018-06-15T15:08:06","date_gmt":"2018-06-15T18:08:06","guid":{"rendered":"http:\/\/www.riogrande.rs.gov.br\/smed\/?p=26937"},"modified":"2018-06-15T15:08:55","modified_gmt":"2018-06-15T18:08:55","slug":"escola-bilingue-promove-a-inclusao-atraves-do-esporte","status":"publish","type":"post","link":"https:\/\/www.riogrande.rs.gov.br\/smed\/?p=26937","title":{"rendered":"ESCOLA BIL\u00cdNGUE PROMOVE A INCLUS\u00c3O ATRAV\u00c9S DO ESPORTE"},"content":{"rendered":"\n\t\t<style type=\"text\/css\">\n\t\t\t#gallery-1 {\n\t\t\t\tmargin: auto;\n\t\t\t}\n\t\t\t#gallery-1 .gallery-item {\n\t\t\t\tfloat: left;\n\t\t\t\tmargin-top: 10px;\n\t\t\t\ttext-align: center;\n\t\t\t\twidth: 33%;\n\t\t\t}\n\t\t\t#gallery-1 img {\n\t\t\t\tborder: 2px solid #cfcfcf;\n\t\t\t}\n\t\t\t#gallery-1 .gallery-caption {\n\t\t\t\tmargin-left: 0;\n\t\t\t}\n\t\t\t\/* see gallery_shortcode() in wp-includes\/media.php *\/\n\t\t<\/style>\n\t\t<div id='gallery-1' class='gallery galleryid-26937 gallery-columns-3 gallery-size-thumbnail'><dl class='gallery-item'>\n\t\t\t<dt class='gallery-icon landscape'>\n\t\t\t\t<a href='https:\/\/www.riogrande.rs.gov.br\/smed\/wp-content\/uploads\/2018\/06\/20180615-pmrg1.jpg' rel=\"lightbox[26937]\"><img loading=\"lazy\" decoding=\"async\" width=\"150\" height=\"150\" src=\"https:\/\/www.riogrande.rs.gov.br\/smed\/wp-content\/uploads\/2018\/06\/20180615-pmrg1-150x150.jpg\" class=\"attachment-thumbnail size-thumbnail\" alt=\"\" aria-describedby=\"gallery-1-26938\" \/><\/a>\n\t\t\t<\/dt>\n\t\t\t\t<dd class='wp-caption-text gallery-caption' id='gallery-1-26938'>\n\t\t\t\tCr\u00e9dito: Marcos Jatahy\n\t\t\t\t<\/dd><\/dl><dl class='gallery-item'>\n\t\t\t<dt class='gallery-icon landscape'>\n\t\t\t\t<a href='https:\/\/www.riogrande.rs.gov.br\/smed\/wp-content\/uploads\/2018\/06\/20180615-pmrg3.jpg' rel=\"lightbox[26937]\"><img loading=\"lazy\" decoding=\"async\" width=\"150\" height=\"150\" src=\"https:\/\/www.riogrande.rs.gov.br\/smed\/wp-content\/uploads\/2018\/06\/20180615-pmrg3-150x150.jpg\" class=\"attachment-thumbnail size-thumbnail\" alt=\"\" aria-describedby=\"gallery-1-26939\" \/><\/a>\n\t\t\t<\/dt>\n\t\t\t\t<dd class='wp-caption-text gallery-caption' id='gallery-1-26939'>\n\t\t\t\tCr\u00e9dito: Marcos Jatahy\n\t\t\t\t<\/dd><\/dl><dl class='gallery-item'>\n\t\t\t<dt class='gallery-icon landscape'>\n\t\t\t\t<a href='https:\/\/www.riogrande.rs.gov.br\/smed\/wp-content\/uploads\/2018\/06\/20180615-pmrg4.jpg' rel=\"lightbox[26937]\"><img loading=\"lazy\" decoding=\"async\" width=\"150\" height=\"150\" src=\"https:\/\/www.riogrande.rs.gov.br\/smed\/wp-content\/uploads\/2018\/06\/20180615-pmrg4-150x150.jpg\" class=\"attachment-thumbnail size-thumbnail\" alt=\"\" aria-describedby=\"gallery-1-26940\" \/><\/a>\n\t\t\t<\/dt>\n\t\t\t\t<dd class='wp-caption-text gallery-caption' id='gallery-1-26940'>\n\t\t\t\tCr\u00e9dito: Marcos Jatahy\n\t\t\t\t<\/dd><\/dl><br style=\"clear: both\" \/><dl class='gallery-item'>\n\t\t\t<dt class='gallery-icon landscape'>\n\t\t\t\t<a href='https:\/\/www.riogrande.rs.gov.br\/smed\/wp-content\/uploads\/2018\/06\/20180615-pmrg5.jpg' rel=\"lightbox[26937]\"><img loading=\"lazy\" decoding=\"async\" width=\"150\" height=\"150\" src=\"https:\/\/www.riogrande.rs.gov.br\/smed\/wp-content\/uploads\/2018\/06\/20180615-pmrg5-150x150.jpg\" class=\"attachment-thumbnail size-thumbnail\" alt=\"\" aria-describedby=\"gallery-1-26941\" \/><\/a>\n\t\t\t<\/dt>\n\t\t\t\t<dd class='wp-caption-text gallery-caption' id='gallery-1-26941'>\n\t\t\t\tCr\u00e9dito: Marcos Jatahy\n\t\t\t\t<\/dd><\/dl><dl class='gallery-item'>\n\t\t\t<dt class='gallery-icon landscape'>\n\t\t\t\t<a href='https:\/\/www.riogrande.rs.gov.br\/smed\/wp-content\/uploads\/2018\/06\/20180615-pmrg6.jpg' rel=\"lightbox[26937]\"><img loading=\"lazy\" decoding=\"async\" width=\"150\" height=\"150\" src=\"https:\/\/www.riogrande.rs.gov.br\/smed\/wp-content\/uploads\/2018\/06\/20180615-pmrg6-150x150.jpg\" class=\"attachment-thumbnail size-thumbnail\" alt=\"\" aria-describedby=\"gallery-1-26942\" \/><\/a>\n\t\t\t<\/dt>\n\t\t\t\t<dd class='wp-caption-text gallery-caption' id='gallery-1-26942'>\n\t\t\t\tCr\u00e9dito: Marcos Jatahy\n\t\t\t\t<\/dd><\/dl><dl class='gallery-item'>\n\t\t\t<dt class='gallery-icon landscape'>\n\t\t\t\t<a href='https:\/\/www.riogrande.rs.gov.br\/smed\/wp-content\/uploads\/2018\/06\/20180615-pmrg7.jpg' rel=\"lightbox[26937]\"><img loading=\"lazy\" decoding=\"async\" width=\"150\" height=\"150\" src=\"https:\/\/www.riogrande.rs.gov.br\/smed\/wp-content\/uploads\/2018\/06\/20180615-pmrg7-150x150.jpg\" class=\"attachment-thumbnail size-thumbnail\" alt=\"\" aria-describedby=\"gallery-1-26943\" \/><\/a>\n\t\t\t<\/dt>\n\t\t\t\t<dd class='wp-caption-text gallery-caption' id='gallery-1-26943'>\n\t\t\t\tCr\u00e9dito: Marcos Jatahy\n\t\t\t\t<\/dd><\/dl><br style=\"clear: both\" \/>\n\t\t<\/div>\n\n<p>Fonte: <a href=\"http:\/\/www.riogrande.rs.gov.br\/pagina\/index.php\/noticias\/detalhes+3db85b,,escola-bilingue-promove-a-inclusao-atraves-do-esporte.html#.WyP_FPpv9xB\" target=\"_blank\" rel=\"noopener\"><strong>www.riogrande.rs.gov.br<\/strong><\/a><\/p>\n<p style=\"text-align: justify;\">Lutar pela inclus\u00e3o e pelo respeito \u00e0 diferen\u00e7a. Neste sentido, a Prefeitura Municipal do Rio Grande segue avan\u00e7ando, superando desafios e buscando alternativas para melhorar a qualidade de vida das pessoas. Na tarde de hoje (14) o munic\u00edpio deu mais um passo importante, naquela que \u00e9 considerada uma refer\u00eancia nacional na educa\u00e7\u00e3o de pessoas surdas: a Escola Municipal de Educa\u00e7\u00e3o Bil\u00edngue Carmen Regina Teixeira Baldino. A aula inaugural do projeto Jiu-Jitsu sem barreiras, coordenada pela Secretaria de Munic\u00edpio de Turismo, Esporte e Lazer (SMTEL), sob a supervis\u00e3o do mestre Max Lima, tamb\u00e9m servidor da pasta, cativou o p\u00fablico presente, que foi contagiado com a alegria e os sorrisos de pequenos desportistas.<\/p>\n<p><!--more--><\/p>\n<p style=\"text-align: justify;\">Vestidos com seus kimonos, os alunos e alunas da institui\u00e7\u00e3o municipal de ensino deram mostras de que a inclus\u00e3o social tamb\u00e9m \u00e9 poss\u00edvel, atrav\u00e9s do esporte. De acordo com a gestora da SMTEL, Surama Santos, a proposta dialoga com um dos principais eixos do governo municipal, que \u00e9 a inclus\u00e3o. \u201c\u00c9 um projeto que temos trabalhado, de maneira muito minuciosa, desde o final do ano passado e que muito nos alegra estar, hoje, em atividade\u201d, disse. Segundo ela, todo o material necess\u00e1rio para a realiza\u00e7\u00e3o das aulas, como o tatame e os kimonos, foram adquiridos pela pasta e distribu\u00eddos gratuitamente para os estudantes.<\/p>\n<p style=\"text-align: justify;\">A diretora da escola, Cristiane Fernandes, tamb\u00e9m comemorou a iniciativa. \u201cOs surdos sentem muito o impacto da nossa sociedade. S\u00e3o muito participativos, mas se deparam, diversas vezes, com as dificuldades da comunica\u00e7\u00e3o. A execu\u00e7\u00e3o deste projeto dentro da escola \u00e9 um grande ganho para os nossos alunos e alunas, pois proporcionar\u00e1 \u00e0 eles o acesso ao esporte aliado \u00e0 comunica\u00e7\u00e3o, intermediada pela l\u00edngua brasileira de sinais\u201d. De acordo com a diretora, cerca de 40 pessoas ser\u00e3o beneficiadas pelo projeto nesta primeira etapa, com aulas todas as quintas-feiras, das 13h30 \u00e0s 15h30.<\/p>\n<p style=\"text-align: justify;\">O prefeito Alexandre manifestou a sua satisfa\u00e7\u00e3o por mais este avan\u00e7o, agradecendo o empenho e a dedica\u00e7\u00e3o da dire\u00e7\u00e3o, professoras e demais integrantes do projeto. \u201cQuero saudar a todos e todas que se envolveram nesta pauta t\u00e3o significativa para o nosso governo, que \u00e9 a inclus\u00e3o. Quando optamos pela cria\u00e7\u00e3o desta escola, ainda em meados de 2015, atend\u00edamos 12 pessoas, hoje, j\u00e1 s\u00e3o quase 100 e isso \u00e9 muito simb\u00f3lico para n\u00f3s. Que possamos seguir construindo coletivamente e multiplicando essas a\u00e7\u00f5es para outros tantos lugares\u201d, concluiu.<\/p>\n<p style=\"text-align: justify;\">Participaram do ato, ainda, o superintendente da SMTEL, Jorge Neubert, a assessora pedag\u00f3gica das Rela\u00e7\u00f5es \u00c9tnicos-Raciais da Secretaria de Munic\u00edpio da Educa\u00e7\u00e3o, Ingrid Costa, o vice-prefeito, Paulo Renato Mattos Gomes, al\u00e9m de demais autoridades.<\/p>\n","protected":false},"excerpt":{"rendered":"<p>Fonte: www.riogrande.rs.gov.br Lutar pela inclus\u00e3o e pelo respeito \u00e0 diferen\u00e7a. Neste sentido, a Prefeitura Municipal do Rio Grande segue avan\u00e7ando, superando desafios e buscando alternativas para melhorar a qualidade de vida das pessoas. Na tarde de hoje (14) o munic\u00edpio deu mais um passo importante, naquela que \u00e9 considerada uma refer\u00eancia nacional na educa\u00e7\u00e3o de [&hellip;]<\/p>\n","protected":false},"author":7,"featured_media":0,"comment_status":"closed","ping_status":"closed","sticky":false,"template":"","format":"standard","meta":{"footnotes":""},"categories":[1,13],"tags":[],"class_list":["post-26937","post","type-post","status-publish","format-standard","hentry","category-noticias","category-pedagogico"],"_links":{"self":[{"href":"https:\/\/www.riogrande.rs.gov.br\/smed\/index.php?rest_route=\/wp\/v2\/posts\/26937"}],"collection":[{"href":"https:\/\/www.riogrande.rs.gov.br\/smed\/index.php?rest_route=\/wp\/v2\/posts"}],"about":[{"href":"https:\/\/www.riogrande.rs.gov.br\/smed\/index.php?rest_route=\/wp\/v2\/types\/post"}],"author":[{"embeddable":true,"href":"https:\/\/www.riogrande.rs.gov.br\/smed\/index.php?rest_route=\/wp\/v2\/users\/7"}],"replies":[{"embeddable":true,"href":"https:\/\/www.riogrande.rs.gov.br\/smed\/index.php?rest_route=%2Fwp%2Fv2%2Fcomments&post=26937"}],"version-history":[{"count":2,"href":"https:\/\/www.riogrande.rs.gov.br\/smed\/index.php?rest_route=\/wp\/v2\/posts\/26937\/revisions"}],"predecessor-version":[{"id":26945,"href":"https:\/\/www.riogrande.rs.gov.br\/smed\/index.php?rest_route=\/wp\/v2\/posts\/26937\/revisions\/26945"}],"wp:attachment":[{"href":"https:\/\/www.riogrande.rs.gov.br\/smed\/index.php?rest_route=%2Fwp%2Fv2%2Fmedia&parent=26937"}],"wp:term":[{"taxonomy":"category","embeddable":true,"href":"https:\/\/www.riogrande.rs.gov.br\/smed\/index.php?rest_route=%2Fwp%2Fv2%2Fcategories&post=26937"},{"taxonomy":"post_tag","embeddable":true,"href":"https:\/\/www.riogrande.rs.gov.br\/smed\/index.php?rest_route=%2Fwp%2Fv2%2Ftags&post=26937"}],"curies":[{"name":"wp","href":"https:\/\/api.w.org\/{rel}","templated":true}]}}