{"id":26929,"date":"2018-06-14T20:00:24","date_gmt":"2018-06-14T23:00:24","guid":{"rendered":"http:\/\/www.riogrande.rs.gov.br\/smed\/?p=26929"},"modified":"2018-06-14T20:03:32","modified_gmt":"2018-06-14T23:03:32","slug":"26929","status":"publish","type":"post","link":"https:\/\/www.riogrande.rs.gov.br\/smed\/?p=26929","title":{"rendered":"EDUCA\u00c7\u00c3O DE JOVENS E ADULTOS: EMEJA PAULO FREIRE CHEGA \u00c0 COMUNIDADE DA QUER\u00caNCIA"},"content":{"rendered":"\n\t\t<style type=\"text\/css\">\n\t\t\t#gallery-1 {\n\t\t\t\tmargin: auto;\n\t\t\t}\n\t\t\t#gallery-1 .gallery-item {\n\t\t\t\tfloat: left;\n\t\t\t\tmargin-top: 10px;\n\t\t\t\ttext-align: center;\n\t\t\t\twidth: 50%;\n\t\t\t}\n\t\t\t#gallery-1 img {\n\t\t\t\tborder: 2px solid #cfcfcf;\n\t\t\t}\n\t\t\t#gallery-1 .gallery-caption {\n\t\t\t\tmargin-left: 0;\n\t\t\t}\n\t\t\t\/* see gallery_shortcode() in wp-includes\/media.php *\/\n\t\t<\/style>\n\t\t<div id='gallery-1' class='gallery galleryid-26929 gallery-columns-2 gallery-size-thumbnail'><dl class='gallery-item'>\n\t\t\t<dt class='gallery-icon landscape'>\n\t\t\t\t<a href='https:\/\/www.riogrande.rs.gov.br\/smed\/wp-content\/uploads\/2018\/06\/20180614-pmrg1.jpg' rel=\"lightbox[26929]\"><img loading=\"lazy\" decoding=\"async\" width=\"150\" height=\"150\" src=\"https:\/\/www.riogrande.rs.gov.br\/smed\/wp-content\/uploads\/2018\/06\/20180614-pmrg1-150x150.jpg\" class=\"attachment-thumbnail size-thumbnail\" alt=\"\" aria-describedby=\"gallery-1-26932\" \/><\/a>\n\t\t\t<\/dt>\n\t\t\t\t<dd class='wp-caption-text gallery-caption' id='gallery-1-26932'>\n\t\t\t\tCr\u00e9dito: Joanna Vaz\n\t\t\t\t<\/dd><\/dl><dl class='gallery-item'>\n\t\t\t<dt class='gallery-icon landscape'>\n\t\t\t\t<a href='https:\/\/www.riogrande.rs.gov.br\/smed\/wp-content\/uploads\/2018\/06\/20180614-pmrg2.jpg' rel=\"lightbox[26929]\"><img loading=\"lazy\" decoding=\"async\" width=\"150\" height=\"150\" src=\"https:\/\/www.riogrande.rs.gov.br\/smed\/wp-content\/uploads\/2018\/06\/20180614-pmrg2-150x150.jpg\" class=\"attachment-thumbnail size-thumbnail\" alt=\"\" aria-describedby=\"gallery-1-26933\" \/><\/a>\n\t\t\t<\/dt>\n\t\t\t\t<dd class='wp-caption-text gallery-caption' id='gallery-1-26933'>\n\t\t\t\tCr\u00e9dito: Joanna Vaz\n\t\t\t\t<\/dd><\/dl><br style=\"clear: both\" \/><dl class='gallery-item'>\n\t\t\t<dt class='gallery-icon landscape'>\n\t\t\t\t<a href='https:\/\/www.riogrande.rs.gov.br\/smed\/wp-content\/uploads\/2018\/06\/20180614-pmrg3.jpg' rel=\"lightbox[26929]\"><img loading=\"lazy\" decoding=\"async\" width=\"150\" height=\"150\" src=\"https:\/\/www.riogrande.rs.gov.br\/smed\/wp-content\/uploads\/2018\/06\/20180614-pmrg3-150x150.jpg\" class=\"attachment-thumbnail size-thumbnail\" alt=\"\" aria-describedby=\"gallery-1-26934\" \/><\/a>\n\t\t\t<\/dt>\n\t\t\t\t<dd class='wp-caption-text gallery-caption' id='gallery-1-26934'>\n\t\t\t\tCr\u00e9dito: Joanna Vaz\n\t\t\t\t<\/dd><\/dl><dl class='gallery-item'>\n\t\t\t<dt class='gallery-icon landscape'>\n\t\t\t\t<a href='https:\/\/www.riogrande.rs.gov.br\/smed\/wp-content\/uploads\/2018\/06\/20180614-pmrg4.jpg' rel=\"lightbox[26929]\"><img loading=\"lazy\" decoding=\"async\" width=\"150\" height=\"150\" src=\"https:\/\/www.riogrande.rs.gov.br\/smed\/wp-content\/uploads\/2018\/06\/20180614-pmrg4-150x150.jpg\" class=\"attachment-thumbnail size-thumbnail\" alt=\"\" aria-describedby=\"gallery-1-26935\" \/><\/a>\n\t\t\t<\/dt>\n\t\t\t\t<dd class='wp-caption-text gallery-caption' id='gallery-1-26935'>\n\t\t\t\tCr\u00e9dito: Joanna Vaz\n\t\t\t\t<\/dd><\/dl><br style=\"clear: both\" \/>\n\t\t<\/div>\n\n<p style=\"text-align: justify;\">Fonte: <a href=\"http:\/\/www.riogrande.rs.gov.br\/pagina\/index.php\/noticias\/detalhes+3db569,,educacao-de-jovens-e-adultos-emeja-paulo-freire-chega-a-comunidade-da-querencia.html#.WyLzBq0lHGJ\" target=\"_blank\" rel=\"noopener\"><strong>www.riogrande.rs.gov.br<\/strong><\/a><\/p>\n<p style=\"text-align: justify;\">\u201c<strong>Vamos criar uma escola que v\u00e1 ao encontro das demandas da nossa comunidade<\/strong>\u201d, disse o Secret\u00e1rio de Educa\u00e7\u00e3o, Andr\u00e9 Lemes, quando em 2013 nascia \u00e0 ideia da cria\u00e7\u00e3o de um espa\u00e7o que pudesse dar a oportunidade de estudo a todos aqueles que tiveram seu percurso escolar interrompido por algum motivo. Assim nasceu a EMEJA Paulo Freire, uma iniciativa da Prefeitura Municipal, por meio da Secretaria de Munic\u00edpio da Educa\u00e7\u00e3o, que permitiu que a a\u00e7\u00e3o se tornasse uma escola, institu\u00edda por decreto e que hoje comp\u00f5e as 75 escolas da Rede Municipal.<\/p>\n<p><!--more--><\/p>\n<p>&nbsp;<\/p>\n<p style=\"text-align: justify;\">Na noite da \u00faltima quarta-feira (13), foi a vez dos moradores da Quer\u00eancia serem contemplados com a iniciativa. As atividades, que no \u00faltimo dia 5 foram inauguradas na comunidade da Mangueira, na sede da escola Ramiz Galv\u00e3o, agora tamb\u00e9m ser\u00e3o desenvolvidas na Associa\u00e7\u00e3o dos Moradores da Quer\u00eancia e \u00e9 mais um passo para o avan\u00e7o do munic\u00edpio na pol\u00edtica de inclus\u00e3o de jovens e adultos ao ambiente escolar.<\/p>\n<p style=\"text-align: justify;\">Reconhecendo a diversidade cultural e regional, a EMEJA Paulo Freire visa oferecer o direito \u00e0 educa\u00e7\u00e3o para aqueles que n\u00e3o tiveram acesso \u00e0 escola na idade regular ou n\u00e3o puderam dar continuidade \u00e0 escolariza\u00e7\u00e3o. A institui\u00e7\u00e3o acredita que o direito \u00e0 educa\u00e7\u00e3o se realiza efetivamente com acesso e matr\u00edcula que garantam a qualidade do ensino, propondo uma experi\u00eancia educativa constru\u00edda por um coletivo de educadores e educandos, num tempo e espa\u00e7o de possibilidades a todos que tiveram seu percurso escolar interrompido por raz\u00f5es diversas.<\/p>\n<p style=\"text-align: justify;\">O secret\u00e1rio de Educa\u00e7\u00e3o, Andr\u00e9 Lemes, representou o Chefe do Executivo na ocasi\u00e3o e, em sua fala, tamb\u00e9m parabenizou toda a equipe da SMEd pela consolida\u00e7\u00e3o do projeto e pelo trabalho que \u00e9 desenvolvido diariamente em prol da comunidade rio-grandina. Parabenizou em especial a Presidente da Associa\u00e7\u00e3o dos Moradores da Quer\u00eancia, Vani Costa, que segundo ele \u201c<strong>\u00e9 uma pessoa que nunca deixou de acreditar no potencial e de batalhar por aquilo que de fato faz significado na vida de uma pessoa que \u00e9 a educa\u00e7\u00e3o, essa pessoa com todo meu respeito e admira\u00e7\u00e3o \u00e9 a senhora Vani<\/strong>\u201d, finalizou.<\/p>\n<p style=\"text-align: justify;\">Al\u00e9m dos j\u00e1 citados, estiveram presentes no evento a representante do Programa de Aux\u00edlio ao Ingresso nos Ensinos T\u00e9cnico e Superior (Paiets) da FURG, Daiane Ferreira, a diretora da EMEJA Paulo Freire, Fl\u00e1via Gonzales, a representante da C\u00e2mara de Vereadores, professora Denise Marques, a Vice-Presidente do Conselho Municipal de Educa\u00e7\u00e3o, Rosana Farrius, al\u00e9m de vereadores, alunos da escola e familiares.<\/p>\n","protected":false},"excerpt":{"rendered":"<p>Fonte: www.riogrande.rs.gov.br \u201cVamos criar uma escola que v\u00e1 ao encontro das demandas da nossa comunidade\u201d, disse o Secret\u00e1rio de Educa\u00e7\u00e3o, Andr\u00e9 Lemes, quando em 2013 nascia \u00e0 ideia da cria\u00e7\u00e3o de um espa\u00e7o que pudesse dar a oportunidade de estudo a todos aqueles que tiveram seu percurso escolar interrompido por algum motivo. Assim nasceu a [&hellip;]<\/p>\n","protected":false},"author":7,"featured_media":0,"comment_status":"closed","ping_status":"closed","sticky":false,"template":"","format":"standard","meta":{"footnotes":""},"categories":[1],"tags":[],"class_list":["post-26929","post","type-post","status-publish","format-standard","hentry","category-noticias"],"_links":{"self":[{"href":"https:\/\/www.riogrande.rs.gov.br\/smed\/index.php?rest_route=\/wp\/v2\/posts\/26929"}],"collection":[{"href":"https:\/\/www.riogrande.rs.gov.br\/smed\/index.php?rest_route=\/wp\/v2\/posts"}],"about":[{"href":"https:\/\/www.riogrande.rs.gov.br\/smed\/index.php?rest_route=\/wp\/v2\/types\/post"}],"author":[{"embeddable":true,"href":"https:\/\/www.riogrande.rs.gov.br\/smed\/index.php?rest_route=\/wp\/v2\/users\/7"}],"replies":[{"embeddable":true,"href":"https:\/\/www.riogrande.rs.gov.br\/smed\/index.php?rest_route=%2Fwp%2Fv2%2Fcomments&post=26929"}],"version-history":[{"count":3,"href":"https:\/\/www.riogrande.rs.gov.br\/smed\/index.php?rest_route=\/wp\/v2\/posts\/26929\/revisions"}],"predecessor-version":[{"id":26936,"href":"https:\/\/www.riogrande.rs.gov.br\/smed\/index.php?rest_route=\/wp\/v2\/posts\/26929\/revisions\/26936"}],"wp:attachment":[{"href":"https:\/\/www.riogrande.rs.gov.br\/smed\/index.php?rest_route=%2Fwp%2Fv2%2Fmedia&parent=26929"}],"wp:term":[{"taxonomy":"category","embeddable":true,"href":"https:\/\/www.riogrande.rs.gov.br\/smed\/index.php?rest_route=%2Fwp%2Fv2%2Fcategories&post=26929"},{"taxonomy":"post_tag","embeddable":true,"href":"https:\/\/www.riogrande.rs.gov.br\/smed\/index.php?rest_route=%2Fwp%2Fv2%2Ftags&post=26929"}],"curies":[{"name":"wp","href":"https:\/\/api.w.org\/{rel}","templated":true}]}}