{"id":26922,"date":"2018-06-14T16:31:04","date_gmt":"2018-06-14T19:31:04","guid":{"rendered":"http:\/\/www.riogrande.rs.gov.br\/smed\/?p=26922"},"modified":"2018-06-14T16:31:04","modified_gmt":"2018-06-14T19:31:04","slug":"grupo-de-hip-hop-da-emef-dolores-garcia-apresentou-se-na-26a-fenadoce","status":"publish","type":"post","link":"https:\/\/www.riogrande.rs.gov.br\/smed\/?p=26922","title":{"rendered":"Grupo de Hip Hop da EMEF Dolores garcia apresentou-se na 26\u00aa Fenadoce"},"content":{"rendered":"\n\t\t<style type=\"text\/css\">\n\t\t\t#gallery-1 {\n\t\t\t\tmargin: auto;\n\t\t\t}\n\t\t\t#gallery-1 .gallery-item {\n\t\t\t\tfloat: left;\n\t\t\t\tmargin-top: 10px;\n\t\t\t\ttext-align: center;\n\t\t\t\twidth: 33%;\n\t\t\t}\n\t\t\t#gallery-1 img {\n\t\t\t\tborder: 2px solid #cfcfcf;\n\t\t\t}\n\t\t\t#gallery-1 .gallery-caption {\n\t\t\t\tmargin-left: 0;\n\t\t\t}\n\t\t\t\/* see gallery_shortcode() in wp-includes\/media.php *\/\n\t\t<\/style>\n\t\t<div id='gallery-1' class='gallery galleryid-26922 gallery-columns-3 gallery-size-thumbnail'><dl class='gallery-item'>\n\t\t\t<dt class='gallery-icon landscape'>\n\t\t\t\t<a href='https:\/\/www.riogrande.rs.gov.br\/smed\/wp-content\/uploads\/2018\/06\/20180614-ped-dolores-image1.jpg' rel=\"lightbox[26922]\"><img loading=\"lazy\" decoding=\"async\" width=\"150\" height=\"150\" src=\"https:\/\/www.riogrande.rs.gov.br\/smed\/wp-content\/uploads\/2018\/06\/20180614-ped-dolores-image1-150x150.jpg\" class=\"attachment-thumbnail size-thumbnail\" alt=\"\" aria-describedby=\"gallery-1-26923\" \/><\/a>\n\t\t\t<\/dt>\n\t\t\t\t<dd class='wp-caption-text gallery-caption' id='gallery-1-26923'>\n\t\t\t\tDivulga\u00e7\u00e3o\n\t\t\t\t<\/dd><\/dl><dl class='gallery-item'>\n\t\t\t<dt class='gallery-icon landscape'>\n\t\t\t\t<a href='https:\/\/www.riogrande.rs.gov.br\/smed\/wp-content\/uploads\/2018\/06\/20180614-ped-dolores-image2.jpg' rel=\"lightbox[26922]\"><img loading=\"lazy\" decoding=\"async\" width=\"150\" height=\"150\" src=\"https:\/\/www.riogrande.rs.gov.br\/smed\/wp-content\/uploads\/2018\/06\/20180614-ped-dolores-image2-150x150.jpg\" class=\"attachment-thumbnail size-thumbnail\" alt=\"\" aria-describedby=\"gallery-1-26924\" \/><\/a>\n\t\t\t<\/dt>\n\t\t\t\t<dd class='wp-caption-text gallery-caption' id='gallery-1-26924'>\n\t\t\t\tDivulga\u00e7\u00e3o\n\t\t\t\t<\/dd><\/dl><dl class='gallery-item'>\n\t\t\t<dt class='gallery-icon landscape'>\n\t\t\t\t<a href='https:\/\/www.riogrande.rs.gov.br\/smed\/wp-content\/uploads\/2018\/06\/20180614-ped-dolores-image3.jpg' rel=\"lightbox[26922]\"><img loading=\"lazy\" decoding=\"async\" width=\"150\" height=\"150\" src=\"https:\/\/www.riogrande.rs.gov.br\/smed\/wp-content\/uploads\/2018\/06\/20180614-ped-dolores-image3-150x150.jpg\" class=\"attachment-thumbnail size-thumbnail\" alt=\"\" aria-describedby=\"gallery-1-26925\" \/><\/a>\n\t\t\t<\/dt>\n\t\t\t\t<dd class='wp-caption-text gallery-caption' id='gallery-1-26925'>\n\t\t\t\tDivulga\u00e7\u00e3o\n\t\t\t\t<\/dd><\/dl><br style=\"clear: both\" \/>\n\t\t<\/div>\n\n<p style=\"text-align: justify;\">Na tarde do dia <b>12 de junho<\/b>, o Grupo de <i>Hip Hop<\/i> da Escola Municipal de Ensino Fundamental <b>Dolores Garcia<\/b>, a convite da Associa\u00e7\u00e3o Cultural \u201c<b>Rio Grande em A\u00e7\u00e3o<\/b>\u201d, apresentou-se no Palco Principal da <b>26\u00aa<\/b> <b>Fenadoce<\/b>, em Pelotas, acompanhados pelo Professor Lucas Goulart e pela coordenadora do \u201cPrograma Novo Mais Educa\u00e7\u00e3o\u201d da escola, a Professora Lucenir Pereira Machado.<\/p>\n<p style=\"text-align: justify;\"><!--more--><\/p>\n<p>&nbsp;<\/p>\n<p style=\"text-align: justify;\">A Associa\u00e7\u00e3o Cultural \u201c<b>Rio Grande em A\u00e7\u00e3o<\/b>\u201d \u00e9 um Projeto Sociocultural sem fins Lucrativos que h\u00e1 mais de 7 (sete) anos atende crian\u00e7as, crian\u00e7as especiais, jovens e maturidade da cidade do Rio Grande. Hoje, a Associa\u00e7\u00e3o atende aproximadamente 9 (nove) escolas da rede p\u00fablica municipal de ensino de Rio Grande, e j\u00e1 transformou a vida de mais de 3.500 (tr\u00eas mil e quinhentas) crian\u00e7as s\u00f3 em nosso Munic\u00edpio.<\/p>\n<p style=\"text-align: justify;\">Atualmente, a associa\u00e7\u00e3o \u00e9 patrocinada pelo Grupo NC, atrav\u00e9s do BNDES, apoiada pela Prefeitura Municipal do Rio Grande e Secretaria de Munic\u00edpio da Educa\u00e7\u00e3o. Tem como objetivo principal fornecer possibilidades de crescimento social, cultural e intelectual aos seus alunos.<\/p>\n<p>&nbsp;<\/p>\n<p style=\"text-align: right;\"><em>SMEd<\/em><br \/>\n<em>Roberton Reis<\/em><br \/>\n<em>Com informa\u00e7\u00f5es da EMEF Dolores Garcia<\/em><\/p>\n","protected":false},"excerpt":{"rendered":"<p>Na tarde do dia 12 de junho, o Grupo de Hip Hop da Escola Municipal de Ensino Fundamental Dolores Garcia, a convite da Associa\u00e7\u00e3o Cultural \u201cRio Grande em A\u00e7\u00e3o\u201d, apresentou-se no Palco Principal da 26\u00aa Fenadoce, em Pelotas, acompanhados pelo Professor Lucas Goulart e pela coordenadora do \u201cPrograma Novo Mais Educa\u00e7\u00e3o\u201d da escola, a Professora [&hellip;]<\/p>\n","protected":false},"author":7,"featured_media":0,"comment_status":"closed","ping_status":"closed","sticky":false,"template":"","format":"standard","meta":{"footnotes":""},"categories":[1,13],"tags":[],"class_list":["post-26922","post","type-post","status-publish","format-standard","hentry","category-noticias","category-pedagogico"],"_links":{"self":[{"href":"https:\/\/www.riogrande.rs.gov.br\/smed\/index.php?rest_route=\/wp\/v2\/posts\/26922"}],"collection":[{"href":"https:\/\/www.riogrande.rs.gov.br\/smed\/index.php?rest_route=\/wp\/v2\/posts"}],"about":[{"href":"https:\/\/www.riogrande.rs.gov.br\/smed\/index.php?rest_route=\/wp\/v2\/types\/post"}],"author":[{"embeddable":true,"href":"https:\/\/www.riogrande.rs.gov.br\/smed\/index.php?rest_route=\/wp\/v2\/users\/7"}],"replies":[{"embeddable":true,"href":"https:\/\/www.riogrande.rs.gov.br\/smed\/index.php?rest_route=%2Fwp%2Fv2%2Fcomments&post=26922"}],"version-history":[{"count":1,"href":"https:\/\/www.riogrande.rs.gov.br\/smed\/index.php?rest_route=\/wp\/v2\/posts\/26922\/revisions"}],"predecessor-version":[{"id":26926,"href":"https:\/\/www.riogrande.rs.gov.br\/smed\/index.php?rest_route=\/wp\/v2\/posts\/26922\/revisions\/26926"}],"wp:attachment":[{"href":"https:\/\/www.riogrande.rs.gov.br\/smed\/index.php?rest_route=%2Fwp%2Fv2%2Fmedia&parent=26922"}],"wp:term":[{"taxonomy":"category","embeddable":true,"href":"https:\/\/www.riogrande.rs.gov.br\/smed\/index.php?rest_route=%2Fwp%2Fv2%2Fcategories&post=26922"},{"taxonomy":"post_tag","embeddable":true,"href":"https:\/\/www.riogrande.rs.gov.br\/smed\/index.php?rest_route=%2Fwp%2Fv2%2Ftags&post=26922"}],"curies":[{"name":"wp","href":"https:\/\/api.w.org\/{rel}","templated":true}]}}