{"id":26919,"date":"2018-06-14T14:57:55","date_gmt":"2018-06-14T17:57:55","guid":{"rendered":"http:\/\/www.riogrande.rs.gov.br\/smed\/?p=26919"},"modified":"2018-06-14T14:57:55","modified_gmt":"2018-06-14T17:57:55","slug":"smed-promove-encontro-de-formacao-para-atendentes-auxiliares-de-educacao-infantil","status":"publish","type":"post","link":"https:\/\/www.riogrande.rs.gov.br\/smed\/?p=26919","title":{"rendered":"SMEd promove Encontro de Forma\u00e7\u00e3o para Atendentes\/Auxiliares de Educa\u00e7\u00e3o Infantil"},"content":{"rendered":"<p style=\"text-align: justify;\">A Secretaria de Munic\u00edpio da Educa\u00e7\u00e3o de Rio Grande (SMEd), atrav\u00e9s do N\u00facleo de Educa\u00e7\u00e3o Infantil, promover\u00e1, no pr\u00f3ximo s\u00e1bado, dia <b>16 de junho<\/b>, <b>das 8h30min \u00e0s 11h30min<\/b>, no Anfiteatro do <b>Centro de Conv\u00edvio Meninos do Mar<\/b> (CCMar), que est\u00e1 localizado na rua Visconde de Paranagu\u00e1, n\u00ba 24, Centro, Encontro de Forma\u00e7\u00e3o para <b>Atendentes\/Auxiliares <\/b>de Educa\u00e7\u00e3o Infantil, que atuam nas escolas da rede p\u00fablica municipal de ensino.<\/p>\n<p style=\"text-align: justify;\"><!--more--><\/p>\n<p style=\"text-align: justify;\">De acordo com a coordenadora do N\u00facleo de Educa\u00e7\u00e3o Infantil, Rafaela Pinto Gasso, \u201c<b>o Encontro Formativo visa estabelecer um espa\u00e7o de discuss\u00e3o e reflex\u00e3o sobre as pr\u00e1ticas cotidianas desenvolvidas nas escolas, e qualificar as intera\u00e7\u00f5es e experi\u00eancias vivenciadas com as crian\u00e7as<\/b>\u201d.<\/p>\n<p>&nbsp;<\/p>\n<p style=\"text-align: right;\"><em>SMEd<\/em><br \/>\n<em>Roberton Reis<\/em><br \/>\n<em>Com informa\u00e7\u00f5es do N\u00facleo de Educa\u00e7\u00e3o Infantil<\/em><\/p>\n","protected":false},"excerpt":{"rendered":"<p>A Secretaria de Munic\u00edpio da Educa\u00e7\u00e3o de Rio Grande (SMEd), atrav\u00e9s do N\u00facleo de Educa\u00e7\u00e3o Infantil, promover\u00e1, no pr\u00f3ximo s\u00e1bado, dia 16 de junho, das 8h30min \u00e0s 11h30min, no Anfiteatro do Centro de Conv\u00edvio Meninos do Mar (CCMar), que est\u00e1 localizado na rua Visconde de Paranagu\u00e1, n\u00ba 24, Centro, Encontro de Forma\u00e7\u00e3o para Atendentes\/Auxiliares de [&hellip;]<\/p>\n","protected":false},"author":7,"featured_media":0,"comment_status":"closed","ping_status":"closed","sticky":false,"template":"","format":"standard","meta":{"footnotes":""},"categories":[1,13],"tags":[],"class_list":["post-26919","post","type-post","status-publish","format-standard","hentry","category-noticias","category-pedagogico"],"_links":{"self":[{"href":"https:\/\/www.riogrande.rs.gov.br\/smed\/index.php?rest_route=\/wp\/v2\/posts\/26919"}],"collection":[{"href":"https:\/\/www.riogrande.rs.gov.br\/smed\/index.php?rest_route=\/wp\/v2\/posts"}],"about":[{"href":"https:\/\/www.riogrande.rs.gov.br\/smed\/index.php?rest_route=\/wp\/v2\/types\/post"}],"author":[{"embeddable":true,"href":"https:\/\/www.riogrande.rs.gov.br\/smed\/index.php?rest_route=\/wp\/v2\/users\/7"}],"replies":[{"embeddable":true,"href":"https:\/\/www.riogrande.rs.gov.br\/smed\/index.php?rest_route=%2Fwp%2Fv2%2Fcomments&post=26919"}],"version-history":[{"count":1,"href":"https:\/\/www.riogrande.rs.gov.br\/smed\/index.php?rest_route=\/wp\/v2\/posts\/26919\/revisions"}],"predecessor-version":[{"id":26920,"href":"https:\/\/www.riogrande.rs.gov.br\/smed\/index.php?rest_route=\/wp\/v2\/posts\/26919\/revisions\/26920"}],"wp:attachment":[{"href":"https:\/\/www.riogrande.rs.gov.br\/smed\/index.php?rest_route=%2Fwp%2Fv2%2Fmedia&parent=26919"}],"wp:term":[{"taxonomy":"category","embeddable":true,"href":"https:\/\/www.riogrande.rs.gov.br\/smed\/index.php?rest_route=%2Fwp%2Fv2%2Fcategories&post=26919"},{"taxonomy":"post_tag","embeddable":true,"href":"https:\/\/www.riogrande.rs.gov.br\/smed\/index.php?rest_route=%2Fwp%2Fv2%2Ftags&post=26919"}],"curies":[{"name":"wp","href":"https:\/\/api.w.org\/{rel}","templated":true}]}}